{"id":24843,"date":"2023-09-02T15:00:00","date_gmt":"2023-09-02T13:00:00","guid":{"rendered":"http:\/\/www.franciszek-walcz.pl\/?p=24843"},"modified":"2023-09-02T15:20:29","modified_gmt":"2023-09-02T13:20:29","slug":"krzyz-codzienna-droga","status":"publish","type":"post","link":"http:\/\/www.franciszek-walcz.pl\/?p=24843","title":{"rendered":"Krzy\u017c \u2013 codzienn\u0105 drog\u0105"},"content":{"rendered":"<p class=\"western\" align=\"left\"><span style=\"color: #000000;\"><span style=\"font-family: Merriweather;\"><span style=\"font-size: large;\"><b><span style=\"color: #ffffff;\">Tekst Ewangelii (<\/span><\/b><\/span><\/span><\/span><span style=\"color: #ffffff;\"><span style=\"font-family: Merriweather;\"><span style=\"font-size: large;\"><i><b>Mt<\/b><\/i><\/span><\/span><span style=\"font-family: Merriweather;\"><span style=\"font-size: large;\"><b>\u00a016,21-27):<\/b><\/span><\/span><span style=\"font-family: Merriweather;\"><span style=\"font-size: large;\">\u00a0Odt\u0105d zacz\u0105\u0142 Jezus wskazywa\u0107 swoim uczniom na to, \u017ce musi i\u015b\u0107 do Jerozolimy i wiele cierpie\u0107 od starszych i arcykap\u0142an\u00f3w, i uczonych w Pi\u015bmie; \u017ce b\u0119dzie zabity i trzeciego dnia zmartwychwstanie. A Piotr wzi\u0105\u0142 Go na bok i pocz\u0105\u0142 robi\u0107 Mu wyrzuty: \u00abPanie, niech Ci\u0119 B\u00f3g broni! Nie przyjdzie to nigdy na Ciebie\u00bb. Lecz On odwr\u00f3ci\u0142 si\u0119 i rzek\u0142 do Piotra: \u00abZejd\u017a Mi z oczu, szatanie! Jeste\u015b Mi zawad\u0105, bo my\u015blisz nie na spos\u00f3b Bo\u017cy, lecz na ludzki\u00bb.<\/span><\/span><\/span><\/p>\n<p>Wtedy Jezus rzek\u0142 do swoich uczni\u00f3w: \u00abJe\u015bli kto chce p\u00f3j\u015b\u0107 za Mn\u0105, niech si\u0119 zaprze samego siebie, niech we\u017amie krzy\u017c sw\u00f3j i niech Mnie na\u015bladuje. Bo kto chce zachowa\u0107 swoje \u017cycie, straci je; a kto straci swe \u017cycie z mego powodu, znajdzie je. C\u00f3\u017c bowiem za korzy\u015b\u0107 odniesie cz\u0142owiek, cho\u0107by ca\u0142y \u015bwiat zyska\u0142, a na swej duszy szkod\u0119 poni\u00f3s\u0142? Albo co da cz\u0142owiek w zamian za swoj\u0105 dusz\u0119? Albowiem Syn Cz\u0142owieczy przyjdzie w chwale Ojca swego razem z anio\u0142ami swoimi, i wtedy odda ka\u017cdemu wed\u0142ug jego post\u0119powania. Zaprawd\u0119, powiadam wam: Niekt\u00f3rzy z tych, co tu stoj\u0105, nie zaznaj\u0105 \u015bmierci, a\u017c ujrz\u0105 Syna Cz\u0142owieczego, przychodz\u0105cego w kr\u00f3lestwie swoim\u00bb<\/p>\n<p class=\"western\" align=\"left\"><span style=\"color: #ffffff;\"><span style=\"font-family: Georgia;\"><span style=\"font-size: xx-large;\"><i><b>Krzy\u017c \u2013 codzienn\u0105 drog\u0105<\/b><\/i><\/span><\/span><\/span><\/p>\n<p class=\"western\" align=\"left\"><span style=\"color: #ffffff;\"> <span style=\"font-family: Merriweather;\"><span style=\"font-size: large;\"><i><b>\u00abJe\u015bli kto chce p\u00f3j\u015b\u0107 za Mn\u0105, niech si\u0119 zaprze samego siebie, niech we\u017amie krzy\u017c sw\u00f3j niech Mnie na\u015bladuje\u00bb<\/b><\/i><\/span><\/span><\/span><\/p>\n<p class=\"western\" align=\"left\"><span style=\"font-size: large;\">Jedn\u0105 z g\u0142\u00f3wnych ludzkich potrzeb jest potrzeba przetrwania. Znamy r\u00f3\u017cne historie, kt\u00f3re udowadniaj\u0105, \u017ce ludzki organizm mo\u017ce obudzi\u0107 w sobie nieznane pok\u0142ady si\u0142y i energii, aby przetrwa\u0107 nawet najtrudniejsze sytuacje zagra\u017caj\u0105ce \u017cyciu.<\/span><\/p>\n<p class=\"western\" align=\"left\"><span style=\"font-size: large;\">Wiemy r\u00f3wnie\u017c , \u017ce zdarzaj\u0105 si\u0119 w \u017cyciu wydarzenia, kiedy bardzo d\u0142ugo i powa\u017cnie zastanawiamy si\u0119, w jaki spos\u00f3b mamy komu\u015b o nich powiedzie\u0107 np. gdy musimy si\u0119 podda\u0107 powa\u017cnej i bolesnej operacji. Wiemy, \u017ce b\u0119dziemy musieli przej\u015b\u0107 przez trud, i nawet je\u015bli przewidujemy, \u017ce ostatecznie wszystko dobrze si\u0119 zako\u0144czy, to i tak szukamy odpowiedniego momentu, tworzymy klimat spotkania, by komu\u015b przybli\u017cy\u0107 nasz\u0105 sytuacj\u0119.<\/span><\/p>\n<p class=\"western\" align=\"left\"><span style=\"font-size: large;\">Tak samo by\u0142o z Jezusem i Jego uczniami. Jezus po latach wsp\u00f3lnego i codziennego przebywania z nimi postanawia po raz pierwszy powiedzie\u0107 im, \u017ce wsp\u00f3lnie id\u0105 do Jerozolimy, a tam ich Pan b\u0119dzie b\u0119dzie cierpia\u0142 i zostanie zabity. Ca\u0142a ta wypowied\u017a ko\u0144czy si\u0119 jednak optymistyczn\u0105 prawd\u0105, \u017ce to wszystko zmierza do Jego zmartwychwstania. <\/span><\/p>\n<p class=\"western\" align=\"left\"><span style=\"font-size: large;\">\u015awi\u0119ty Piotr niejako instynktownie reaguje na te zapowiedzi i stwierdza, \u017ce nie pozwoli w ten spos\u00f3b umrze\u0107 Panu Jezusowi. W pierwszej chwili reakcj\u0119 \u015bw. Piotra nale\u017ca\u0142oby oceni\u0107 pozytywnie. Pragnie, aby jego Mistrz \u017cy\u0142 jak najd\u0142u\u017cej i aby dobrze Mu si\u0119 powodzi\u0142o. Jednak reakcja Pana Jezusa jest zaskakuj\u0105co inna. Bardzo zdecydowanie gani \u015bw. Piotra i por\u00f3wnuje jego spos\u00f3b my\u015blenia do szata\u0144skiego. C\u00f3\u017c ma znaczy\u0107 takie podej\u015bcie do sprawy? Czego Pan Jezus chce nas nauczy\u0107 poprzez swoje zachowanie?<\/span><\/p>\n<p class=\"western\" align=\"left\"><span style=\"font-size: large;\">Po pierwsze, Jezus wskazuje, \u017ce to On jest Panem swojego \u017cycia. \u017be \u015bmier\u0107, kt\u00f3r\u0105 zapowiada, nie jest Mu narzucona, ale On sam na ni\u0105 si\u0119 zgadza. Nie oznacza to, \u017ce post\u0119puje tak, aby sprowokowa\u0107 kogo\u015b do ukrzy\u017cowania Go. Wr\u0119cz przeciwnie, On czyni\u0142 tylko dobro i nikogo nie chcia\u0142 skrzywdzi\u0107, aby mie\u0107 ponie\u015b\u0107 tak surow\u0105 kar\u0119, jak\u0105 by\u0142o ukrzy\u017cowanie. Maj\u0105c jednak jakie\u015b pok\u0142ady Boskiej wszechwiedzy w swojej ludzkiej samo\u015bwiadomo\u015bci odkrywa\u0142 z czasem, \u017ce celem Jego ziemskiej w\u0119dr\u00f3wki jest krzy\u017c \u2013 odkupie\u0144cza \u015bmier\u0107. Zdaj\u0105c sobie z tego spraw\u0119, z odwag\u0105 stawia\u0142 czo\u0142a tej bolesnej przysz\u0142o\u015bci. M\u00f3wi\u0105c o niej uczniom, nie chcia\u0142, aby przeciwdzia\u0142ali zapowiadanemu biegowi wydarze\u0144. Rozumia\u0142, \u017ce s\u0105 one cz\u0119\u015bci\u0105 historii zbawienia i jako takie musz\u0105 si\u0119 wydarzy\u0107.<\/span><\/p>\n<p class=\"western\" align=\"left\"><span style=\"font-size: large;\">Po drugie, Pan Jezus by\u0142 doskonale pos\u0142uszny swojemu Ojcu i takiego pos\u0142usze\u0144stwa uczy\u0142 i wymaga\u0142 od swoich uczni\u00f3w. Dzi\u015b w tym odwa\u017cnym i zdecydowanym zganieniu \u015bw. Piotra dobrze to widzimy. Sformu\u0142owanie\u00a0zejd\u017a mi z oczu szatanie, jest niejako na jednym oddechu \u00a0bo nie my\u015blisz po Bo\u017cemu\u00a0(por. Mt 16, 23). <\/span><\/p>\n<p class=\"western\" align=\"left\"><span style=\"font-size: large;\">S\u0142owa\u00a0zjed\u017a mi z oczu\u00a0 oznaczaj\u0105 sta\u0144 za mn\u0105. Zajmij w\u0142a\u015bciwe miejsce. W\u0142a\u015bciwym dla ka\u017cdego cz\u0142owieka jest miejsce za Bogiem. Cz\u0142owiek nie powinien chcie\u0107 zajmowa\u0107 pozycji, kt\u00f3ra nale\u017cy si\u0119 Bogu. Pragnienie bycia jak B\u00f3g, jest pragnieniem diabelskim. To szatan chce przej\u0105\u0107 Boskie prerogatywy. Jezus nazywa Piotra szatanem, poniewa\u017c ten chce poprawia\u0107 Bo\u017ce rozporz\u0105dzenia, kt\u00f3re Jezus z wielkim namaszczeniem komunikuje, objawia swoim uczniom.<\/span><\/p>\n<p class=\"western\" align=\"left\"><span style=\"font-size: large;\">Nauka, kt\u00f3r\u0105 \u015bw. Piotr otrzyma\u0142 od Jezusa, jest w dzisiejszej Ewangelii podana te\u017c w drugiej cz\u0119\u015bci odczytanej perykopy.\u00a0Je\u015bli kto\u015b chce p\u00f3j\u015b\u0107 za Mn\u0105, niech si\u0119 zaprze samego siebie, niech we\u017amie krzy\u017c sw\u00f3j i niech Mnie na\u015bladuje\u00a0(Mt 16, 24). Jest to trudna nauka do przyj\u0119cia , mamy w sobie bardzo mocny instynkt przetrwania.<\/span><\/p>\n<p class=\"western\" align=\"left\"><span style=\"font-size: large;\">Nie jest nam \u0142atwo zrozumie\u0107, \u017ce ocalenie \u017cycia fizycznego nie zawsze jest najlepszym rozwi\u0105zaniem. S\u0105 takie sytuacje w naszym \u017cyciu, kiedy trzeba by\u0107 gotowym na oddanie swojego \u017cycia, aby m\u00f3c \u017cy\u0107 wiecznie w niebie.<\/span><\/p>\n<p class=\"western\" align=\"left\"><span style=\"font-size: large;\">Joanna BerettaMolla urodzi\u0142a si\u0119 niedaleko Mediolanu, w 1922 roku. Studiowa\u0142a medycyn\u0119. Po uko\u0144czeniu studi\u00f3w, pracowa\u0142a jako lekarz, skupiaj\u0105c si\u0119 na opiece nad matkami i dzie\u0107mi.<\/span><\/p>\n<p class=\"western\" align=\"left\"><span style=\"font-size: large;\">Jednak to, co uczyni\u0142o j\u0105 s\u0142awn\u0105 i ko\u0144cowo doprowadzi\u0142o do jej kanonizacji, to jej wyb\u00f3r i ofiara dla rodziny. We wrze\u015bniu 1961 roku, pod koniec drugiego miesi\u0105ca ci\u0105\u017cy, okaza\u0142o si\u0119, \u017ce w organizmie Joanny rozwin\u0105\u0142 si\u0119 w\u0142\u00f3kniak, kt\u00f3ry zagra\u017ca\u0142 rozwijaj\u0105cemu si\u0119 dziecku i \u017cyciu matki. <\/span><\/p>\n<p class=\"western\" align=\"left\"><span style=\"font-size: large;\">Mimo wskaza\u0144 medycznych do przerwania ci\u0105\u017cy, Joanna zdecydowa\u0142a si\u0119 donosi\u0107 j\u0105 do ko\u0144ca. Wiedzia\u0142a, zw\u0142aszcza jako lekarz, \u017ce stan jest powa\u017cny. Zdawa\u0142a sobie spraw\u0119 z gro\u017c\u0105cego niebezpiecze\u0144stwa. Od pocz\u0105tku stanowczo domaga\u0142a si\u0119 ratowania \u017cycia dziecka za wszelk\u0105 cen\u0119. Operacja usuni\u0119cia w\u0142\u00f3kniaka uda\u0142a si\u0119, dziecko mog\u0142o rosn\u0105\u0107 bez przeszk\u00f3d, ale stan zdrowia matki pogorszy\u0142 si\u0119. <\/span><\/p>\n<p class=\"western\" align=\"left\"><span style=\"font-size: large;\">By\u0142 to trudny czas dla ca\u0142ej rodziny. Mimo gor\u0105cych modlitw o ocalenie matki i dziecka, B\u00f3g zdecydowa\u0142 inaczej. 20 kwietnia 1962 roku, w Wielki Pi\u0105tek, Joanna przyjecha\u0142a do szpitala. <\/span><\/p>\n<p class=\"western\" align=\"left\"><span style=\"font-size: large;\">Nazajutrz rano urodzi\u0142a zdrow\u0105, pi\u0119kn\u0105 c\u00f3reczk\u0119, ale sama znalaz\u0142a si\u0119 w agonii. Tydzie\u0144 p\u00f3\u017aniej \u2013 28 kwietnia 1962 roku zmar\u0142a. Odda\u0142a swoje \u017cycie za dziecko, by mog\u0142o si\u0119 bezpiecznie urodzi\u0107. Mia\u0142a nieca\u0142e 40 lat. Jej ofiara dla \u017cycia dziecka, mimo ryzyka dla siebie, by\u0142a uwa\u017cana za akt heroicznej mi\u0142o\u015bci i po\u015bwi\u0119cenia.<\/span><\/p>\n<p class=\"western\" align=\"left\"><span style=\"font-size: large;\">Joanna BerettaMolla zosta\u0142a beatyfikowana przez papie\u017ca Jana Paw\u0142a II w 1994 roku, a nast\u0119pnie kanonizowana w 2004 roku.<\/span><\/p>\n<p class=\"western\" align=\"left\"><span style=\"font-size: large;\">Jej historia sta\u0142a si\u0119 inspiracj\u0105 dla wielu ludzi na ca\u0142ym \u015bwiecie, kt\u00f3rzy szukaj\u0105 przyk\u0142adu po\u015bwi\u0119cenia, rodzicielskiej mi\u0142o\u015bci i odwagi w obliczu trudnych wybor\u00f3w \u017cyciowych .<\/span><\/p>\n<p class=\"western\" align=\"left\"><span style=\"font-size: large;\">Poddanie si\u0119 Bo\u017cym rozporz\u0105dzeniom wobec naszego \u017cycia, jest powa\u017cnym wyzwaniem dla nas ludzi. Widzimy to, patrz\u0105c na ewangeliczn\u0105 scen\u0119 rozmowy Jezusa z Piotrem.\u00a0Nie rezygnujmy jednak z bycia poddanymi Bogu .<\/span><\/p>\n","protected":false},"excerpt":{"rendered":"<p>Tekst Ewangelii (Mt\u00a016,21-27):\u00a0Odt\u0105d zacz\u0105\u0142 Jezus wskazywa\u0107 swoim uczniom na to, \u017ce musi i\u015b\u0107 do Jerozolimy i wiele cierpie\u0107 od starszych i arcykap\u0142an\u00f3w, i uczonych w Pi\u015bmie; \u017ce b\u0119dzie zabity i trzeciego dnia zmartwychwstanie. A Piotr wzi\u0105\u0142 Go na bok i pocz\u0105\u0142 robi\u0107 Mu wyrzuty: \u00abPanie, niech Ci\u0119 B\u00f3g broni! Nie przyjdzie to nigdy na Ciebie\u00bb. Lecz On odwr\u00f3ci\u0142 si\u0119 i rzek\u0142 do Piotra: \u00abZejd\u017a Mi z oczu, szatanie! Jeste\u015b Mi zawad\u0105, bo my\u015blisz nie na spos\u00f3b Bo\u017cy, lecz na ludzki\u00bb. Wtedy Jezus rzek\u0142 do swoich uczni\u00f3w: \u00abJe\u015bli kto chce p\u00f3j\u015b\u0107 za Mn\u0105, niech si\u0119 zaprze samego siebie, niech we\u017amie krzy\u017c sw\u00f3j i niech Mnie na\u015bladuje. Bo kto chce zachowa\u0107 swoje \u017cycie, straci je; a kto straci swe \u017cycie z mego powodu, znajdzie je. C\u00f3\u017c bowiem za korzy\u015b\u0107 odniesie cz\u0142owiek, cho\u0107by ca\u0142y \u015bwiat zyska\u0142, a na swej duszy szkod\u0119 poni\u00f3s\u0142? Albo co da cz\u0142owiek w zamian za swoj\u0105 dusz\u0119? Albowiem Syn&hellip;<\/p>\n<p> <a class=\"more-link\" href=\"http:\/\/www.franciszek-walcz.pl\/?p=24843\">Czytaj dalej<\/a><\/p>\n","protected":false},"author":1,"featured_media":0,"comment_status":"closed","ping_status":"closed","sticky":false,"template":"","format":"standard","meta":{"footnotes":""},"categories":[5],"tags":[],"class_list":{"0":"post-24843","1":"post","2":"type-post","3":"status-publish","4":"format-standard","6":"category-artykuly"},"brizy_media":[],"_links":{"self":[{"href":"http:\/\/www.franciszek-walcz.pl\/index.php?rest_route=\/wp\/v2\/posts\/24843","targetHints":{"allow":["GET"]}}],"collection":[{"href":"http:\/\/www.franciszek-walcz.pl\/index.php?rest_route=\/wp\/v2\/posts"}],"about":[{"href":"http:\/\/www.franciszek-walcz.pl\/index.php?rest_route=\/wp\/v2\/types\/post"}],"author":[{"embeddable":true,"href":"http:\/\/www.franciszek-walcz.pl\/index.php?rest_route=\/wp\/v2\/users\/1"}],"replies":[{"embeddable":true,"href":"http:\/\/www.franciszek-walcz.pl\/index.php?rest_route=%2Fwp%2Fv2%2Fcomments&post=24843"}],"version-history":[{"count":3,"href":"http:\/\/www.franciszek-walcz.pl\/index.php?rest_route=\/wp\/v2\/posts\/24843\/revisions"}],"predecessor-version":[{"id":24866,"href":"http:\/\/www.franciszek-walcz.pl\/index.php?rest_route=\/wp\/v2\/posts\/24843\/revisions\/24866"}],"wp:attachment":[{"href":"http:\/\/www.franciszek-walcz.pl\/index.php?rest_route=%2Fwp%2Fv2%2Fmedia&parent=24843"}],"wp:term":[{"taxonomy":"category","embeddable":true,"href":"http:\/\/www.franciszek-walcz.pl\/index.php?rest_route=%2Fwp%2Fv2%2Fcategories&post=24843"},{"taxonomy":"post_tag","embeddable":true,"href":"http:\/\/www.franciszek-walcz.pl\/index.php?rest_route=%2Fwp%2Fv2%2Ftags&post=24843"}],"curies":[{"name":"wp","href":"https:\/\/api.w.org\/{rel}","templated":true}]}}