{"id":24932,"date":"2023-09-09T10:11:53","date_gmt":"2023-09-09T08:11:53","guid":{"rendered":"http:\/\/www.franciszek-walcz.pl\/?p=24932"},"modified":"2023-09-09T10:12:51","modified_gmt":"2023-09-09T08:12:51","slug":"gdy-brat-twoj-zgrzeszy-idz-i-upomnij-go-w-cztery-oczy","status":"publish","type":"post","link":"http:\/\/www.franciszek-walcz.pl\/?p=24932","title":{"rendered":"\u00abGdy brat tw\u00f3j zgrzeszy , id\u017a i upomnij go w cztery oczy\u00bb"},"content":{"rendered":"<p class=\"western\"><strong>XXIII Niedziela okresu zwyk\u0142ego<\/strong><\/p>\n<p class=\"western\"><a href=\"https:\/\/evangeli.net\/ewangelia\/dzien\/2023-09-10#czytanie\">\u00a0<\/a>Tekst Ewangelii (Mt\u00a018,15-20):\u00a0Gdy brat tw\u00f3j zgrzeszy , id\u017a i upomnij go w cztery oczy. Je\u015bli ci\u0119 us\u0142ucha, pozyskasz swego brata. Je\u015bli za\u015b nie us\u0142ucha, we\u017a z sob\u0105 jeszcze jednego albo dw\u00f3ch, \u017ceby na s\u0142owie dw\u00f3ch albo trzech \u015bwiadk\u00f3w opar\u0142a si\u0119 ca\u0142a sprawa. Je\u015bli i tych nie us\u0142ucha, donie\u015b Ko\u015bcio\u0142owi! A je\u015bli nawet Ko\u015bcio\u0142a nie us\u0142ucha, niech ci b\u0119dzie jak poganin i celnik! Zaprawd\u0119, powiadam wam: Wszystko, co zwi\u0105\u017cecie na ziemi, b\u0119dzie zwi\u0105zane w niebie, a co rozwi\u0105\u017cecie na ziemi, b\u0119dzie rozwi\u0105zane w niebie.<\/p>\n<p>Dalej, zaprawd\u0119, powiadam wam: Je\u015bli dwaj z was na ziemi zgodnie o co\u015b prosi\u0107 b\u0119d\u0105, to wszystkiego u\u017cyczy im m\u00f3j Ojciec, kt\u00f3ry jest w niebie. Bo gdzie s\u0105 dwaj albo trzej zebrani w imi\u0119 moje, tam jestem po\u015br\u00f3d nich\u00bb.<\/p>\n<p class=\"western\"><strong>\u00abGdy brat tw\u00f3j zgrzeszy , id\u017a i upomnij go w cztery oczy\u00bb<\/strong><\/p>\n<p class=\"western\">Dzisiaj Ewangelia proponuje nam rozwa\u017cenie kilku zalece\u0144 Jezusa, kt\u00f3re skierowa\u0142 do Swoich uczni\u00f3w, \u00f3wczesnych i p\u00f3\u017aniejszych. Tak\u017ce w pierwotnej wsp\u00f3lnocie chrze\u015bcija\u0144skiej mia\u0142y miejsce uchybienia i zachowania sprzeczne z wol\u0105 Boga.<\/p>\n<p>Ko\u0144cowy werset daje nam ram\u0119 dla rozwi\u0105zywania problem\u00f3w, kt\u00f3re pojawiaj\u0105 si\u0119 w Ko\u015bciele na przestrzeni dziej\u00f3w: \u00abgdzie s\u0105 dwaj albo trzej zebrani w imi\u0119 moje, tam jestem po\u015br\u00f3d nich\u00bb . Jezus jest obecny we wszystkich okresach \u017cycia Swego Ko\u015bcio\u0142a, Jego \u201cmistyczne Cia\u0142o\u201d o\u017cywiane jest przez nieustanne dzia\u0142anie Ducha \u015awi\u0119tego. Zawsze jeste\u015bmy bra\u0107mi, czy wsp\u00f3lnota jest wielka czy ma\u0142a.<\/p>\n<p>\u00abGdy brat tw\u00f3j zgrzeszy, id\u017a i upomnij go w cztery oczy. Je\u015bli ci\u0119 us\u0142ucha, pozyskasz swego brata\u00bb . W obliczu uchybienia wobec mnie czy innych, mam prosi\u0107 Pana o \u0142ask\u0119 przebaczenia, aby zrozumie\u0107, a ostatecznie, aby spr\u00f3bowa\u0107 poprawi\u0107 mojego brata.<\/p>\n<p>Dzi\u015b nie jest to takie proste, jak wtedy, gdy Ko\u015bci\u00f3\u0142 by\u0142 nieliczny. Ale je\u015bli my\u015blimy o wszystkim w dialogu z Bogiem naszym Ojcem, On nas o\u015bwieci, aby znale\u017a\u0107 czas, miejsce i odpowiednie s\u0142owa, aby spe\u0142ni\u0107 nasz obowi\u0105zek pomocy. Wa\u017cne jest, by\u015bmy oczy\u015bcili nasze serca. \u015awi\u0119ty Pawe\u0142 zach\u0119ca nas do korygowania innych z dobr\u0105 intencj\u0105: \u00abgdyby komu przydarzy\u0142 si\u0119 jaki upadek, wy, kt\u00f3rzy pozostajecie pod dzia\u0142aniem Ducha, w duchu \u0142agodno\u015bci sprowad\u017acie takiego na w\u0142a\u015bciw\u0105 drog\u0119. Bacz jednak, aby\u015b i ty nie uleg\u0142 pokusie\u00bb .<\/p>\n<p>G\u0142\u0119boka mi\u0142o\u015b\u0107 i pokora pomog\u0105 nam znale\u017a\u0107 \u0142agodno\u015b\u0107. \u00abDzia\u0142ajcie z r\u0119k\u0105 matki, z niesko\u0144czon\u0105 delikatno\u015bci\u0105 naszych matek, kiedy leczy\u0142y nam du\u017ce i ma\u0142e rany naszych dzieci\u0119cych zabaw i potkni\u0119\u0107\u00bb . Tak koryguje nas Matka Jezusa i nasza Matka, z inspiracj\u0105, by jeszcze bardziej kocha\u0107 Boga i bli\u017aniego.<\/p>\n","protected":false},"excerpt":{"rendered":"<p>XXIII Niedziela okresu zwyk\u0142ego \u00a0Tekst Ewangelii (Mt\u00a018,15-20):\u00a0Gdy brat tw\u00f3j zgrzeszy , id\u017a i upomnij go w cztery oczy. Je\u015bli ci\u0119 us\u0142ucha, pozyskasz swego brata. Je\u015bli za\u015b nie us\u0142ucha, we\u017a z sob\u0105 jeszcze jednego albo dw\u00f3ch, \u017ceby na s\u0142owie dw\u00f3ch albo trzech \u015bwiadk\u00f3w opar\u0142a si\u0119 ca\u0142a sprawa. Je\u015bli i tych nie us\u0142ucha, donie\u015b Ko\u015bcio\u0142owi! A je\u015bli nawet Ko\u015bcio\u0142a nie us\u0142ucha, niech ci b\u0119dzie jak poganin i celnik! Zaprawd\u0119, powiadam wam: Wszystko, co zwi\u0105\u017cecie na ziemi, b\u0119dzie zwi\u0105zane w niebie, a co rozwi\u0105\u017cecie na ziemi, b\u0119dzie rozwi\u0105zane w niebie. Dalej, zaprawd\u0119, powiadam wam: Je\u015bli dwaj z was na ziemi zgodnie o co\u015b prosi\u0107 b\u0119d\u0105, to wszystkiego u\u017cyczy im m\u00f3j Ojciec, kt\u00f3ry jest w niebie. Bo gdzie s\u0105 dwaj albo trzej zebrani w imi\u0119 moje, tam jestem po\u015br\u00f3d nich\u00bb. \u00abGdy brat tw\u00f3j zgrzeszy , id\u017a i upomnij go w cztery oczy\u00bb Dzisiaj Ewangelia proponuje nam rozwa\u017cenie kilku zalece\u0144 Jezusa, kt\u00f3re skierowa\u0142 do Swoich&hellip;<\/p>\n<p> <a class=\"more-link\" href=\"http:\/\/www.franciszek-walcz.pl\/?p=24932\">Czytaj dalej<\/a><\/p>\n","protected":false},"author":1,"featured_media":0,"comment_status":"closed","ping_status":"closed","sticky":false,"template":"","format":"standard","meta":{"footnotes":""},"categories":[1],"tags":[],"class_list":{"0":"post-24932","1":"post","2":"type-post","3":"status-publish","4":"format-standard","6":"category-uncategorized"},"brizy_media":[],"_links":{"self":[{"href":"http:\/\/www.franciszek-walcz.pl\/index.php?rest_route=\/wp\/v2\/posts\/24932","targetHints":{"allow":["GET"]}}],"collection":[{"href":"http:\/\/www.franciszek-walcz.pl\/index.php?rest_route=\/wp\/v2\/posts"}],"about":[{"href":"http:\/\/www.franciszek-walcz.pl\/index.php?rest_route=\/wp\/v2\/types\/post"}],"author":[{"embeddable":true,"href":"http:\/\/www.franciszek-walcz.pl\/index.php?rest_route=\/wp\/v2\/users\/1"}],"replies":[{"embeddable":true,"href":"http:\/\/www.franciszek-walcz.pl\/index.php?rest_route=%2Fwp%2Fv2%2Fcomments&post=24932"}],"version-history":[{"count":2,"href":"http:\/\/www.franciszek-walcz.pl\/index.php?rest_route=\/wp\/v2\/posts\/24932\/revisions"}],"predecessor-version":[{"id":24934,"href":"http:\/\/www.franciszek-walcz.pl\/index.php?rest_route=\/wp\/v2\/posts\/24932\/revisions\/24934"}],"wp:attachment":[{"href":"http:\/\/www.franciszek-walcz.pl\/index.php?rest_route=%2Fwp%2Fv2%2Fmedia&parent=24932"}],"wp:term":[{"taxonomy":"category","embeddable":true,"href":"http:\/\/www.franciszek-walcz.pl\/index.php?rest_route=%2Fwp%2Fv2%2Fcategories&post=24932"},{"taxonomy":"post_tag","embeddable":true,"href":"http:\/\/www.franciszek-walcz.pl\/index.php?rest_route=%2Fwp%2Fv2%2Ftags&post=24932"}],"curies":[{"name":"wp","href":"https:\/\/api.w.org\/{rel}","templated":true}]}}