{"id":25087,"date":"2023-09-30T16:06:08","date_gmt":"2023-09-30T14:06:08","guid":{"rendered":"http:\/\/www.franciszek-walcz.pl\/?p=25087"},"modified":"2023-09-30T16:09:09","modified_gmt":"2023-09-30T14:09:09","slug":"ktoryz-z-tych-dwoch-spelnil-wole-ojca","status":"publish","type":"post","link":"http:\/\/www.franciszek-walcz.pl\/?p=25087","title":{"rendered":"\u00abKt\u00f3ry\u017c z tych dw\u00f3ch spe\u0142ni\u0142 wol\u0119 ojca?\u00bb"},"content":{"rendered":"<p class=\"western\"><strong>XXVI Niedziela okresu zwyk\u0142ego<\/strong><\/p>\n<p class=\"western\">Tekst Ewangelii (Mt\u00a021,28-32):\u00a0Co my\u015blicie? Pewien cz\u0142owiek mia\u0142 dw\u00f3ch syn\u00f3w. Zwr\u00f3ci\u0142 si\u0119 do pierwszego i rzek\u0142: &#8222;Dziecko, id\u017a dzisiaj i pracuj w winnicy!&#8221; Ten odpowiedzia\u0142: &#8222;Id\u0119, panie!&#8221;, lecz nie poszed\u0142. Zwr\u00f3ci\u0142 si\u0119 do drugiego i to samo powiedzia\u0142. Ten odpar\u0142: &#8222;Nie chc\u0119&#8221;. P\u00f3\u017aniej jednak opami\u0119ta\u0142 si\u0119 i poszed\u0142.<\/p>\n<p>Kt\u00f3ry\u017c z tych dw\u00f3ch spe\u0142ni\u0142 wol\u0119 ojca?\u00bb M\u00f3wi\u0105 Mu: \u00abTen drugi\u00bb. Wtedy Jezus rzek\u0142 do nich: \u00abZaprawd\u0119, powiadam wam: Celnicy i nierz\u0105dnice wchodz\u0105 przed wami do kr\u00f3lestwa niebieskiego. Przyszed\u0142 bowiem do was Jan drog\u0105 sprawiedliwo\u015bci, a wy\u015bcie mu nie uwierzyli. Celnicy za\u015b i nierz\u0105dnice uwierzyli mu. Wy patrzyli\u015bcie na to, ale nawet p\u00f3\u017aniej nie opami\u0119tali\u015bcie si\u0119, \u017ceby mu uwierzy\u0107.<\/p>\n<p class=\"western\"><strong>\u00abKt\u00f3ry\u017c z tych dw\u00f3ch spe\u0142ni\u0142 wol\u0119 ojca?\u00bb<\/strong><\/p>\n<p class=\"western\">Oto ojciec i w\u0142a\u015bciciel winnicy prosi swych dw\u00f3ch syn\u00f3w: \u00abDziecko, id\u017a dzisiaj i pracuj w winnicy\u00bb (Mt 21,29). Jeden m\u00f3wi \u201ctak\u201d, i nie idzie. Drugi m\u00f3wi \u201cnie\u201d, i idzie. \u017baden z nich nie dotrzymuje s\u0142owa.<\/p>\n<p>Z pewno\u015bci\u0105 ten, kt\u00f3ry m\u00f3wi \u201ctak\u201d i pozostaje w domu nie zamierza zwie\u015b\u0107 swego ojca. To zwyk\u0142e lenistwo, nie tylko \u201clenistwo aby pracowa\u0107\u201d, ale tak\u017ce do refleksji. Jego motto: \u201cCo mnie obchodzi, co wczoraj powiedzia\u0142em?\u201d.<\/p>\n<p>Tego, co powiedzia\u0142 \u201cnie\u201d, owszem obchodzi, co powiedzia\u0142 wczoraj. Ma wyrzuty sumienia wobec ojca. Z b\u00f3lu zdobywa si\u0119 na odwag\u0119, by naprawi\u0107 b\u0142\u0105d. Koryguje fa\u0142szywe s\u0142owo dobrym czynem.<\/p>\n<p class=\"western\">Na pewno nie raz prze\u017cywali\u015bmy takie chwile: cofn\u0105\u0107 przedwczesn\u0105 decyzj\u0119, lekkomy\u015blny wyrok, niesprawiedliw\u0105 ocen\u0119&#8230; Potem przychodzi ulga: \u2014 Dzi\u0119kuj\u0119 Ci, Panie!<\/p>\n<p>\u00abZaprawd\u0119, powiadam wam: Celnicy i nierz\u0105dnice wchodz\u0105 przed wami do kr\u00f3lestwa niebieskiego\u00bb (Mt 21,31). \u015awi\u0119ty Jan Chryzostom podkre\u015bla psychologiczne mistrzostwo Pana wobec tych \u201ckap\u0142an\u00f3w\u201d, \u00abNie rzuca im prosto w twarz: \u2018Dlaczego nie uwierzyli\u015bcie Janowi?\u2019, lecz najpierw konfrontuje ich \u2014co jest znacznie bardziej dotkliwe\u2014 z celnikami i prostytutkami. W ten spos\u00f3b zarzuca im przez wyrazisto\u015b\u0107 fakt\u00f3w z\u0142o zachowania pe\u0142nego ludzkich uprzedze\u0144 i pustej chwa\u0142y\u00bb.<\/p>\n<p>W tej scenie by\u0107 mo\u017ce brakuje nam obecno\u015bci trzeciego syna, po\u015bredniego, w kt\u00f3rego zachowaniu by\u0142oby \u0142atwiej nam rozpozna\u0107 siebie i prosi\u0107 o przebaczenie, nas zawstydzonych. Za zgod\u0105 Pana wyobra\u017amy sobie, \u017ce on istnieje, i s\u0142yszymy jak odpowiada swemu ojcu, przygaszony: \u2018By\u0107 mo\u017ce tak, by\u0107 mo\u017ce nie&#8230;\u2019. A kto\u015b m\u00f3wi, \u017ce s\u0142ysza\u0142 na koniec: \u2018Jest szansa, \u017ce by\u0107 mo\u017ce, kto wie&#8230;\u2019.<\/p>\n","protected":false},"excerpt":{"rendered":"<p>XXVI Niedziela okresu zwyk\u0142ego Tekst Ewangelii (Mt\u00a021,28-32):\u00a0Co my\u015blicie? Pewien cz\u0142owiek mia\u0142 dw\u00f3ch syn\u00f3w. Zwr\u00f3ci\u0142 si\u0119 do pierwszego i rzek\u0142: &#8222;Dziecko, id\u017a dzisiaj i pracuj w winnicy!&#8221; Ten odpowiedzia\u0142: &#8222;Id\u0119, panie!&#8221;, lecz nie poszed\u0142. Zwr\u00f3ci\u0142 si\u0119 do drugiego i to samo powiedzia\u0142. Ten odpar\u0142: &#8222;Nie chc\u0119&#8221;. P\u00f3\u017aniej jednak opami\u0119ta\u0142 si\u0119 i poszed\u0142. Kt\u00f3ry\u017c z tych dw\u00f3ch spe\u0142ni\u0142 wol\u0119 ojca?\u00bb M\u00f3wi\u0105 Mu: \u00abTen drugi\u00bb. Wtedy Jezus rzek\u0142 do nich: \u00abZaprawd\u0119, powiadam wam: Celnicy i nierz\u0105dnice wchodz\u0105 przed wami do kr\u00f3lestwa niebieskiego. Przyszed\u0142 bowiem do was Jan drog\u0105 sprawiedliwo\u015bci, a wy\u015bcie mu nie uwierzyli. Celnicy za\u015b i nierz\u0105dnice uwierzyli mu. Wy patrzyli\u015bcie na to, ale nawet p\u00f3\u017aniej nie opami\u0119tali\u015bcie si\u0119, \u017ceby mu uwierzy\u0107. \u00abKt\u00f3ry\u017c z tych dw\u00f3ch spe\u0142ni\u0142 wol\u0119 ojca?\u00bb Oto ojciec i w\u0142a\u015bciciel winnicy prosi swych dw\u00f3ch syn\u00f3w: \u00abDziecko, id\u017a dzisiaj i pracuj w winnicy\u00bb (Mt 21,29). Jeden m\u00f3wi \u201ctak\u201d, i nie idzie. Drugi m\u00f3wi \u201cnie\u201d, i idzie. \u017baden z nich nie&hellip;<\/p>\n<p> <a class=\"more-link\" href=\"http:\/\/www.franciszek-walcz.pl\/?p=25087\">Czytaj dalej<\/a><\/p>\n","protected":false},"author":1,"featured_media":0,"comment_status":"closed","ping_status":"closed","sticky":false,"template":"","format":"standard","meta":{"footnotes":""},"categories":[5],"tags":[],"class_list":{"0":"post-25087","1":"post","2":"type-post","3":"status-publish","4":"format-standard","6":"category-artykuly"},"brizy_media":[],"_links":{"self":[{"href":"http:\/\/www.franciszek-walcz.pl\/index.php?rest_route=\/wp\/v2\/posts\/25087","targetHints":{"allow":["GET"]}}],"collection":[{"href":"http:\/\/www.franciszek-walcz.pl\/index.php?rest_route=\/wp\/v2\/posts"}],"about":[{"href":"http:\/\/www.franciszek-walcz.pl\/index.php?rest_route=\/wp\/v2\/types\/post"}],"author":[{"embeddable":true,"href":"http:\/\/www.franciszek-walcz.pl\/index.php?rest_route=\/wp\/v2\/users\/1"}],"replies":[{"embeddable":true,"href":"http:\/\/www.franciszek-walcz.pl\/index.php?rest_route=%2Fwp%2Fv2%2Fcomments&post=25087"}],"version-history":[{"count":2,"href":"http:\/\/www.franciszek-walcz.pl\/index.php?rest_route=\/wp\/v2\/posts\/25087\/revisions"}],"predecessor-version":[{"id":25109,"href":"http:\/\/www.franciszek-walcz.pl\/index.php?rest_route=\/wp\/v2\/posts\/25087\/revisions\/25109"}],"wp:attachment":[{"href":"http:\/\/www.franciszek-walcz.pl\/index.php?rest_route=%2Fwp%2Fv2%2Fmedia&parent=25087"}],"wp:term":[{"taxonomy":"category","embeddable":true,"href":"http:\/\/www.franciszek-walcz.pl\/index.php?rest_route=%2Fwp%2Fv2%2Fcategories&post=25087"},{"taxonomy":"post_tag","embeddable":true,"href":"http:\/\/www.franciszek-walcz.pl\/index.php?rest_route=%2Fwp%2Fv2%2Ftags&post=25087"}],"curies":[{"name":"wp","href":"https:\/\/api.w.org\/{rel}","templated":true}]}}