{"id":25349,"date":"2023-10-31T14:32:50","date_gmt":"2023-10-31T13:32:50","guid":{"rendered":"http:\/\/www.franciszek-walcz.pl\/?p=25349"},"modified":"2023-10-31T14:33:11","modified_gmt":"2023-10-31T13:33:11","slug":"wieczny-odpoczynek-racz-im-dac-panie","status":"publish","type":"post","link":"http:\/\/www.franciszek-walcz.pl\/?p=25349","title":{"rendered":"WIECZNY ODPOCZYNEK RACZ IM DA\u0106 PANIE"},"content":{"rendered":"<p class=\"western\" align=\"left\"><span style=\"color: #ffffff;\"><span style=\"font-family: Arial;\"><span style=\"font-size: x-large;\"><b>WIECZNY ODPOCZYNEK RACZ IM DA\u0106 PANIE<\/b><\/span><\/span><\/span><\/p>\n<p class=\"western\" align=\"left\"><span style=\"color: #ffffff;\"><span style=\"font-family: Arial;\"><span style=\"font-size: medium;\"><i>Potem ujrza\u0142em: a oto wielki t\u0142um, kt\u00f3rego nikt nie m\u00f3g\u0142 policzy\u0107, z ka\u017cdego narodu i wszystkich pokole\u0144, lud\u00f3w i j\u0119zyk\u00f3w, stoj\u0105cy przed tronem i przed Barankiem. Odziani s\u0105 w bia\u0142e szaty, a r\u0119ku ich palmy. I g\u0142osem dono\u015bnym tak wo\u0142aj\u0105: \u201eZbawienie w Bogu naszym, Zasiadaj\u0105cym na tronie, i w Baranku\u201d. A wszyscy anio\u0142owie stan\u0119li wok\u00f3\u0142 tronu i Starc\u00f3w, i czterech Istot \u017cywych, i na oblicza swe padli przed tronem, i pok\u0142on oddali Bogu, m\u00f3wi\u0105c: \u201eAmen. B\u0142ogos\u0142awie\u0144stwo i chwa\u0142a, i m\u0105dro\u015b\u0107, i dzi\u0119kczynienie, i cze\u015b\u0107, i moc, i pot\u0119ga Bogu naszemu na wieki wiek\u00f3w! Amen\u201d (Ap 7, 9- 11).<\/i><\/span><\/span><\/span><\/p>\n<p class=\"western\" align=\"left\"><span style=\"font-size: large;\">Anonimowy poeta snuj\u0105c refleksje o \u017cyciu i \u015bmierci cz\u0142owieka, pisze:\u00a0\u00a0<\/span><\/p>\n<p class=\"western\" align=\"left\">\u201e<span style=\"font-size: large;\">W dniu, kiedy B\u00f3g wszystkie rzeczy stworzy\u0142,stworzy\u0142 te\u017c s\u0142o\u0144ce.<\/span><\/p>\n<p class=\"western\" align=\"left\"><span style=\"font-size: large;\">A s\u0142o\u0144ce wschodzi, zachodzi i znowu powraca;<\/span><\/p>\n<p class=\"western\" align=\"left\"><span style=\"font-size: large;\">stworzy\u0142 te\u017c ksi\u0119\u017cyc.A ksi\u0119\u017cyc wschodzi, zachodzi i zn\u00f3w powraca;<\/span><\/p>\n<p class=\"western\" align=\"left\"><span style=\"font-size: large;\">stworzy\u0142 te\u017c gwiazdy.A gwiazdy wschodz\u0105, zachodz\u0105 i zn\u00f3w powracaj\u0105;<\/span><\/p>\n<p class=\"western\" align=\"left\"><span style=\"font-size: large;\">stworzy\u0142 te\u017c cz\u0142owieka.A cz\u0142owiek pojawia si\u0119, \u017cyje na Ziemi<\/span><\/p>\n<p class=\"western\" align=\"left\"><span style=\"font-size: large;\">i ju\u017c \u201cnie powraca\u201d.<\/span><\/p>\n<p class=\"western\" align=\"left\"><span style=\"font-size: large;\">Podobne refleksje towarzysz\u0105 nam, gdy w pierwszych dniach listopada nawiedzamy polskie cmentarze. Jesienne chryzantemy na grobach, blade p\u0142omyki zniczy nagrobnych , li\u015bcie pod nogami, nagie ga\u0142\u0119zie drzew s\u0105 dope\u0142nieniem atmosfery listopadowych \u015bwi\u0105t. Stajemy po\u015br\u00f3d zaduszkowej scenerii, a my\u015bl\u0105 jeste\u015bmy przy tych, kt\u00f3rzy odeszli i nie\u00a0 powr\u00f3cili. Zbieramy okruchy wspomnie\u0144. Pe\u0142ni mi\u0142o\u015bci do naszych zmar\u0142ych delikatnie uk\u0142adamy kwiaty na ich grobach. I nie jeste\u015bmy pogodzeni, \u017ce ju\u017c \u201enie powr\u00f3c\u0105\u201d.<\/span><\/p>\n<p class=\"western\" align=\"left\"><span style=\"font-size: large;\">Nasze usta szepcz\u0105 s\u0142owa nadziei, a s\u0142yszy je Ten, kt\u00f3rego znakiem znaczone s\u0105 groby chrze\u015bcijan. On powiedzia\u0142: \u201cJa jestem zmartwychwstanie i \u017cycie, kto wierzy we Mnie, nie umrze na wieki\u201d. W \u015bwietle tej obietnicy nie ma w naszym \u017cyciu cyklicznych powrot\u00f3w. Odchodzimy i nie powracamy, ale to odej\u015bcie nie jest odej\u015bciem do nik\u0105d. Dawca tej nadziei m\u00f3wi do ka\u017cdego z nas: \u201cW domu Ojca mego jest mieszka\u0144 wiele, id\u0119 przygotowa\u0107 wam miejsce\u201d. A zatem nasi bliscy umieraj\u0105c, tak naprawd\u0119 nie odeszli od nas. Przez tajemnic\u0119 zmartwychwstania Chrystusa s\u0105 z nami. Pe\u0142ni bo\u017cej mi\u0142o\u015bci towarzysz\u0105 nam na drogach naszego \u017cycia.<\/span><\/p>\n<p class=\"western\" align=\"left\"><span style=\"font-size: large;\">S\u0105 \u015bwi\u0119ci, kt\u00f3rych \u015bwi\u0119to\u015b\u0107 Ko\u015bci\u00f3\u0142 og\u0142asza publicznie i wyznacza dzie\u0144, w kt\u00f3rym ich wspominamy. Opr\u00f3cz \u015bwi\u0119tych og\u0142oszonych i czczonych publicznie istnieje nieprzeliczona rzesza \u015bwi\u0119tych do grona, kt\u00f3rych, jak mamy nadziej\u0119 nale\u017c\u0105 nasi \u015bwi\u0119ci rodzice, dziadkowie, znajomi, przyjaciele. Jest ich nieprzeliczona rzesza. \u015awi\u0119ty Jan w Apokalipsie pisze: \u201cPotem ujrza\u0142em: a oto wielki t\u0142um, kt\u00f3rego nikt nie m\u00f3g\u0142 policzy\u0107, z ka\u017cdego narodu i wszystkich pokole\u0144, lud\u00f3w i j\u0119zyk\u00f3w, stoj\u0105cy przed tronem i przed Barankiem. Odziani s\u0105 w bia\u0142e szaty, a r\u0119ku ich palmy\u201d. Uroczysto\u015b\u0107 Wszystkich \u015awi\u0119tych, to dzie\u0144 po\u015bwi\u0119cony tym bezimiennym \u015bwi\u0119tym z \u201ct\u0142umu\u201d.\u00a0 <\/span><span style=\"font-size: large;\">Nieraz mo\u017ce zadajemy sobie pytania: Gdzie jest niebo? Jak ono wygl\u0105da? Na ten temat mo\u017cemy znale\u017a\u0107 tysi\u0105ce ksi\u0105\u017cek. Niekt\u00f3re z nich bardzo szczeg\u00f3\u0142owo opisuj\u0105 t\u0119 rzeczywisto\u015b\u0107. A prawda jest taka: im bardziej szczeg\u00f3\u0142owy opis, tym mniej prawdziwy, bo Pismo \u015bw. m\u00f3wi o tej rzeczywisto\u015bci: \u201eani oko nie widzia\u0142o, ani ucho nie s\u0142ysza\u0142o, ani serce cz\u0142owieka nie zdo\u0142a\u0142o poj\u0105\u0107, jak wielkie rzeczy przygotowa\u0142 B\u00f3g tym, kt\u00f3rzy Go mi\u0142uj\u0105\u201d. <\/span><\/p>\n<p class=\"western\" align=\"left\"><span style=\"font-size: large;\">Najpewniejsz\u0105 drog\u0105 do rzeczywisto\u015bci nieba to droga B\u0142ogos\u0142awie\u0144stw. Do szcz\u0119\u015bliwych inaczej b\u0142ogos\u0142awionych nale\u017c\u0105: Ci dla kt\u00f3rych najwi\u0119kszym bogactwem jest kr\u00f3lestwo niebieskie, kt\u00f3rzy si\u0119 smuc\u0105 i p\u0142acz\u0105, gdy widz\u0105 z\u0142o na \u015bwiecie, kt\u00f3rzy nie rozpychaj\u0105 si\u0119 \u0142okciami, ale w cicho\u015bci serca staraj\u0105 si\u0119 i\u015b\u0107 drogami wyznaczonymi przez Boga, kt\u00f3rzy staraj\u0105 si\u0119 zbudowa\u0107 sprawiedliwy \u015bwiat, p\u0142ac\u0105c nieraz za to wysok\u0105 cen\u0119, kt\u00f3rzy s\u0105 sprawiedliwi, ale w tej sprawiedliwo\u015bci jest miejsce na mi\u0142osierdzie, kt\u00f3rzy wyrzucaj\u0105 ze swego serca z\u0142o i przygotowuj\u0105 w nim miejsce dla Boga, kt\u00f3rzy maj\u0105 w sobie bo\u017cy pok\u00f3j i ten pok\u00f3j nios\u0105 \u015bwiatu, kt\u00f3rzy gotowi s\u0105 cierpie\u0107 i umrze\u0107 w imi\u0119 bo\u017cej sprawiedliwo\u015bci, kt\u00f3rzy gotowi s\u0105 odda\u0107 \u017cycie ze wzgl\u0119du na Chrystusa.<\/span><\/p>\n<p class=\"western\" align=\"left\"><span style=\"font-size: large;\">Id\u0105c ta drog\u0105 mo\u017cemy mie\u0107 nadziej\u0119, ze kiedy\u015b b\u0119dziemy si\u0119 razem ze wszystkimi \u015bwi\u0119tymi w niebie.<\/span><\/p>\n<p class=\"western\" align=\"left\"><span style=\"font-size: large;\">Wed\u0142ug nauki Ko\u015bcio\u0142a, zmarli kt\u00f3rzy nie zd\u0105\u017cyli si\u0119\u00a0 przygotowa\u0107 w czasie ziemskiego \u017cycia na spotkanie z Bogiem, musz\u0105 przej\u015b\u0107 drog\u0119 oczyszczenia, aby doskonali i nieskalani stan\u0119li przed Majestatem Najwy\u017cszego. Wed\u0142ug tej samej nauki wiemy, \u017ce wierni \u017cyj\u0105cy na ziemi mog\u0105 przez swoje modlitwy, czyny mi\u0142osierdzia, serdeczn\u0105 pami\u0119\u0107 pomaga\u0107 zmar\u0142ym na tej drodze oczyszczenia. Dzie\u0144 Zaduszny, obchodzony 2 listopada jest po\u015bwi\u0119cony szczeg\u00f3lnej pami\u0119ci modlitewnej o tych, kt\u00f3rzy potrzebuj\u0105 oczyszczenia. <\/span><\/p>\n<p class=\"western\" align=\"left\"><span style=\"font-size: large;\">Jeden z dawnych kaznodziej\u00f3w naucza\u0142 w ten spos\u00f3b: \u201cWierzycie, \u017ce zmarli \u017cyj\u0105 i potrzebuj\u0105 pomocy? \u2013 Zaiste, s\u0142usznie wierzycie; jeno modlitwy trzeba zmar\u0142ym, ani jad\u0142a. Palicie ognie dla zwo\u0142ania duch\u00f3w? Palcie je dla wyobra\u017cenia \u015bwiat\u0142o\u015bci wiekuistej, kt\u00f3rej s\u0105 spragnione. Nie s\u0105d\u017acie, \u017ce umarli \u017cyj\u0105 p\u00f3ty tylko, p\u00f3ki bliscy o nich pami\u0119taj\u0105- nie\u015bmiertelne s\u0105 dusze ludzkie; lecz pami\u0119tajcie, \u017ce pami\u0119\u0107 wasza przy\u015bpiesza ich wybawienie. Nie szcz\u0119d\u017acie pami\u0119ci zmar\u0142ym. \u2026Nie l\u0119kajcie si\u0119 zmar\u0142ych nie frasujcie si\u0119 o tych, kt\u00f3rych \u017cywot by\u0142 uczciwy.- Odt\u0105d- m\u00f3wi Duch- aby (umarli) odpocz\u0119li od prac swoich, albowiem uczynki ich id\u0105 za nimi\u201d.<\/span><\/p>\n<p class=\"western\" align=\"left\"><span style=\"font-size: large;\">O\u015bwieceni \u015bwiat\u0142em Chrystusa stajemy w tych dniach nad mogi\u0142ami naszych zmar\u0142ych i szepczemy: \u201eWieczny odpoczynek racz im da\u0107 Panie\u201d. Wieczorem wyludniaj\u0105 si\u0119 cmentarze, zapada ciemno\u015b\u0107, pozostaje \u0142una p\u0142on\u0105cych zniczy jak nasza niegasn\u0105ca pami\u0119\u0107 o zmar\u0142ych, jak nasza mi\u0142o\u015b\u0107 do tych, kt\u00f3rzy odeszli.<\/span><\/p>\n","protected":false},"excerpt":{"rendered":"<p>WIECZNY ODPOCZYNEK RACZ IM DA\u0106 PANIE Potem ujrza\u0142em: a oto wielki t\u0142um, kt\u00f3rego nikt nie m\u00f3g\u0142 policzy\u0107, z ka\u017cdego narodu i wszystkich pokole\u0144, lud\u00f3w i j\u0119zyk\u00f3w, stoj\u0105cy przed tronem i przed Barankiem. Odziani s\u0105 w bia\u0142e szaty, a r\u0119ku ich palmy. I g\u0142osem dono\u015bnym tak wo\u0142aj\u0105: \u201eZbawienie w Bogu naszym, Zasiadaj\u0105cym na tronie, i w Baranku\u201d. A wszyscy anio\u0142owie stan\u0119li wok\u00f3\u0142 tronu i Starc\u00f3w, i czterech Istot \u017cywych, i na oblicza swe padli przed tronem, i pok\u0142on oddali Bogu, m\u00f3wi\u0105c: \u201eAmen. B\u0142ogos\u0142awie\u0144stwo i chwa\u0142a, i m\u0105dro\u015b\u0107, i dzi\u0119kczynienie, i cze\u015b\u0107, i moc, i pot\u0119ga Bogu naszemu na wieki wiek\u00f3w! Amen\u201d (Ap 7, 9- 11). Anonimowy poeta snuj\u0105c refleksje o \u017cyciu i \u015bmierci cz\u0142owieka, pisze:\u00a0\u00a0 \u201eW dniu, kiedy B\u00f3g wszystkie rzeczy stworzy\u0142,stworzy\u0142 te\u017c s\u0142o\u0144ce. A s\u0142o\u0144ce wschodzi, zachodzi i znowu powraca; stworzy\u0142 te\u017c ksi\u0119\u017cyc.A ksi\u0119\u017cyc wschodzi, zachodzi i zn\u00f3w powraca; stworzy\u0142 te\u017c gwiazdy.A gwiazdy wschodz\u0105, zachodz\u0105 i zn\u00f3w powracaj\u0105; stworzy\u0142 te\u017c&hellip;<\/p>\n<p> <a class=\"more-link\" href=\"http:\/\/www.franciszek-walcz.pl\/?p=25349\">Czytaj dalej<\/a><\/p>\n","protected":false},"author":1,"featured_media":0,"comment_status":"closed","ping_status":"closed","sticky":false,"template":"","format":"standard","meta":{"footnotes":""},"categories":[1],"tags":[],"class_list":{"0":"post-25349","1":"post","2":"type-post","3":"status-publish","4":"format-standard","6":"category-uncategorized"},"brizy_media":[],"_links":{"self":[{"href":"http:\/\/www.franciszek-walcz.pl\/index.php?rest_route=\/wp\/v2\/posts\/25349","targetHints":{"allow":["GET"]}}],"collection":[{"href":"http:\/\/www.franciszek-walcz.pl\/index.php?rest_route=\/wp\/v2\/posts"}],"about":[{"href":"http:\/\/www.franciszek-walcz.pl\/index.php?rest_route=\/wp\/v2\/types\/post"}],"author":[{"embeddable":true,"href":"http:\/\/www.franciszek-walcz.pl\/index.php?rest_route=\/wp\/v2\/users\/1"}],"replies":[{"embeddable":true,"href":"http:\/\/www.franciszek-walcz.pl\/index.php?rest_route=%2Fwp%2Fv2%2Fcomments&post=25349"}],"version-history":[{"count":2,"href":"http:\/\/www.franciszek-walcz.pl\/index.php?rest_route=\/wp\/v2\/posts\/25349\/revisions"}],"predecessor-version":[{"id":25351,"href":"http:\/\/www.franciszek-walcz.pl\/index.php?rest_route=\/wp\/v2\/posts\/25349\/revisions\/25351"}],"wp:attachment":[{"href":"http:\/\/www.franciszek-walcz.pl\/index.php?rest_route=%2Fwp%2Fv2%2Fmedia&parent=25349"}],"wp:term":[{"taxonomy":"category","embeddable":true,"href":"http:\/\/www.franciszek-walcz.pl\/index.php?rest_route=%2Fwp%2Fv2%2Fcategories&post=25349"},{"taxonomy":"post_tag","embeddable":true,"href":"http:\/\/www.franciszek-walcz.pl\/index.php?rest_route=%2Fwp%2Fv2%2Ftags&post=25349"}],"curies":[{"name":"wp","href":"https:\/\/api.w.org\/{rel}","templated":true}]}}