{"id":25479,"date":"2023-11-10T16:26:57","date_gmt":"2023-11-10T15:26:57","guid":{"rendered":"http:\/\/www.franciszek-walcz.pl\/?p=25479"},"modified":"2023-11-10T16:28:35","modified_gmt":"2023-11-10T15:28:35","slug":"narodowe-swieto-niepodleglosci","status":"publish","type":"post","link":"http:\/\/www.franciszek-walcz.pl\/?p=25479","title":{"rendered":"NARODOWE \u015aWI\u0118TO NIEPODLEG\u0141O\u015aCI"},"content":{"rendered":"<p class=\"western\"><span style=\"font-size: medium;\">11 listopada prze\u017cywamy\u00a0kolejny raz\u00a0Narodowe\u00a0\u015awi\u0119to\u00a0Niepodleg\u0142o\u015bci &#8211; czyli dzie\u0144, kt\u00f3ry przypomina radosny czas odzyskania niepodleg\u0142o\u015bci naszej Ojczyzny po d\u0142ugich latach niewoli i powinien rozbrzmiewa\u0107 wielkim entuzjazmem.<\/span><\/p>\n<p class=\"western\">\u00a0<span style=\"font-size: medium;\">Mo\u017ce\u00a0to prozaiczny obraz i punkt wyj\u015bcia:<\/span><\/p>\n<p class=\"western\"><span style=\"font-size: medium;\">Kiedy popatrzy\u0142em na ilo\u015b\u0107 flag wywieszonych na naszych domostwach , ulicach , urz\u0119dach.<\/span><\/p>\n<p class=\"western\"><span style=\"font-size: medium;\">Dozna\u0142em\u00a0jakiego\u015b zasmucenia, kiedy u\u015bwiadomi\u0142em sobie, \u017ce to, dzi\u0119ki czemu \u017cyjemy jako Polacy w wolnej Ojczy\u017anie: Patriotyzm, umi\u0142owanie Ojczyzny, zdolno\u015b\u0107 do po\u015bwi\u0119cenia dla niej \u2013 dzisiaj wydaje si\u0119 ludzi nie poci\u0105ga.<\/span><\/p>\n<p class=\"western\"><span style=\"font-size: medium;\">I jestem przekonany, \u017ce jest to ZADANIE dla nas wszystkich: dla rodzic\u00f3w, dla Ko\u015bcio\u0142a, dla sprawuj\u0105cych w\u0142adz\u0119 i\u00a0\u015brodk\u00f3w spo\u0142ecznego przekazu &#8211;\u00a0aby odbudowa\u0107\u00a0to, co stanowi\u00a0 o to\u017csamo\u015bci\u00a0naszego narodu, aby odbudowa\u0107 mi\u0142o\u015b\u0107 do Ojczyzny i zatroskanie o jej dobr\u0105 przysz\u0142o\u015b\u0107.<\/span><\/p>\n<p class=\"western\"><span style=\"font-size: medium;\">Zastanawiam si\u0119:\u00a0w ilu sercach jest jeszcze taka mi\u0142o\u015b\u0107 do Ojczyzny, jak\u0105 np. wyra\u017ca\u0142 w s\u0142owach i gestach Jan Pawe\u0142 II?<\/span><\/p>\n<p class=\"western\"><span style=\"font-size: medium;\">My\u015bl\u0119, \u017ce\u00a0wszyscy pami\u0119tamy ten obraz i mo\u017ce s\u0142owa:<\/span><\/p>\n<p class=\"western\">\u201e<span style=\"font-size: medium;\">Przybywam do Ojczyzny. Pierwszym s\u0142owem, wypowiedzianym w milczeniu i na kl\u0119czkach, by\u0142 poca\u0142unek tej ziemi: Ojczystej Ziemi.<\/span><\/p>\n<p class=\"western\">\u2026<span style=\"font-size: medium;\">.Poca\u0142unek z\u0142o\u017cony na ziemi polskiej ma jednak dla mnie sens szczeg\u00f3lny. Jest to jakby poca\u0142unek z\u0142o\u017cony na r\u0119kach matki &#8211; albowiem Ojczyzna jest nasz\u0105 matk\u0105 ziemsk\u0105. Polska jest matk\u0105 szczeg\u00f3ln\u0105. Nie\u0142atwe s\u0105 jej dzieje, zw\u0142aszcza na przestrzeni ostatnich stuleci. Jest matk\u0105, kt\u00f3ra wiele przecierpia\u0142a i wci\u0105\u017c na nowo cierpi. Dlatego te\u017c ma prawo do mi\u0142o\u015bci szczeg\u00f3lnej\u201d.<\/span><\/p>\n<p class=\"western\"><span style=\"font-size: medium;\">A kiedy pomy\u015blimy\u00a0o naszych przodkach, kt\u00f3rym przysz\u0142o \u017cy\u0107 pod zaborami, jak ci\u0119\u017cko musieli znosi\u0107 narodow\u0105 niewol\u0119\u2026\u00a0 \u017byj\u0105c we w\u0142asnym kraju, nie byli u siebie. J\u0119zyk i mundury zaborc\u00f3w dominowa\u0142y na ulicach, prawa by\u0142y dla nas wydawane w j\u0119zyku zaborc\u00f3w, nie wolno by\u0142o pos\u0142ugiwa\u0107 si\u0119 ojczystym j\u0119zykiem w urz\u0119dach i s\u0105dach, dzieci by\u0142y karane za rozmawianie w szkole po polsku.<\/span><\/p>\n<p class=\"western\"><span style=\"font-size: medium;\">Dlaczego przetrwali\u015bmy jako nar\u00f3d ,dlaczego nie powiod\u0142y si\u0119 plany naszych wrog\u00f3w?<br \/>\n<\/span><span style=\"font-size: medium;\">Odpowied\u017a\u00a0znajdziemy w s\u0142owach wspomnianego ju\u017c dzisiaj Jana Paw\u0142a II, kt\u00f3ry swego czasu, w przem\u00f3wieniu w siedzibie UNESCO da\u0142 niezwyk\u0142e \u015bwiadectwo:<\/span><\/p>\n<p class=\"western\"><span style=\"font-size: medium;\">\u00a0\u201eJestem synem Narodu, kt\u00f3ry przetrzyma\u0142 najstraszliwsze do\u015bwiadczenia dziej\u00f3w, kt\u00f3ry wielokrotnie s\u0105siedzi skazywali na \u015bmier\u0107 a on pozosta\u0142 przy \u017cyciu i pozosta\u0142 sob\u0105. Zachowa\u0142 w\u0142asn\u0105 to\u017csamo\u015b\u0107 i zachowa\u0142 po\u015br\u00f3d rozbior\u00f3w w\u0142asn\u0105 suwerenno\u015b\u0107 jako nar\u00f3d &#8211; nie w oparciu o jakiekolwiek \u015brodki fizycznej pot\u0119gi, ale tylko w oparciu o w\u0142asn\u0105 kultur\u0119, kt\u00f3ra okaza\u0142a si\u0119 w tym wypadku pot\u0119g\u0105 wi\u0119ksz\u0105 od tamtych pot\u0119g&#8221;.<\/span><\/p>\n<p class=\"western\"><span style=\"font-size: medium;\">W tej perspektywie\u00a0nabieraj\u0105 znaczenia takie sprawy, jak troska o j\u0119zyk ojczysty, to r\u00f3wnie\u017c wkorzenianie siebie oraz nast\u0119pnego pokolenia w ojczyst\u0105 kultur\u0119, karmienie si\u0119 tym, co w niej najszlachetniejsze, wydobywanie z niej pi\u0119knych kart, ale r\u00f3wnie\u017c nazywanie po imieniu z\u0142a, jakie mia\u0142o w niej miejsce.<\/span><\/p>\n<p class=\"western\"><span style=\"font-size: medium;\">\u00a0Patriotyzm dzisiaj to tak\u017ce troska o dobre obyczaje w naszym kraju.<\/span><\/p>\n<p class=\"western\"><span style=\"font-size: medium;\">To zdrowa pedagogika w naszych szko\u0142ach;<\/span><\/p>\n<p class=\"western\"><span style=\"font-size: medium;\">to nieprzyzwalanie na z\u0142e tre\u015bci w mass mediach;<\/span><\/p>\n<p class=\"western\"><span style=\"font-size: medium;\">to troska o prawd\u0119 przestrzeni publicznej, itp.<\/span><\/p>\n<p class=\"western\"><span style=\"font-size: medium;\">\u00a0Pragn\u0119 zako\u0144czy\u0107 s\u0142owami Jana Paw\u0142a II &#8211; Jego modlitw\u0105 u st\u00f3p Jasnog\u00f3rskiej Pani:<\/span><\/p>\n<p class=\"western\"><span style=\"font-size: medium;\">\u00a0Jestem synem tego Narodu \u2013 i dlatego odczuwam g\u0142\u0119boko wszystkie, wszystkie jego szlachetne d\u0105\u017cenia, pragnienie \u017cycia w prawdzie, wolno\u015bci, sprawiedliwo\u015bci, solidarno\u015bci spo\u0142ecznej \u2013 pragnienie \u017cycia swym w\u0142asnym \u017cyciem. Przecie\u017c po tysi\u0105cu lat dziejowych do\u015bwiadcze\u0144 ten Nar\u00f3d ma swoje w\u0142asne \u017cycie, sw\u0105 kultur\u0119, swe spo\u0142eczne tradycje, swoj\u0105 duchow\u0105 to\u017csamo\u015b\u0107\u201d.<\/span><\/p>\n","protected":false},"excerpt":{"rendered":"<p>11 listopada prze\u017cywamy\u00a0kolejny raz\u00a0Narodowe\u00a0\u015awi\u0119to\u00a0Niepodleg\u0142o\u015bci &#8211; czyli dzie\u0144, kt\u00f3ry przypomina radosny czas odzyskania niepodleg\u0142o\u015bci naszej Ojczyzny po d\u0142ugich latach niewoli i powinien rozbrzmiewa\u0107 wielkim entuzjazmem. \u00a0Mo\u017ce\u00a0to prozaiczny obraz i punkt wyj\u015bcia: Kiedy popatrzy\u0142em na ilo\u015b\u0107 flag wywieszonych na naszych domostwach , ulicach , urz\u0119dach. Dozna\u0142em\u00a0jakiego\u015b zasmucenia, kiedy u\u015bwiadomi\u0142em sobie, \u017ce to, dzi\u0119ki czemu \u017cyjemy jako Polacy w wolnej Ojczy\u017anie: Patriotyzm, umi\u0142owanie Ojczyzny, zdolno\u015b\u0107 do po\u015bwi\u0119cenia dla niej \u2013 dzisiaj wydaje si\u0119 ludzi nie poci\u0105ga. I jestem przekonany, \u017ce jest to ZADANIE dla nas wszystkich: dla rodzic\u00f3w, dla Ko\u015bcio\u0142a, dla sprawuj\u0105cych w\u0142adz\u0119 i\u00a0\u015brodk\u00f3w spo\u0142ecznego przekazu &#8211;\u00a0aby odbudowa\u0107\u00a0to, co stanowi\u00a0 o to\u017csamo\u015bci\u00a0naszego narodu, aby odbudowa\u0107 mi\u0142o\u015b\u0107 do Ojczyzny i zatroskanie o jej dobr\u0105 przysz\u0142o\u015b\u0107. Zastanawiam si\u0119:\u00a0w ilu sercach jest jeszcze taka mi\u0142o\u015b\u0107 do Ojczyzny, jak\u0105 np. wyra\u017ca\u0142 w s\u0142owach i gestach Jan Pawe\u0142 II? My\u015bl\u0119, \u017ce\u00a0wszyscy pami\u0119tamy ten obraz i mo\u017ce s\u0142owa: \u201ePrzybywam do Ojczyzny. Pierwszym s\u0142owem, wypowiedzianym w milczeniu i na kl\u0119czkach,&hellip;<\/p>\n<p> <a class=\"more-link\" href=\"http:\/\/www.franciszek-walcz.pl\/?p=25479\">Czytaj dalej<\/a><\/p>\n","protected":false},"author":1,"featured_media":0,"comment_status":"closed","ping_status":"closed","sticky":false,"template":"","format":"standard","meta":{"footnotes":""},"categories":[5],"tags":[],"class_list":{"0":"post-25479","1":"post","2":"type-post","3":"status-publish","4":"format-standard","6":"category-artykuly"},"brizy_media":[],"_links":{"self":[{"href":"http:\/\/www.franciszek-walcz.pl\/index.php?rest_route=\/wp\/v2\/posts\/25479","targetHints":{"allow":["GET"]}}],"collection":[{"href":"http:\/\/www.franciszek-walcz.pl\/index.php?rest_route=\/wp\/v2\/posts"}],"about":[{"href":"http:\/\/www.franciszek-walcz.pl\/index.php?rest_route=\/wp\/v2\/types\/post"}],"author":[{"embeddable":true,"href":"http:\/\/www.franciszek-walcz.pl\/index.php?rest_route=\/wp\/v2\/users\/1"}],"replies":[{"embeddable":true,"href":"http:\/\/www.franciszek-walcz.pl\/index.php?rest_route=%2Fwp%2Fv2%2Fcomments&post=25479"}],"version-history":[{"count":2,"href":"http:\/\/www.franciszek-walcz.pl\/index.php?rest_route=\/wp\/v2\/posts\/25479\/revisions"}],"predecessor-version":[{"id":25481,"href":"http:\/\/www.franciszek-walcz.pl\/index.php?rest_route=\/wp\/v2\/posts\/25479\/revisions\/25481"}],"wp:attachment":[{"href":"http:\/\/www.franciszek-walcz.pl\/index.php?rest_route=%2Fwp%2Fv2%2Fmedia&parent=25479"}],"wp:term":[{"taxonomy":"category","embeddable":true,"href":"http:\/\/www.franciszek-walcz.pl\/index.php?rest_route=%2Fwp%2Fv2%2Fcategories&post=25479"},{"taxonomy":"post_tag","embeddable":true,"href":"http:\/\/www.franciszek-walcz.pl\/index.php?rest_route=%2Fwp%2Fv2%2Ftags&post=25479"}],"curies":[{"name":"wp","href":"https:\/\/api.w.org\/{rel}","templated":true}]}}