{"id":25543,"date":"2023-11-25T12:01:19","date_gmt":"2023-11-25T11:01:19","guid":{"rendered":"http:\/\/www.franciszek-walcz.pl\/?p=25543"},"modified":"2023-11-25T12:24:12","modified_gmt":"2023-11-25T11:24:12","slug":"wszystko-co-uczyniliscie-jednemu-z-tych-braci-moich-najmniejszych-mniescie-uczynili","status":"publish","type":"post","link":"http:\/\/www.franciszek-walcz.pl\/?p=25543","title":{"rendered":"\u00abWszystko, co uczynili\u015bcie jednemu z tych braci moich najmniejszych, Mnie\u015bcie uczynili\u00bb"},"content":{"rendered":"<p class=\"western\">Tekst Ewangelii (Mt\u00a025,31-46):\u00a0Gdy Syn Cz\u0142owieczy przyjdzie w swej chwale i wszyscy anio\u0142owie z Nim, wtedy zasi\u0105dzie na swoim tronie pe\u0142nym chwa\u0142y. I zgromadz\u0105 si\u0119 przed Nim wszystkie narody, a On oddzieli jednych [ludzi] od drugich, jak pasterz oddziela owce od koz\u0142\u00f3w. Owce postawi po prawej, a koz\u0142y po swojej lewej stronie.<\/p>\n<p>Wtedy odezwie si\u0119 Kr\u00f3l do tych po prawej stronie: &#8222;P\u00f3jd\u017acie, b\u0142ogos\u0142awieni Ojca mojego, we\u017acie w posiadanie kr\u00f3lestwo, przygotowane wam od za\u0142o\u017cenia \u015bwiata! Bo by\u0142em g\u0142odny, a dali\u015bcie Mi je\u015b\u0107; by\u0142em spragniony, a dali\u015bcie Mi pi\u0107; by\u0142em przybyszem, a przyj\u0119li\u015bcie Mnie;<br \/>\nby\u0142em nagi, a przyodziali\u015bcie Mnie; by\u0142em chory, a odwiedzili\u015bcie Mnie; by\u0142em w wi\u0119zieniu, a przyszli\u015bcie do Mnie&#8221;. W\u00f3wczas zapytaj\u0105 sprawiedliwi: &#8222;Panie, kiedy widzieli\u015bmy Ci\u0119 g\u0142odnym i nakarmili\u015bmy Ciebie? spragnionym i dali\u015bmy Ci pi\u0107? Kiedy widzieli\u015bmy Ci\u0119 przybyszem i przyj\u0119li\u015bmy Ci\u0119? lub nagim i przyodziali\u015bmy Ci\u0119? Kiedy widzieli\u015bmy Ci\u0119 chorym lub w wi\u0119zieniu i przyszli\u015bmy do Ciebie?&#8221; A Kr\u00f3l im odpowie:<\/p>\n<p class=\"western\"><strong>&#8222;Zaprawd\u0119, powiadam wam: Wszystko, co uczynili\u015bcie jednemu z tych braci moich najmniejszych, Mnie\u015bcie uczynili&#8221;.<\/strong><\/p>\n<p>Wtedy odezwie si\u0119 i do tych po lewej stronie: &#8222;Id\u017acie precz ode Mnie, przekl\u0119ci, w ogie\u0144 wieczny, przygotowany diab\u0142u i jego anio\u0142om! Bo by\u0142em g\u0142odny, a nie dali\u015bcie Mi je\u015b\u0107;<br \/>\nby\u0142em spragniony, a nie dali\u015bcie Mi pi\u0107; by\u0142em przybyszem, a nie przyj\u0119li\u015bcie Mnie;<br \/>\nby\u0142em nagi, a nie przyodziali\u015bcie Mnie; by\u0142em chory i w wi\u0119zieniu, a nie odwiedzili\u015bcie Mnie.&#8221;<br \/>\nW\u00f3wczas zapytaj\u0105 i ci: &#8222;Panie, kiedy widzieli\u015bmy Ci\u0119 g\u0142odnym albo spragnionym, albo przybyszem, albo nagim, kiedy chorym albo w wi\u0119zieniu, a nie us\u0142u\u017cyli\u015bmy Tobie?&#8221; Wtedy odpowie im: &#8222;Zaprawd\u0119, powiadam wam: Wszystko, czego nie uczynili\u015bcie jednemu z tych najmniejszych, tego\u015bcie i Mnie nie uczynili&#8221;. I p\u00f3jd\u0105 ci na m\u0119k\u0119 wieczn\u0105, sprawiedliwi za\u015b do \u017cycia wiecznego\u00bb.<\/p>\n<p class=\"western\">\u00abWszystko, co uczynili\u015bcie jednemu z tych braci moich najmniejszych, Mnie\u015bcie uczynili\u00bb<\/p>\n<p class=\"western\">Dzisiaj Jezus m\u00f3wi nam o S\u0105dzie Ostatecznym. I t\u0105 metaforyczn\u0105 ilustracj\u0105 owiec i k\u00f3z pokazuje nam, \u017ce b\u0119dzie to s\u0105d mi\u0142o\u015bci. \u00abB\u0119dziemy s\u0105dzeni z mi\u0142o\u015bci\u00bb, m\u00f3wi nam \u015awi\u0119ty Jan od Krzy\u017ca.<\/p>\n<p>Jak m\u00f3wi inny mistyk, \u015bw Ignacy Loyola w swej medytacji Kontemplacja, aby osi\u0105gn\u0105\u0107 mi\u0142o\u015b\u0107, nale\u017cy wprowadzi\u0107 mi\u0142o\u015b\u0107 raczej w czyny ni\u017c s\u0142owa. A dzisiejsza Ewangelia jest bardzo obrazowa. Ka\u017cdy nasz dobry czyn jest czynem wobec samego Chrystusa: \u00ab(&#8230;) Bo by\u0142em g\u0142odny, a dali\u015bcie Mi je\u015b\u0107; by\u0142em spragniony, a dali\u015bcie Mi pi\u0107; by\u0142em przybyszem, a przyj\u0119li\u015bcie Mnie; by\u0142em nagi, a przyodziali\u015bcie Mnie; by\u0142em chory, a odwiedzili\u015bcie Mnie; by\u0142em w wi\u0119zieniu, a przyszli\u015bcie do Mnie\u00bb (Mt 25,34-36). I wi\u0119cej: \u00abWszystko, co uczynili\u015bcie jednemu z tych braci moich najmniejszych, Mnie\u015bcie uczynili\u00bb (Mt 25,40).<\/p>\n<p>Ten fragment Ewangelii u\u015bwiadamia nam czym b\u0119dzie celebracja s\u0105du Chrystusa Kr\u00f3la. Kr\u00f3lowanie Chrystusa jest tak r\u00f3\u017cne od wynios\u0142o\u015bci, jest po prostu podstaw\u0105 rzeczywisto\u015bci istnienia: do mi\u0142o\u015bci nale\u017ce\u0107 b\u0119dzie ostatnie s\u0142owo.<\/p>\n<p>Jezus pokazuje nam, \u017ce znaczeniem w\u0142adzy kr\u00f3lewskiej \u2014lub mocy\u2014 jest s\u0142u\u017cba innym. On powiedzia\u0142 o sobie samym, \u017ce jest Nauczycielem i Panem (por. J 13,13), a tak\u017ce Kr\u00f3lem (por. J 18,37), ale sprawowa\u0142 sw\u0105 w\u0142adz\u0119 myj\u0105c nogi swoim uczniom (por. J 13,4 nast.) i kr\u00f3lowa\u0142 daj\u0105c \u017cycie. Jezus kr\u00f3luje, na pocz\u0105tku, ze skromnej ko\u0142yski (z\u0142\u00f3bka!), a nast\u0119pnie z bardzo niewygodnego tronu, to znaczy z Krzy\u017ca.<\/p>\n<p>Na g\u00f3rze krzy\u017ca widnia\u0142 napis \u00abJezus Nazarejczyk, Kr\u00f3l \u017bydowski\u00bb (J 19,19): co pozornie zosta\u0142o zanegowane, potwierdzi\u0142o si\u0119 w g\u0142\u0119bokiej rzeczywisto\u015bci tajemnicy Boga, jako \u017ce Jezus kr\u00f3luje na Swym Krzy\u017cu i s\u0105dzi nas w Swej mi\u0142o\u015bci. \u00abB\u0119dziemy s\u0105dzeni z mi\u0142o\u015bci\u00bb.<\/p>\n","protected":false},"excerpt":{"rendered":"<p>Tekst Ewangelii (Mt\u00a025,31-46):\u00a0Gdy Syn Cz\u0142owieczy przyjdzie w swej chwale i wszyscy anio\u0142owie z Nim, wtedy zasi\u0105dzie na swoim tronie pe\u0142nym chwa\u0142y. I zgromadz\u0105 si\u0119 przed Nim wszystkie narody, a On oddzieli jednych [ludzi] od drugich, jak pasterz oddziela owce od koz\u0142\u00f3w. Owce postawi po prawej, a koz\u0142y po swojej lewej stronie. Wtedy odezwie si\u0119 Kr\u00f3l do tych po prawej stronie: &#8222;P\u00f3jd\u017acie, b\u0142ogos\u0142awieni Ojca mojego, we\u017acie w posiadanie kr\u00f3lestwo, przygotowane wam od za\u0142o\u017cenia \u015bwiata! Bo by\u0142em g\u0142odny, a dali\u015bcie Mi je\u015b\u0107; by\u0142em spragniony, a dali\u015bcie Mi pi\u0107; by\u0142em przybyszem, a przyj\u0119li\u015bcie Mnie; by\u0142em nagi, a przyodziali\u015bcie Mnie; by\u0142em chory, a odwiedzili\u015bcie Mnie; by\u0142em w wi\u0119zieniu, a przyszli\u015bcie do Mnie&#8221;. W\u00f3wczas zapytaj\u0105 sprawiedliwi: &#8222;Panie, kiedy widzieli\u015bmy Ci\u0119 g\u0142odnym i nakarmili\u015bmy Ciebie? spragnionym i dali\u015bmy Ci pi\u0107? Kiedy widzieli\u015bmy Ci\u0119 przybyszem i przyj\u0119li\u015bmy Ci\u0119? lub nagim i przyodziali\u015bmy Ci\u0119? Kiedy widzieli\u015bmy Ci\u0119 chorym lub w wi\u0119zieniu i przyszli\u015bmy do Ciebie?&#8221; A Kr\u00f3l im&hellip;<\/p>\n<p> <a class=\"more-link\" href=\"http:\/\/www.franciszek-walcz.pl\/?p=25543\">Czytaj dalej<\/a><\/p>\n","protected":false},"author":1,"featured_media":0,"comment_status":"closed","ping_status":"closed","sticky":false,"template":"","format":"standard","meta":{"footnotes":""},"categories":[5],"tags":[],"class_list":{"0":"post-25543","1":"post","2":"type-post","3":"status-publish","4":"format-standard","6":"category-artykuly"},"brizy_media":[],"_links":{"self":[{"href":"http:\/\/www.franciszek-walcz.pl\/index.php?rest_route=\/wp\/v2\/posts\/25543","targetHints":{"allow":["GET"]}}],"collection":[{"href":"http:\/\/www.franciszek-walcz.pl\/index.php?rest_route=\/wp\/v2\/posts"}],"about":[{"href":"http:\/\/www.franciszek-walcz.pl\/index.php?rest_route=\/wp\/v2\/types\/post"}],"author":[{"embeddable":true,"href":"http:\/\/www.franciszek-walcz.pl\/index.php?rest_route=\/wp\/v2\/users\/1"}],"replies":[{"embeddable":true,"href":"http:\/\/www.franciszek-walcz.pl\/index.php?rest_route=%2Fwp%2Fv2%2Fcomments&post=25543"}],"version-history":[{"count":2,"href":"http:\/\/www.franciszek-walcz.pl\/index.php?rest_route=\/wp\/v2\/posts\/25543\/revisions"}],"predecessor-version":[{"id":25545,"href":"http:\/\/www.franciszek-walcz.pl\/index.php?rest_route=\/wp\/v2\/posts\/25543\/revisions\/25545"}],"wp:attachment":[{"href":"http:\/\/www.franciszek-walcz.pl\/index.php?rest_route=%2Fwp%2Fv2%2Fmedia&parent=25543"}],"wp:term":[{"taxonomy":"category","embeddable":true,"href":"http:\/\/www.franciszek-walcz.pl\/index.php?rest_route=%2Fwp%2Fv2%2Fcategories&post=25543"},{"taxonomy":"post_tag","embeddable":true,"href":"http:\/\/www.franciszek-walcz.pl\/index.php?rest_route=%2Fwp%2Fv2%2Ftags&post=25543"}],"curies":[{"name":"wp","href":"https:\/\/api.w.org\/{rel}","templated":true}]}}