{"id":25589,"date":"2023-12-02T12:19:44","date_gmt":"2023-12-02T11:19:44","guid":{"rendered":"http:\/\/www.franciszek-walcz.pl\/?p=25589"},"modified":"2023-12-02T12:26:51","modified_gmt":"2023-12-02T11:26:51","slug":"intencje-zywego-rozanca-na-grudzien-2023-r","status":"publish","type":"post","link":"http:\/\/www.franciszek-walcz.pl\/?p=25589","title":{"rendered":"Intencje\u00a0\u017bywego\u00a0R\u00f3\u017ca\u0144ca na grudzie\u0144 2023 r."},"content":{"rendered":"<p class=\"western\"><span style=\"font-size: large;\"><i>1.\u00a0\u00a0<\/i><\/span><span style=\"font-size: large;\"><i><u>Intencja og\u00f3lna<\/u><\/i><\/span><\/p>\n<p class=\"western\"><span style=\"font-size: large;\">M\u00f3dlmy si\u0119, aby osoby niepe\u0142nosprawne znalaz\u0142y si\u0119 w\u00a0centrum uwagi spo\u0142ecze\u0144stwa, a\u00a0instytucje oferowa\u0142y programy, kt\u00f3re zwi\u0119ksz\u0105 ich aktywno\u015b\u0107.<\/span><\/p>\n<p class=\"western\"><span style=\"font-size: large;\">2<\/span><span style=\"font-size: large;\"><i>.\u00a0<\/i><\/span><span style=\"font-size: large;\"><i><u>Intencja misyjna<\/u><\/i><\/span><\/p>\n<p class=\"western\"><span style=\"font-size: large;\">Aby rodziny, szczeg\u00f3lnie te cierpi\u0105ce, w narodzinach Chrystusa odnalaz\u0142y nadziej\u0119.<\/span><\/p>\n<p class=\"western\"><span style=\"font-size: large;\">3.\u00a0<\/span><span style=\"font-size: large;\"><i><u>Intencja Krucjaty Modlitwy za Ojczyzn\u0119<\/u><\/i><\/span><\/p>\n<p class=\"western\"><span style=\"font-size: large;\">O \u015bwiat\u0142o Ducha \u015aw. i m\u0105dro\u015b\u0107 dla Prezydenta i Rz\u0105dz\u0105cych w naszej Ojczy\u017anie i wszystkich Polak\u00f3w.<\/span><\/p>\n<p class=\"western\"><span style=\"font-size: large;\">4.\u00a0<\/span><span style=\"font-size: large;\"><i><u>Intencja lokalna<\/u><\/i><\/span><\/p>\n<p class=\"western\"><span style=\"font-size: large;\">M\u00f3dlmy si\u0119 o prze\u017cycie w\u00a0<\/span><span style=\"font-size: large;\"><i>mocy Ducha \u015aw.<\/i><\/span><span style=\"font-size: large;\">\u00a0rekolekcji parafialnych, czasu adwentu i Bo\u017cego Narodzenia.<\/span><\/p>\n","protected":false},"excerpt":{"rendered":"<p>1.\u00a0\u00a0Intencja og\u00f3lna M\u00f3dlmy si\u0119, aby osoby niepe\u0142nosprawne znalaz\u0142y si\u0119 w\u00a0centrum uwagi spo\u0142ecze\u0144stwa, a\u00a0instytucje oferowa\u0142y programy, kt\u00f3re zwi\u0119ksz\u0105 ich aktywno\u015b\u0107. 2.\u00a0Intencja misyjna Aby rodziny, szczeg\u00f3lnie te cierpi\u0105ce, w narodzinach Chrystusa odnalaz\u0142y nadziej\u0119. 3.\u00a0Intencja Krucjaty Modlitwy za Ojczyzn\u0119 O \u015bwiat\u0142o Ducha \u015aw. i m\u0105dro\u015b\u0107 dla Prezydenta i Rz\u0105dz\u0105cych w naszej Ojczy\u017anie i wszystkich Polak\u00f3w. 4.\u00a0Intencja lokalna M\u00f3dlmy si\u0119 o prze\u017cycie w\u00a0mocy Ducha \u015aw.\u00a0rekolekcji parafialnych, czasu adwentu i Bo\u017cego Narodzenia.<\/p>\n","protected":false},"author":1,"featured_media":0,"comment_status":"closed","ping_status":"closed","sticky":false,"template":"","format":"standard","meta":{"footnotes":""},"categories":[1],"tags":[],"class_list":{"0":"post-25589","1":"post","2":"type-post","3":"status-publish","4":"format-standard","6":"category-uncategorized"},"brizy_media":[],"_links":{"self":[{"href":"http:\/\/www.franciszek-walcz.pl\/index.php?rest_route=\/wp\/v2\/posts\/25589","targetHints":{"allow":["GET"]}}],"collection":[{"href":"http:\/\/www.franciszek-walcz.pl\/index.php?rest_route=\/wp\/v2\/posts"}],"about":[{"href":"http:\/\/www.franciszek-walcz.pl\/index.php?rest_route=\/wp\/v2\/types\/post"}],"author":[{"embeddable":true,"href":"http:\/\/www.franciszek-walcz.pl\/index.php?rest_route=\/wp\/v2\/users\/1"}],"replies":[{"embeddable":true,"href":"http:\/\/www.franciszek-walcz.pl\/index.php?rest_route=%2Fwp%2Fv2%2Fcomments&post=25589"}],"version-history":[{"count":1,"href":"http:\/\/www.franciszek-walcz.pl\/index.php?rest_route=\/wp\/v2\/posts\/25589\/revisions"}],"predecessor-version":[{"id":25590,"href":"http:\/\/www.franciszek-walcz.pl\/index.php?rest_route=\/wp\/v2\/posts\/25589\/revisions\/25590"}],"wp:attachment":[{"href":"http:\/\/www.franciszek-walcz.pl\/index.php?rest_route=%2Fwp%2Fv2%2Fmedia&parent=25589"}],"wp:term":[{"taxonomy":"category","embeddable":true,"href":"http:\/\/www.franciszek-walcz.pl\/index.php?rest_route=%2Fwp%2Fv2%2Fcategories&post=25589"},{"taxonomy":"post_tag","embeddable":true,"href":"http:\/\/www.franciszek-walcz.pl\/index.php?rest_route=%2Fwp%2Fv2%2Ftags&post=25589"}],"curies":[{"name":"wp","href":"https:\/\/api.w.org\/{rel}","templated":true}]}}