{"id":25591,"date":"2023-12-02T12:29:58","date_gmt":"2023-12-02T11:29:58","guid":{"rendered":"http:\/\/www.franciszek-walcz.pl\/?p=25591"},"modified":"2023-12-02T12:34:04","modified_gmt":"2023-12-02T11:34:04","slug":"uwazajcie-czuwajcie-bo-nie-wiecie-kiedy-czas-ten-nadejdzie","status":"publish","type":"post","link":"http:\/\/www.franciszek-walcz.pl\/?p=25591","title":{"rendered":"\u00abUwa\u017cajcie, czuwajcie, bo nie wiecie, kiedy czas ten nadejdzie\u00bb"},"content":{"rendered":"<p class=\"western\" align=\"center\"><b>I Niedziela Adwentu<\/b><\/p>\n<p class=\"western\">Tekst Ewangelii (Mk\u00a013,33-37):\u00a0Rzek\u0142 wtedy Jezus do swoich uczni\u00f3w: \u00abUwa\u017cajcie, czuwajcie, bo nie wiecie, kiedy czas ten nadejdzie. Bo rzecz ma si\u0119 podobnie jak z cz\u0142owiekiem, kt\u00f3ry uda\u0142 si\u0119 w podr\u00f3\u017c. Zostawi\u0142 sw\u00f3j dom, powierzy\u0142 swoim s\u0142ugom staranie o wszystko, ka\u017cdemu wyznaczy\u0142 zaj\u0119cie, a od\u017awiernemu przykaza\u0142, \u017ceby czuwa\u0142. Czuwajcie wi\u0119c, bo nie wiecie, kiedy pan domu przyjdzie: z wieczora czy o p\u00f3\u0142nocy, czy o pianiu kogut\u00f3w, czy rankiem. By niespodzianie przyszed\u0142szy, nie zasta\u0142 was \u015bpi\u0105cych. Lecz co wam m\u00f3wi\u0119, m\u00f3wi\u0119 wszystkim: Czuwajcie!\u00bb.<\/p>\n<p class=\"western\" align=\"center\"><b>\u00abUwa\u017cajcie, czuwajcie, bo nie wiecie, kiedy czas ten nadejdzie\u00bb<\/b><\/p>\n<p class=\"western\">Dzisiaj, w pierwsz\u0105 niedziel\u0119 Adwentu, Ko\u015bci\u00f3\u0142 rozpoczyna nowy rok liturgiczny. Dlatego te\u017c wkraczamy w dni szczeg\u00f3lnego oczekiwania, odnowy i przygotowa\u0144.<\/p>\n<p>Jezus ostrzega, \u017ce nie wiemy \u00abkiedy czas ten nadejdzie\u00bb (Mk 13,33). Tak, w tym \u017cyciu jest jeden decyduj\u0105cy moment. Kiedy nadejdzie? Tego nie wiemy. Pan nie chcia\u0142 nawet wyjawi\u0107 momentu, w kt\u00f3rym mia\u0142by nast\u0105pi\u0107 koniec \u015bwiata.<\/p>\n<p>Tak czy inaczej, wszystko to prowadzi nas do przyj\u0119cia postawy oczekiwania i czujno\u015bci: \u00abby niespodzianie przyszed\u0142szy (&#8230;) nie zasta\u0142 was \u015bpi\u0105cych\u00bb (Mk 13,36). Czas ziemskiego \u017cycia jest czasem ofiarno\u015bci, czasem dojrzewania naszej zdolno\u015bci do kochania; nie jest czasem rozrywki. Jest to czas \u201cnarzecze\u0144stwa\u201d jako przygotowania do czasu \u201cza\u015blubin\u201d w innym \u015bwiecie, w komunii z Bogiem i wszystkimi \u015bwi\u0119tymi.<\/p>\n<p>Ale \u017cycie jest nieustannym rozpoczynaniem wci\u0105\u017c na nowo. Prawda jest taka, \u017ce przechodzimy przez wiele decyduj\u0105cych moment\u00f3w: by\u0107 mo\u017ce ka\u017cdy dzie\u0144, ka\u017cda godzina i ka\u017cda minuta powinny przemieni\u0107 si\u0119 w decyduj\u0105cy czas. Du\u017co ich czy ma\u0142o, ale &#8211; tak czy inaczej &#8211; tylko dni, godziny i minuty: to w nich, w konkretnym momencie, oczekuje nas Pan. \u00abW naszym \u017cyciu, w \u017cyciu chrze\u015bcijan, to pierwsze nawr\u00f3cenie &#8211; ten wyj\u0105tkowy moment, kt\u00f3ry ka\u017cdy z nas pami\u0119ta i w kt\u00f3rym ka\u017cdy zrobi\u0142 dok\u0142adnie to, o co prosi nas Pan &#8211; jest wa\u017cne; ale jeszcze wa\u017cniejsze i jeszcze trudniejsze s\u0105 kolejne nawr\u00f3cenia\u00bb (\u015aw. Josemar\u00eda).<\/p>\n<p>W tym okresie liturgicznym przygotowujemy si\u0119 do \u015bwi\u0119towania wielkiego przyj\u015bcia: przyj\u015bcie naszego &#8222;pana domu&#8221;. \u201cBo\u017ce Narodzenie\u201d, \u201cnarodziny\u201d: oby ka\u017cdy dzie\u0144 naszego \u017cycia by\u0142 &#8222;narodzinami&#8221; do \u017cycia w mi\u0142o\u015bci! By\u0107 mo\u017ce oka\u017ce si\u0119, \u017ce uczynienie naszego \u017cycia nieustannymi &#8222;narodzinami&#8221; b\u0119dzie najlepszym sposobem, aby nie \u201ezaspa\u0107\u201d. Nasza Matka, \u015bwi\u0119ta Maryja czuwa nad nami!<\/p>\n","protected":false},"excerpt":{"rendered":"<p>I Niedziela Adwentu Tekst Ewangelii (Mk\u00a013,33-37):\u00a0Rzek\u0142 wtedy Jezus do swoich uczni\u00f3w: \u00abUwa\u017cajcie, czuwajcie, bo nie wiecie, kiedy czas ten nadejdzie. Bo rzecz ma si\u0119 podobnie jak z cz\u0142owiekiem, kt\u00f3ry uda\u0142 si\u0119 w podr\u00f3\u017c. Zostawi\u0142 sw\u00f3j dom, powierzy\u0142 swoim s\u0142ugom staranie o wszystko, ka\u017cdemu wyznaczy\u0142 zaj\u0119cie, a od\u017awiernemu przykaza\u0142, \u017ceby czuwa\u0142. Czuwajcie wi\u0119c, bo nie wiecie, kiedy pan domu przyjdzie: z wieczora czy o p\u00f3\u0142nocy, czy o pianiu kogut\u00f3w, czy rankiem. By niespodzianie przyszed\u0142szy, nie zasta\u0142 was \u015bpi\u0105cych. Lecz co wam m\u00f3wi\u0119, m\u00f3wi\u0119 wszystkim: Czuwajcie!\u00bb. \u00abUwa\u017cajcie, czuwajcie, bo nie wiecie, kiedy czas ten nadejdzie\u00bb Dzisiaj, w pierwsz\u0105 niedziel\u0119 Adwentu, Ko\u015bci\u00f3\u0142 rozpoczyna nowy rok liturgiczny. Dlatego te\u017c wkraczamy w dni szczeg\u00f3lnego oczekiwania, odnowy i przygotowa\u0144. Jezus ostrzega, \u017ce nie wiemy \u00abkiedy czas ten nadejdzie\u00bb (Mk 13,33). Tak, w tym \u017cyciu jest jeden decyduj\u0105cy moment. Kiedy nadejdzie? Tego nie wiemy. Pan nie chcia\u0142 nawet wyjawi\u0107 momentu, w kt\u00f3rym mia\u0142by nast\u0105pi\u0107 koniec \u015bwiata. Tak&hellip;<\/p>\n<p> <a class=\"more-link\" href=\"http:\/\/www.franciszek-walcz.pl\/?p=25591\">Czytaj dalej<\/a><\/p>\n","protected":false},"author":1,"featured_media":0,"comment_status":"closed","ping_status":"closed","sticky":false,"template":"","format":"standard","meta":{"footnotes":""},"categories":[1],"tags":[],"class_list":{"0":"post-25591","1":"post","2":"type-post","3":"status-publish","4":"format-standard","6":"category-uncategorized"},"brizy_media":[],"_links":{"self":[{"href":"http:\/\/www.franciszek-walcz.pl\/index.php?rest_route=\/wp\/v2\/posts\/25591","targetHints":{"allow":["GET"]}}],"collection":[{"href":"http:\/\/www.franciszek-walcz.pl\/index.php?rest_route=\/wp\/v2\/posts"}],"about":[{"href":"http:\/\/www.franciszek-walcz.pl\/index.php?rest_route=\/wp\/v2\/types\/post"}],"author":[{"embeddable":true,"href":"http:\/\/www.franciszek-walcz.pl\/index.php?rest_route=\/wp\/v2\/users\/1"}],"replies":[{"embeddable":true,"href":"http:\/\/www.franciszek-walcz.pl\/index.php?rest_route=%2Fwp%2Fv2%2Fcomments&post=25591"}],"version-history":[{"count":2,"href":"http:\/\/www.franciszek-walcz.pl\/index.php?rest_route=\/wp\/v2\/posts\/25591\/revisions"}],"predecessor-version":[{"id":25594,"href":"http:\/\/www.franciszek-walcz.pl\/index.php?rest_route=\/wp\/v2\/posts\/25591\/revisions\/25594"}],"wp:attachment":[{"href":"http:\/\/www.franciszek-walcz.pl\/index.php?rest_route=%2Fwp%2Fv2%2Fmedia&parent=25591"}],"wp:term":[{"taxonomy":"category","embeddable":true,"href":"http:\/\/www.franciszek-walcz.pl\/index.php?rest_route=%2Fwp%2Fv2%2Fcategories&post=25591"},{"taxonomy":"post_tag","embeddable":true,"href":"http:\/\/www.franciszek-walcz.pl\/index.php?rest_route=%2Fwp%2Fv2%2Ftags&post=25591"}],"curies":[{"name":"wp","href":"https:\/\/api.w.org\/{rel}","templated":true}]}}