{"id":25621,"date":"2023-12-09T11:12:40","date_gmt":"2023-12-09T10:12:40","guid":{"rendered":"http:\/\/www.franciszek-walcz.pl\/?p=25621"},"modified":"2023-12-09T11:13:36","modified_gmt":"2023-12-09T10:13:36","slug":"ii-niedziela-adwentu","status":"publish","type":"post","link":"http:\/\/www.franciszek-walcz.pl\/?p=25621","title":{"rendered":"II Niedziela Adwentu"},"content":{"rendered":"<p class=\"western\"><span style=\"font-size: medium;\">Tekst Ewangelii (Mk\u00a01,1-8):\u00a0Pocz\u0105tek Ewangelii o Jezusie Chrystusie, Synu Bo\u017cym. Jak jest napisane u proroka Izajasza: Oto Ja posy\u0142am wys\u0142a\u0144ca mego przed Tob\u0105; on przygotuje drog\u0119 Twoj\u0105. G\u0142os wo\u0142aj\u0105cego na pustyni: Przygotujcie drog\u0119 Panu, Dla Niego prostujcie \u015bcie\u017cki!.<\/p>\n<p>Wyst\u0105pi\u0142 Jan Chrzciciel na pustyni i g\u0142osi\u0142 chrzest nawr\u00f3cenia na odpuszczenie grzech\u00f3w. Ci\u0105gn\u0119\u0142a do niego ca\u0142a judzka kraina oraz wszyscy mieszka\u0144cy Jerozolimy i przyjmowali od niego chrzest w rzece Jordan, wyznaj\u0105c [przy tym] swe grzechy.<\/p>\n<p>Jan nosi\u0142 odzienie z sier\u015bci wielb\u0142\u0105dziej i pas sk\u00f3rzany oko\u0142o bioder, a \u017cywi\u0142 si\u0119 szara\u0144cz\u0105 i miodem le\u015bnym. I tak g\u0142osi\u0142: \u00abIdzie za mn\u0105 mocniejszy ode mnie, a ja nie jestem godzien, aby si\u0119 schyli\u0107 i rozwi\u0105za\u0107 rzemyk u Jego sanda\u0142\u00f3w. Ja chrzci\u0142em was wod\u0105, On za\u015b chrzci\u0107 was b\u0119dzie Duchem \u015awi\u0119tym\u00bb.<\/span><\/p>\n<p class=\"western\"><strong><span style=\"font-size: medium;\">\u00abWyst\u0105pi\u0142 Jan Chrzciciel na pustyni i g\u0142osi\u0142 chrzest nawr\u00f3cenia\u00bb<\/span><\/strong><\/p>\n<p class=\"western\"><span style=\"font-size: medium;\">W drug\u0105 niedziel\u0119 Adwentu s\u0142yszymy g\u0142os, kt\u00f3ry wo\u0142a: \u00abPrzygotujcie drog\u0119 Panu, Dla Niego prostujcie \u015bcie\u017cki!\u00bb. Spotykamy dzi\u015b Jana Chrzciciela, kt\u00f3ry przygotowuje scen\u0119 na wkroczenie Jezusa.<\/p>\n<p>Niekt\u00f3rzy my\u015bleli, \u017ce to Jan by\u0142 prawdziwym Mesjaszem. M\u00f3wi\u0142 tak jak dawni prorocy, opowiadaj\u0105c, \u017ce cz\u0142owiek musi wyj\u015b\u0107 z grzechu, aby uciec od kary i wr\u00f3ci\u0107 do Boga, by znale\u017a\u0107 Jego mi\u0142osierdzie. To przes\u0142anie na wszystkie czasy i do wszystkich miejsc i Jan wyg\u0142asza\u0142 je pilnie. Dzi\u0119ki temu, mn\u00f3stwo ludzi nap\u0142yn\u0119\u0142o z Jerozolimy i z ca\u0142ej Judei na pustyni\u0119 Jana, by s\u0142ucha\u0107 jego nauczania.<\/p>\n<p>Jak to mo\u017cliwe, \u017ce Jan przyci\u0105ga\u0142 takie t\u0142umy m\u0119\u017cczyzn i kobiet? Oczywi\u015bcie oskar\u017ca\u0142 Heroda i przyw\u00f3dc\u00f3w religijnych &#8211; przejaw odwagi, kt\u00f3ry fascynowa\u0142 prosty lud. Ale jednocze\u015bnie nie szcz\u0119dzi\u0142 mocnych s\u0142\u00f3w do wszystkich ludzi: bo oni te\u017c byli grzesznikami i musieli si\u0119 nawr\u00f3ci\u0107. A po wyznaniu grzech\u00f3w, chrzci\u0142 ich w rzece Jordan. Dlatego Jan Chrzciciel tak ich fascynowa\u0142, bo rozumieli przes\u0142anie prawdziwej skruchy, kt\u00f3re chcia\u0142 im przekaza\u0107. Skruchy, kt\u00f3ra by\u0142a czym\u015b wi\u0119cej ni\u017c tylko wyznaniem grzechu \u2014 sama w sobie by\u0142a ogromnym krokiem naprz\u00f3d i to bardzo pi\u0119knym! Ale ta skrucha opiera\u0142a si\u0119 r\u00f3wnie\u017c na wierze w to, \u017ce tylko B\u00f3g mo\u017ce jednocze\u015bnie przebaczy\u0107 i wymaza\u0107, usun\u0105\u0107 d\u0142ug i oczy\u015bci\u0107 zakamarki mojej duszy, wyprostowa\u0107 moje moralne \u015bcie\u017cki, tak nieuczciwe.<\/p>\n<p>\u00abNie marnujcie tego czasu mi\u0142osierdzia ofiarowanego przez Boga\u00bb, m\u00f3wi \u015bw. Grzegorz Wielki. \u2014Nie niszczmy tego momentu, odpowiedniego, by nasyci\u0107 si\u0119 t\u0105 oczyszczaj\u0105c\u0105 mi\u0142o\u015bci\u0105, kt\u00f3ra jest nam ofiarowywana teraz, kiedy czas Adwentu rysuje si\u0119 przed nami.<\/p>\n<p>Jeste\u015bmy gotowi, by podczas tego Adwentu prostowa\u0107 \u015bcie\u017cki dla naszego Pana? Mog\u0119 przemieni\u0107 ten czas w czas po\u015bwi\u0119cony bardziej autentycznemu, g\u0142\u0119bszemu wyznaniu w moim \u017cyciu? Jan wymaga\u0142 szczero\u015bci \u2014szczero\u015bci przed sob\u0105 samym\u2014 jednoczesnej z oddaniem si\u0119 mi\u0142osierdziu Bo\u017cemu. Czyni\u0105c to, pomaga\u0142 ludowi \u017cy\u0107 dla Boga, pomaga\u0142 zrozumie\u0107, \u017ce \u017cycie jest kwesti\u0105 walki o otwarcie dr\u00f3g cnoty i pozwolenie, aby \u0142aska Boga o\u017cywia\u0142a ich ducha swoj\u0105 rado\u015bci\u0105.<\/span><\/p>\n","protected":false},"excerpt":{"rendered":"<p>Tekst Ewangelii (Mk\u00a01,1-8):\u00a0Pocz\u0105tek Ewangelii o Jezusie Chrystusie, Synu Bo\u017cym. Jak jest napisane u proroka Izajasza: Oto Ja posy\u0142am wys\u0142a\u0144ca mego przed Tob\u0105; on przygotuje drog\u0119 Twoj\u0105. G\u0142os wo\u0142aj\u0105cego na pustyni: Przygotujcie drog\u0119 Panu, Dla Niego prostujcie \u015bcie\u017cki!. Wyst\u0105pi\u0142 Jan Chrzciciel na pustyni i g\u0142osi\u0142 chrzest nawr\u00f3cenia na odpuszczenie grzech\u00f3w. Ci\u0105gn\u0119\u0142a do niego ca\u0142a judzka kraina oraz wszyscy mieszka\u0144cy Jerozolimy i przyjmowali od niego chrzest w rzece Jordan, wyznaj\u0105c [przy tym] swe grzechy. Jan nosi\u0142 odzienie z sier\u015bci wielb\u0142\u0105dziej i pas sk\u00f3rzany oko\u0142o bioder, a \u017cywi\u0142 si\u0119 szara\u0144cz\u0105 i miodem le\u015bnym. I tak g\u0142osi\u0142: \u00abIdzie za mn\u0105 mocniejszy ode mnie, a ja nie jestem godzien, aby si\u0119 schyli\u0107 i rozwi\u0105za\u0107 rzemyk u Jego sanda\u0142\u00f3w. Ja chrzci\u0142em was wod\u0105, On za\u015b chrzci\u0107 was b\u0119dzie Duchem \u015awi\u0119tym\u00bb. \u00abWyst\u0105pi\u0142 Jan Chrzciciel na pustyni i g\u0142osi\u0142 chrzest nawr\u00f3cenia\u00bb W drug\u0105 niedziel\u0119 Adwentu s\u0142yszymy g\u0142os, kt\u00f3ry wo\u0142a: \u00abPrzygotujcie drog\u0119 Panu, Dla Niego prostujcie \u015bcie\u017cki!\u00bb. Spotykamy dzi\u015b&hellip;<\/p>\n<p> <a class=\"more-link\" href=\"http:\/\/www.franciszek-walcz.pl\/?p=25621\">Czytaj dalej<\/a><\/p>\n","protected":false},"author":1,"featured_media":0,"comment_status":"closed","ping_status":"closed","sticky":false,"template":"","format":"standard","meta":{"footnotes":""},"categories":[1],"tags":[],"class_list":{"0":"post-25621","1":"post","2":"type-post","3":"status-publish","4":"format-standard","6":"category-uncategorized"},"brizy_media":[],"_links":{"self":[{"href":"http:\/\/www.franciszek-walcz.pl\/index.php?rest_route=\/wp\/v2\/posts\/25621","targetHints":{"allow":["GET"]}}],"collection":[{"href":"http:\/\/www.franciszek-walcz.pl\/index.php?rest_route=\/wp\/v2\/posts"}],"about":[{"href":"http:\/\/www.franciszek-walcz.pl\/index.php?rest_route=\/wp\/v2\/types\/post"}],"author":[{"embeddable":true,"href":"http:\/\/www.franciszek-walcz.pl\/index.php?rest_route=\/wp\/v2\/users\/1"}],"replies":[{"embeddable":true,"href":"http:\/\/www.franciszek-walcz.pl\/index.php?rest_route=%2Fwp%2Fv2%2Fcomments&post=25621"}],"version-history":[{"count":2,"href":"http:\/\/www.franciszek-walcz.pl\/index.php?rest_route=\/wp\/v2\/posts\/25621\/revisions"}],"predecessor-version":[{"id":25623,"href":"http:\/\/www.franciszek-walcz.pl\/index.php?rest_route=\/wp\/v2\/posts\/25621\/revisions\/25623"}],"wp:attachment":[{"href":"http:\/\/www.franciszek-walcz.pl\/index.php?rest_route=%2Fwp%2Fv2%2Fmedia&parent=25621"}],"wp:term":[{"taxonomy":"category","embeddable":true,"href":"http:\/\/www.franciszek-walcz.pl\/index.php?rest_route=%2Fwp%2Fv2%2Fcategories&post=25621"},{"taxonomy":"post_tag","embeddable":true,"href":"http:\/\/www.franciszek-walcz.pl\/index.php?rest_route=%2Fwp%2Fv2%2Ftags&post=25621"}],"curies":[{"name":"wp","href":"https:\/\/api.w.org\/{rel}","templated":true}]}}