{"id":25706,"date":"2023-12-16T12:28:40","date_gmt":"2023-12-16T11:28:40","guid":{"rendered":"http:\/\/www.franciszek-walcz.pl\/?p=25706"},"modified":"2023-12-16T12:58:24","modified_gmt":"2023-12-16T11:58:24","slug":"msze-sw-w-okresie-swiatecznym","status":"publish","type":"post","link":"http:\/\/www.franciszek-walcz.pl\/?p=25706","title":{"rendered":"MSZE \u015aW. W OKRESIE \u015aWI\u0104TECZNYM"},"content":{"rendered":"<p><strong>MSZE \u015aW. W OKRESIE \u015aWI\u0104TECZNYM<\/strong><\/p>\n<table style=\"width: 50.0745%;\" width=\"671\">\n<tbody>\n<tr>\n<td style=\"width: 16.8155%;\" width=\"115\"><strong>DATA<\/strong><\/td>\n<td style=\"width: 35.2946%;\" width=\"326\"><strong>GODZINY MSZY \u015aW.<\/strong><\/td>\n<td style=\"width: 47.7411%;\" width=\"186\">UWAGI<\/td>\n<\/tr>\n<tr>\n<td style=\"width: 16.8155%;\" width=\"115\"><u><strong>24 XII Ndz<\/strong><\/u><\/td>\n<td style=\"width: 35.2946%;\" width=\"326\"><u><strong>Rano 9,00 i 10,30<\/strong><\/u><\/p>\n<p><u><strong>22.00<\/strong><\/u><\/td>\n<td style=\"width: 47.7411%;\" width=\"186\">&nbsp;<\/p>\n<p><u><strong>PASTERKA<\/strong><\/u><\/td>\n<\/tr>\n<tr>\n<td style=\"width: 16.8155%;\" width=\"115\"><strong>25 XII Pn<\/strong><\/td>\n<td style=\"width: 35.2946%;\" width=\"326\"><strong>10,30 <\/strong><\/td>\n<td style=\"width: 47.7411%;\" width=\"186\"><strong>Nie ma mszy \u015bw.<\/strong><\/p>\n<p><strong>o godz. 9,00<\/strong><\/td>\n<\/tr>\n<tr>\n<td style=\"width: 16.8155%;\" width=\"115\"><strong>26 XII Wt<\/strong><\/td>\n<td style=\"width: 35.2946%;\" width=\"326\"><strong>9,00 , 10,30 <\/strong><\/td>\n<td style=\"width: 47.7411%;\" width=\"186\"><strong>Porz\u0105dek niedzielny<\/strong><\/td>\n<\/tr>\n<tr>\n<td style=\"width: 16.8155%;\" width=\"115\"><strong>27 XII \u015ar<\/strong><\/td>\n<td style=\"width: 35.2946%;\" rowspan=\"3\" width=\"326\"><strong>Msza \u015bw. poza Parafi\u0105<\/strong><\/td>\n<td style=\"width: 47.7411%;\" rowspan=\"3\" width=\"186\"><\/td>\n<\/tr>\n<tr>\n<td style=\"width: 16.8155%;\" width=\"115\"><strong>28 XII Czw<\/strong><\/td>\n<\/tr>\n<tr>\n<td style=\"width: 16.8155%;\" width=\"115\"><strong>29 XII Pt<\/strong><\/td>\n<\/tr>\n<tr>\n<td style=\"width: 16.8155%;\" width=\"115\"><strong>30 XII Sb<\/strong><\/td>\n<td style=\"width: 35.2946%;\" width=\"326\"><strong>17,00<\/strong><\/td>\n<td style=\"width: 47.7411%;\" width=\"186\"><\/td>\n<\/tr>\n<tr>\n<td style=\"width: 16.8155%;\" width=\"115\"><strong>31 XII Ndz<\/strong><\/td>\n<td style=\"width: 35.2946%;\" width=\"326\"><strong>9,00 , 10,30 <\/strong><\/td>\n<td style=\"width: 47.7411%;\" width=\"186\"><u><strong>Nie ma mszy \u015bw. wieczorem<\/strong><\/u><\/td>\n<\/tr>\n<tr>\n<td style=\"width: 16.8155%;\" width=\"115\"><strong>01.I.2024 Pn<\/strong><\/td>\n<td style=\"width: 35.2946%;\" width=\"326\"><strong>10,30 <\/strong><\/td>\n<td style=\"width: 47.7411%;\" width=\"186\"><strong>Nowy rok<\/strong><\/td>\n<\/tr>\n<tr>\n<td style=\"width: 16.8155%;\" width=\"115\"><\/td>\n<td style=\"width: 35.2946%;\" width=\"326\"><\/td>\n<td style=\"width: 47.7411%;\" width=\"186\"><\/td>\n<\/tr>\n<\/tbody>\n<\/table>\n<p><u><strong>Od 2 stycznia rozpocznie si\u0119 wizyta duszpasterska zwana KOL\u0118D\u0104.<\/strong><\/u><\/p>\n<div class=\"brz-root__container brz-reset-all\"><\/div>\n<p><!-- version:1702727614 --><\/p>\n","protected":false},"excerpt":{"rendered":"<p>MSZE \u015aW. W OKRESIE \u015aWI\u0104TECZNYM DATA GODZINY MSZY \u015aW. UWAGI 24 XII Ndz Rano 9,00 i 10,30 22.00 &nbsp; PASTERKA 25 XII Pn 10,30 Nie ma mszy \u015bw. o godz. 9,00 26 XII Wt 9,00 , 10,30 Porz\u0105dek niedzielny 27 XII \u015ar Msza \u015bw. poza Parafi\u0105 28 XII Czw 29 XII Pt 30 XII Sb 17,00 31 XII Ndz 9,00 , 10,30 Nie ma mszy \u015bw. wieczorem 01.I.2024 Pn 10,30 Nowy rok Od 2 stycznia rozpocznie si\u0119 wizyta duszpasterska zwana KOL\u0118D\u0104.<\/p>\n","protected":false},"author":1,"featured_media":0,"comment_status":"closed","ping_status":"closed","sticky":false,"template":"brizy-blank-template.php","format":"standard","meta":{"footnotes":""},"categories":[1],"tags":[],"class_list":{"0":"post-25706","1":"post","2":"type-post","3":"status-publish","4":"format-standard","6":"category-uncategorized"},"brizy_media":[],"_links":{"self":[{"href":"http:\/\/www.franciszek-walcz.pl\/index.php?rest_route=\/wp\/v2\/posts\/25706","targetHints":{"allow":["GET"]}}],"collection":[{"href":"http:\/\/www.franciszek-walcz.pl\/index.php?rest_route=\/wp\/v2\/posts"}],"about":[{"href":"http:\/\/www.franciszek-walcz.pl\/index.php?rest_route=\/wp\/v2\/types\/post"}],"author":[{"embeddable":true,"href":"http:\/\/www.franciszek-walcz.pl\/index.php?rest_route=\/wp\/v2\/users\/1"}],"replies":[{"embeddable":true,"href":"http:\/\/www.franciszek-walcz.pl\/index.php?rest_route=%2Fwp%2Fv2%2Fcomments&post=25706"}],"version-history":[{"count":8,"href":"http:\/\/www.franciszek-walcz.pl\/index.php?rest_route=\/wp\/v2\/posts\/25706\/revisions"}],"predecessor-version":[{"id":25737,"href":"http:\/\/www.franciszek-walcz.pl\/index.php?rest_route=\/wp\/v2\/posts\/25706\/revisions\/25737"}],"wp:attachment":[{"href":"http:\/\/www.franciszek-walcz.pl\/index.php?rest_route=%2Fwp%2Fv2%2Fmedia&parent=25706"}],"wp:term":[{"taxonomy":"category","embeddable":true,"href":"http:\/\/www.franciszek-walcz.pl\/index.php?rest_route=%2Fwp%2Fv2%2Fcategories&post=25706"},{"taxonomy":"post_tag","embeddable":true,"href":"http:\/\/www.franciszek-walcz.pl\/index.php?rest_route=%2Fwp%2Fv2%2Ftags&post=25706"}],"curies":[{"name":"wp","href":"https:\/\/api.w.org\/{rel}","templated":true}]}}