{"id":25709,"date":"2023-12-16T12:37:08","date_gmt":"2023-12-16T11:37:08","guid":{"rendered":"http:\/\/www.franciszek-walcz.pl\/?p=25709"},"modified":"2023-12-16T12:37:08","modified_gmt":"2023-12-16T11:37:08","slug":"iii-niedziela-adwentu","status":"publish","type":"post","link":"http:\/\/www.franciszek-walcz.pl\/?p=25709","title":{"rendered":"III Niedziela Adwentu"},"content":{"rendered":"<p class=\"western\"><span style=\"font-size: medium;\"><strong>Tekst Ewangelii (J\u00a01,6-8.19-28):<\/strong>\u00a0Pojawi\u0142 si\u0119 cz\u0142owiek pos\u0142any przez Boga &#8211; Jan mu by\u0142o na imi\u0119. Przyszed\u0142 on na \u015bwiadectwo, aby za\u015bwiadczy\u0107 o \u015bwiat\u0142o\u015bci, by wszyscy uwierzyli przez niego. Nie by\u0142 on \u015bwiat\u0142o\u015bci\u0105, lecz [pos\u0142anym], aby za\u015bwiadczy\u0107 o \u015bwiat\u0142o\u015bci. Takie jest \u015bwiadectwo Jana. Gdy \u017bydzi wys\u0142ali do niego z Jerozolimy kap\u0142an\u00f3w i lewit\u00f3w z zapytaniem: \u00abKto ty jeste\u015b?\u00bb, on wyzna\u0142, a nie zaprzeczy\u0142, o\u015bwiadczaj\u0105c: \u00abJa nie jestem Mesjaszem\u00bb. Zapytali go: \u00abC\u00f3\u017c zatem? Czy jeste\u015b Eliaszem?\u00bb Odrzek\u0142: \u00abNie jestem\u00bb. \u00abCzy ty jeste\u015b prorokiem?\u00bb Odpar\u0142: \u00abNie!\u00bb Powiedzieli mu wi\u0119c: \u00abKim jeste\u015b, aby\u015bmy mogli da\u0107 odpowied\u017a tym, kt\u00f3rzy nas wys\u0142ali? Co m\u00f3wisz sam o sobie?\u00bb Odpowiedzia\u0142: \u00abJam g\u0142os wo\u0142aj\u0105cego na pustyni: Prostujcie drog\u0119 Pa\u0144sk\u0105, jak powiedzia\u0142 prorok Izajasz\u00bb.<\/p>\n<p>A wys\u0142annicy byli spo\u015br\u00f3d faryzeusz\u00f3w. I zadawali mu pytania, m\u00f3wi\u0105c do niego: \u00abCzemu zatem chrzcisz, skoro nie jeste\u015b ani Mesjaszem, ani Eliaszem, ani prorokiem?\u00bb Jan im tak odpowiedzia\u0142: \u00abJa chrzcz\u0119 wod\u0105. Po\u015br\u00f3d was stoi Ten, kt\u00f3rego wy nie znacie, kt\u00f3ry po mnie idzie, a kt\u00f3remu ja nie jestem godzien odwi\u0105za\u0107 rzemyka u Jego sanda\u0142a\u00bb. Dzia\u0142o si\u0119 to w Betanii, po drugiej stronie Jordanu, gdzie Jan udziela\u0142 chrztu.<\/span><\/p>\n<p class=\"western\"><strong><span style=\"font-size: medium;\">\u00abPo\u015br\u00f3d Was stoi Ten, kt\u00f3rego wy nie znacie\u00bb<\/span><\/strong><\/p>\n<p class=\"western\"><span style=\"font-size: medium;\">Dzi\u015b niedziela \u201eGaudete\u201d.\u00a0Czym ona jest?\u00a0W trzeci\u0105 niedziel\u0119 Adwentu Ko\u015bci\u00f3\u0142 zaprasza nas, aby\u015bmy si\u0119 radowali.\u00a0Motywem przewodnim tej niedzieli s\u0105 s\u0142owa zaczerpni\u0119te z Listu do Filipian.\u00a0Gaudete in Domino semper \u2013 Radujcie si\u0119 zawsze w Panu\u00a0(Flp 4,4). S\u0142owo \u201egaudete\u201d oznacza po prostu \u201eraduj si\u0119!\u201d. Kolorem liturgicznym tej niedzieli jest r\u00f3\u017cowy. To symbol rado\u015bci. St\u0105d dzisiejsza niedziela mo\u017ce by\u0107 dla nas \u017ar\u00f3d\u0142em prawdziwej rado\u015bci, poniewa\u017c zbli\u017camy si\u0119 do wype\u0142nienia Bo\u017cej obietnicy.<\/span><\/p>\n<p class=\"western\"><span style=\"font-size: medium;\">Czym jest rado\u015b\u0107 wynikaj\u0105ca z Bo\u017cej obietnicy, ukazuje Izajasz w pierwszym czytaniu. Prorok do\u015bwiadczy\u0142 dzia\u0142ania Bo\u017cej opieki w swoim \u017cyciu i misji, st\u0105d wo\u0142a:\u00a0Duch Pana Boga nade mn\u0105, bo Pan mnie nama\u015bci\u0142\u00a0(Iz 61,1). Dzi\u0119ki temu g\u0142osi Dobr\u0105 Nowin\u0119, opatruje rany serc, og\u0142asza wolno\u015b\u0107 uwi\u0119zionym i og\u0142asza rok \u0142aski Pa\u0144skiej. W dzisiejsz\u0105 niedziel\u0119, podobnie jak Izajasz, powinni\u015bmy \u015bpiewa\u0107 t\u0119 sam\u0105 pie\u015b\u0144, poniewa\u017c jeste\u015bmy nape\u0142nieni Duchem Bo\u017cym, kt\u00f3ry dodaje nam si\u0142y w naszym ostatnim przygotowaniu do przyj\u015bcia naszego Zbawiciela. \u0179r\u00f3d\u0142em rado\u015bci jest to, \u017ce nasze zbawienie jest blisko.<\/span><\/p>\n<p class=\"western\"><span style=\"font-size: medium;\">Z tego wynika nasza rado\u015b\u0107. Podkre\u015bla to \u015bw. Pawe\u0142 w drugim czytaniu, kiedy kieruje do nas s\u0142owa zach\u0119ty: Zawsze si\u0119 radujcie, nieustannie si\u0119 m\u00f3dlcie\u00a0(1 Tes 5,16-17). Przy tym w tej rado\u015bci mamy by\u0107 czujni. St\u0105d tak\u017ce wezwanie do nieustannej modlitwy. Ta modlitwa ma podtrzymywa\u0107 nas w skupieniu na naszej adwentowej drodze. Modlitwa ma nam przypomina\u0107, \u017ce to nie koniec naszej adwentowej w\u0119dr\u00f3wki.<\/span><\/p>\n<p class=\"western\"><span style=\"font-size: medium;\">Przed nami jeszcze troch\u0119 drogi. Nawr\u00f3cenie to zadanie na ca\u0142e \u017cycie. Przypomina nam o tym w Ewangelii Jana Chrzciciel. \u00d3w prorok, podobnie jak tydzie\u0144 temu, nawo\u0142uje do nawr\u00f3cenia. Nawi\u0105zuj\u0105c do proroka Izajasza, m\u00f3wi:\u00a0Prostujcie drog\u0119 Pa\u0144sk\u0105\u00a0(J 1,23). Kiedy spodziewamy si\u0119 wizyty kogo\u015b wa\u017cnego, trzeba najpierw sprawdzi\u0107, czy przejezdna jest do nas droga. Mo\u017ce si\u0119 zdarzy\u0107, \u017ce niekt\u00f3re z nich trzeba naprawi\u0107. B\u00f3g ma do nas przyj\u015b\u0107, ale trzeba w naszym \u017cyciu przygotowa\u0107 mu drog\u0119 \u2013 drog\u0119 do naszego serca. To wymaga du\u017cej pracy duchowej, do kt\u00f3rej jeste\u015bmy wezwani, zw\u0142aszcza teraz, w okresie Adwentu.<\/span><\/p>\n<p class=\"western\"><span style=\"font-size: medium;\">Jest to o tyle wa\u017cne, \u017ce pomimo przyj\u015bcia Chrystusa, nasz \u015bwiat nie jest taki, jakiego chce B\u00f3g. To wci\u0105\u017c \u015bwiat naznaczony niesprawiedliwo\u015bci\u0105, nienawi\u015bci\u0105 i przemoc\u0105. To cz\u0119sto \u015bwiat, w kt\u00f3rym wielu ludzi zamiast rado\u015bci odczuwa tylko smutek. W telewizji czy Internecie ci\u0105gle jest mowa o rado\u015bci. Nawet wydaje nam si\u0119, \u017ce wiemy, jak szuka\u0107 rado\u015bci, cho\u0107 cz\u0119sto ta rado\u015b\u0107 to tylko teoria. Opowiada si\u0119 o wielkim poecie Dante, \u017ce p\u00f3\u017anym wieczorem zapuka\u0142 do furty klasztornej i na pytanie o to, czego szuka o tak p\u00f3\u017anej porze, odpowiedzia\u0142: \u201eSzukam rado\u015bci!\u201d Cz\u0142owiek od zawsze szuka rado\u015bci. Mimo to nie zawsze potrafi odnale\u017a\u0107 prawdziw\u0105 rado\u015b\u0107. Bardzo cz\u0119sto okazuje si\u0119, \u017ce cz\u0142owiek jest \u015bmiertelnie smutny. Dosz\u0142o nawet do tego, \u017ce w pewnym mie\u015bcie w Stanach Zjednoczonych uchwalono na konferencji nauczycieli wprowadzenie do programu szkolenia nauk\u0119 u\u015bmiechu.<\/span><\/p>\n<p class=\"western\"><span style=\"font-size: medium;\">Ludzie maj\u0105 r\u00f3\u017cne pomys\u0142y, aby wprowadza\u0107 w swoim \u017cyciu rado\u015b\u0107. Niestety nie wszystkie pomys\u0142y daj\u0105 prawdziw\u0105 i trwa\u0142\u0105 rado\u015b\u0107 w \u017cyciu. Dr Harold Treffert, dyrektor Instytutu Zdrowia Psychicznego w Wisconsin w Stanach Zjednoczonych, przeprowadzi\u0142 kiedy\u015b badania naukowe na temat rado\u015bci. Owocem tych bada\u0144 by\u0142 artyku\u0142 zatytu\u0142owany \u201eAmeryka\u0144ska bajka\u201d. Naukowiec om\u00f3wi\u0142 w nim pi\u0119\u0107 niebezpiecznych pomys\u0142\u00f3w, kt\u00f3re dotycz\u0105 naszej rado\u015bci.<\/span><\/p>\n<p class=\"western\"><span style=\"font-size: medium;\">Po pierwsze, to, co sprawia rado\u015b\u0107, to rzeczy. Im wi\u0119cej zgromadzisz i b\u0119dziesz mie\u0107, tym b\u0119dziesz bardziej radosny.<\/span><\/p>\n<p class=\"western\"><span style=\"font-size: medium;\">Po drugie, rado\u015b\u0107 da ci to, co robisz. Im wi\u0119cej produkujesz i zarabiasz, tym b\u0119dziesz bardziej szcz\u0119\u015bliwy i radosny.<\/span><\/p>\n<p class=\"western\"><span style=\"font-size: medium;\">Po trzecie, je\u015bli chcesz by\u0107 radosny, to b\u0105d\u017a jak inni. Im bardziej b\u0119dziesz modny i zgodny z duchem czasu, tym b\u0119dziesz bardziej szcz\u0119\u015bliwy.<\/span><\/p>\n<p class=\"western\"><span style=\"font-size: medium;\">Po czwarte, rado\u015b\u0107 to stan zdrowia psychicznego. Im mniej masz problem\u00f3w i jeste\u015b bardziej beztroski, tym b\u0119dziesz bardziej radosny.<\/span><\/p>\n<p class=\"western\"><span style=\"font-size: medium;\">Po pi\u0105te, rado\u015b\u0107 to komunikowanie si\u0119 za pomoc\u0105 gad\u017cet\u00f3w elektronicznych. Im lepiej b\u0119dziesz u\u017cywa\u0142 smartfonu, tabletu czy komputera, tym b\u0119dziesz bardziej radosny.<\/span><\/p>\n<p class=\"western\"><span style=\"font-size: medium;\">Wed\u0142ug dra Trefferta te pi\u0119\u0107 mit\u00f3w na temat rado\u015bci jest dzi\u015b przyczyn\u0105 wielu problem\u00f3w psychicznych. Zatem je\u015bli rado\u015bci nie mo\u017cna znale\u017a\u0107 w tych pi\u0119ciu mitach \u201eAmeryka\u0144skiej bajki\u201d, to gdzie j\u0105 znajdziemy?<\/span><\/p>\n<p class=\"western\"><span style=\"font-size: medium;\">Najwi\u0119ksz\u0105, pewn\u0105 i trwa\u0142\u0105 rado\u015b\u0107 odnajdziemy w Bogu.\u00a0Najlepsza rado\u015b\u0107 to pewno\u015b\u0107, \u017ce B\u00f3g jest z nami. Rado\u015b\u0107 to \u015bwiadomo\u015b\u0107, \u017ce B\u00f3g jest realnie \u017cywy i obecny na wszystkich zakr\u0119tach naszego \u017cycia. Je\u015bli pozwolimy Mu wchodzi\u0107 we wszystkie miejsca naszego \u017cycia, gdzie jeszcze panuje smutek, to B\u00f3g b\u0119dzie nas wyprowadza\u0142 krok po kroku ku prawdziwej rado\u015bci. Jak to wygl\u0105da w rzeczywisto\u015bci? Rado\u015b\u0107, kt\u00f3r\u0105 wlewa w nasze serca B\u00f3g, rodzi si\u0119 dzi\u0119ki dobrze prze\u017cytej spowiedzi. Ta rado\u015b\u0107 budzi si\u0119, gdy w spos\u00f3b bezinteresowny pomagamy innym. Jeste\u015bmy szcz\u0119\u015bliwi tak\u017ce wtedy, kiedy z Bo\u017c\u0105 pomoc\u0105 pokonamy nasz\u0105 s\u0142abo\u015b\u0107 czy na\u0142\u00f3g, kt\u00f3ry odbiera\u0142 nam rado\u015b\u0107 \u017cycia.<\/span><\/p>\n<p class=\"western\"><span style=\"font-size: medium;\">Jest to o tyle wa\u017cne, \u017ce wiele czasu, energii, wysi\u0142ku i zaanga\u017cowania po\u015bwi\u0119camy w naszym \u017cyciu na odnalezienie rado\u015bci. Tymczasem B\u00f3g m\u00f3wi do nas: \u201eJa jestem tym, w kt\u00f3rym jest prawdziwa rado\u015b\u0107. Nie musisz zadowala\u0107 si\u0119 zamiennikami rado\u015bci\u201d. Dobrze o tym wiedzieli ci, o kt\u00f3rych dzi\u015b s\u0142yszeli\u015bmy w liturgii s\u0142owa: prorok Izajasz, \u015bw. Pawe\u0142 Aposto\u0142, Jan Chrzciciel \u2013 oni zawsze si\u0119 radowali. Cierpienie i trudno\u015bci nigdy nie przes\u0142oni\u0142y im prawdziwej rado\u015bci wynikaj\u0105cej z wiary, \u017ce jest z nimi B\u00f3g. Inny \u015bwi\u0119ty \u017cyj\u0105cy w XX wieku Josemar\u00edaEscriva, zosta\u0142 kiedy\u015b zapytany, dlaczego nie mo\u017ce przesta\u0107 si\u0119 u\u015bmiecha\u0107, kiedy rozdaje Komuni\u0119 \u015bwi\u0119t\u0105. Odpowiedzia\u0142: \u201ePoniewa\u017c daj\u0119 ludziom wcielone Szcz\u0119\u015bcie!\u201d Jezus jest nasz\u0105 rado\u015bci\u0105. B\u00f3g wzywa nas dzi\u015b, aby\u015bmy zawsze si\u0119 radowali. Jezus, nasza rado\u015b\u0107, wkr\u00f3tce przyb\u0119dzie i sprawi, \u017ce nasza rado\u015b\u0107 b\u0119dzie pe\u0142na. Dlatego \u017cyjmy na co dzie\u0144 t\u0105 rado\u015bci\u0105. Oby\u015bmy zawsze radowali si\u0119 z tego niesamowitego daru rado\u015bci, jaki przynosi nam Jezus i potrafili t\u0119 rado\u015b\u0107 zanie\u015b\u0107 innym.<\/span><\/p>\n","protected":false},"excerpt":{"rendered":"<p>Tekst Ewangelii (J\u00a01,6-8.19-28):\u00a0Pojawi\u0142 si\u0119 cz\u0142owiek pos\u0142any przez Boga &#8211; Jan mu by\u0142o na imi\u0119. Przyszed\u0142 on na \u015bwiadectwo, aby za\u015bwiadczy\u0107 o \u015bwiat\u0142o\u015bci, by wszyscy uwierzyli przez niego. Nie by\u0142 on \u015bwiat\u0142o\u015bci\u0105, lecz [pos\u0142anym], aby za\u015bwiadczy\u0107 o \u015bwiat\u0142o\u015bci. Takie jest \u015bwiadectwo Jana. Gdy \u017bydzi wys\u0142ali do niego z Jerozolimy kap\u0142an\u00f3w i lewit\u00f3w z zapytaniem: \u00abKto ty jeste\u015b?\u00bb, on wyzna\u0142, a nie zaprzeczy\u0142, o\u015bwiadczaj\u0105c: \u00abJa nie jestem Mesjaszem\u00bb. Zapytali go: \u00abC\u00f3\u017c zatem? Czy jeste\u015b Eliaszem?\u00bb Odrzek\u0142: \u00abNie jestem\u00bb. \u00abCzy ty jeste\u015b prorokiem?\u00bb Odpar\u0142: \u00abNie!\u00bb Powiedzieli mu wi\u0119c: \u00abKim jeste\u015b, aby\u015bmy mogli da\u0107 odpowied\u017a tym, kt\u00f3rzy nas wys\u0142ali? Co m\u00f3wisz sam o sobie?\u00bb Odpowiedzia\u0142: \u00abJam g\u0142os wo\u0142aj\u0105cego na pustyni: Prostujcie drog\u0119 Pa\u0144sk\u0105, jak powiedzia\u0142 prorok Izajasz\u00bb. A wys\u0142annicy byli spo\u015br\u00f3d faryzeusz\u00f3w. I zadawali mu pytania, m\u00f3wi\u0105c do niego: \u00abCzemu zatem chrzcisz, skoro nie jeste\u015b ani Mesjaszem, ani Eliaszem, ani prorokiem?\u00bb Jan im tak odpowiedzia\u0142: \u00abJa chrzcz\u0119 wod\u0105. Po\u015br\u00f3d was stoi Ten, kt\u00f3rego wy&hellip;<\/p>\n<p> <a class=\"more-link\" href=\"http:\/\/www.franciszek-walcz.pl\/?p=25709\">Czytaj dalej<\/a><\/p>\n","protected":false},"author":1,"featured_media":0,"comment_status":"closed","ping_status":"closed","sticky":false,"template":"","format":"standard","meta":{"footnotes":""},"categories":[1],"tags":[],"class_list":{"0":"post-25709","1":"post","2":"type-post","3":"status-publish","4":"format-standard","6":"category-uncategorized"},"brizy_media":[],"_links":{"self":[{"href":"http:\/\/www.franciszek-walcz.pl\/index.php?rest_route=\/wp\/v2\/posts\/25709","targetHints":{"allow":["GET"]}}],"collection":[{"href":"http:\/\/www.franciszek-walcz.pl\/index.php?rest_route=\/wp\/v2\/posts"}],"about":[{"href":"http:\/\/www.franciszek-walcz.pl\/index.php?rest_route=\/wp\/v2\/types\/post"}],"author":[{"embeddable":true,"href":"http:\/\/www.franciszek-walcz.pl\/index.php?rest_route=\/wp\/v2\/users\/1"}],"replies":[{"embeddable":true,"href":"http:\/\/www.franciszek-walcz.pl\/index.php?rest_route=%2Fwp%2Fv2%2Fcomments&post=25709"}],"version-history":[{"count":1,"href":"http:\/\/www.franciszek-walcz.pl\/index.php?rest_route=\/wp\/v2\/posts\/25709\/revisions"}],"predecessor-version":[{"id":25710,"href":"http:\/\/www.franciszek-walcz.pl\/index.php?rest_route=\/wp\/v2\/posts\/25709\/revisions\/25710"}],"wp:attachment":[{"href":"http:\/\/www.franciszek-walcz.pl\/index.php?rest_route=%2Fwp%2Fv2%2Fmedia&parent=25709"}],"wp:term":[{"taxonomy":"category","embeddable":true,"href":"http:\/\/www.franciszek-walcz.pl\/index.php?rest_route=%2Fwp%2Fv2%2Fcategories&post=25709"},{"taxonomy":"post_tag","embeddable":true,"href":"http:\/\/www.franciszek-walcz.pl\/index.php?rest_route=%2Fwp%2Fv2%2Ftags&post=25709"}],"curies":[{"name":"wp","href":"https:\/\/api.w.org\/{rel}","templated":true}]}}