{"id":25872,"date":"2023-12-30T13:27:45","date_gmt":"2023-12-30T12:27:45","guid":{"rendered":"http:\/\/www.franciszek-walcz.pl\/?p=25872"},"modified":"2023-12-30T13:30:24","modified_gmt":"2023-12-30T12:30:24","slug":"uwaga-msze-sw-podczas-koledy","status":"publish","type":"post","link":"http:\/\/www.franciszek-walcz.pl\/?p=25872","title":{"rendered":"UWAGA MSZE \u015aW. PODCZAS KOL\u0118DY"},"content":{"rendered":"<table style=\"border-collapse: collapse; width: 51.8877%;\">\n<tbody>\n<tr>\n<td style=\"width: 32.7991%;\"><strong>DATA<\/strong><\/td>\n<td style=\"width: 27.8483%;\"><strong>GODZINY MSZY \u015aW.<\/strong><\/td>\n<td style=\"width: 64.7912%; text-align: center;\">UWAGI<\/td>\n<\/tr>\n<tr>\n<td style=\"width: 32.7991%;\">\n<h2><strong>Wt.2<\/strong><strong>.<\/strong><strong> I<\/strong><\/h2>\n<h2><\/h2>\n<h2><strong>Sr. 3 .I. <\/strong><\/h2>\n<h2><\/h2>\n<h2><strong>Czw. 4. <\/strong><strong>I<\/strong><\/h2>\n<\/td>\n<td style=\"width: 27.8483%;\"><u><strong>Godzina 8,00<\/strong><\/u><\/td>\n<td style=\"width: 64.7912%;\"><u><strong>Nie ma mszy \u015bw. o godz. 18,00 <\/strong><\/u><\/td>\n<\/tr>\n<tr>\n<td style=\"width: 32.7991%;\"><strong>Pt 5 I<\/strong><\/td>\n<td style=\"width: 27.8483%;\"><strong>Godzina 18,00<\/strong><\/td>\n<td style=\"width: 64.7912%;\"><\/td>\n<\/tr>\n<tr>\n<td style=\"width: 32.7991%;\">\n<h2><u><strong>Sb.6. I<\/strong><\/u><\/h2>\n<\/td>\n<td style=\"width: 27.8483%;\"><strong>Godzina 9,00 , 10,30 <\/strong><\/td>\n<td style=\"width: 64.7912%;\"><u><strong>Nie ma mszy \u015bw. o godz. 17,00 <\/strong><\/u><\/td>\n<\/tr>\n<tr>\n<td style=\"width: 32.7991%;\"><strong>Ndz. 7 . I <\/strong><\/td>\n<td style=\"width: 27.8483%;\"><strong>Godzina 9,00 , 10,30 <\/strong><\/td>\n<td style=\"width: 64.7912%;\"><\/td>\n<\/tr>\n<\/tbody>\n<\/table>\n","protected":false},"excerpt":{"rendered":"<p>DATA GODZINY MSZY \u015aW. UWAGI Wt.2. I Sr. 3 .I. Czw. 4. I Godzina 8,00 Nie ma mszy \u015bw. o godz. 18,00 Pt 5 I Godzina 18,00 Sb.6. I Godzina 9,00 , 10,30 Nie ma mszy \u015bw. o godz. 17,00 Ndz. 7 . I Godzina 9,00 , 10,30<\/p>\n","protected":false},"author":1,"featured_media":0,"comment_status":"closed","ping_status":"closed","sticky":false,"template":"","format":"standard","meta":{"footnotes":""},"categories":[1],"tags":[],"class_list":{"0":"post-25872","1":"post","2":"type-post","3":"status-publish","4":"format-standard","6":"category-uncategorized"},"brizy_media":[],"_links":{"self":[{"href":"http:\/\/www.franciszek-walcz.pl\/index.php?rest_route=\/wp\/v2\/posts\/25872","targetHints":{"allow":["GET"]}}],"collection":[{"href":"http:\/\/www.franciszek-walcz.pl\/index.php?rest_route=\/wp\/v2\/posts"}],"about":[{"href":"http:\/\/www.franciszek-walcz.pl\/index.php?rest_route=\/wp\/v2\/types\/post"}],"author":[{"embeddable":true,"href":"http:\/\/www.franciszek-walcz.pl\/index.php?rest_route=\/wp\/v2\/users\/1"}],"replies":[{"embeddable":true,"href":"http:\/\/www.franciszek-walcz.pl\/index.php?rest_route=%2Fwp%2Fv2%2Fcomments&post=25872"}],"version-history":[{"count":5,"href":"http:\/\/www.franciszek-walcz.pl\/index.php?rest_route=\/wp\/v2\/posts\/25872\/revisions"}],"predecessor-version":[{"id":25877,"href":"http:\/\/www.franciszek-walcz.pl\/index.php?rest_route=\/wp\/v2\/posts\/25872\/revisions\/25877"}],"wp:attachment":[{"href":"http:\/\/www.franciszek-walcz.pl\/index.php?rest_route=%2Fwp%2Fv2%2Fmedia&parent=25872"}],"wp:term":[{"taxonomy":"category","embeddable":true,"href":"http:\/\/www.franciszek-walcz.pl\/index.php?rest_route=%2Fwp%2Fv2%2Fcategories&post=25872"},{"taxonomy":"post_tag","embeddable":true,"href":"http:\/\/www.franciszek-walcz.pl\/index.php?rest_route=%2Fwp%2Fv2%2Ftags&post=25872"}],"curies":[{"name":"wp","href":"https:\/\/api.w.org\/{rel}","templated":true}]}}