{"id":25882,"date":"2023-12-30T13:38:28","date_gmt":"2023-12-30T12:38:28","guid":{"rendered":"http:\/\/www.franciszek-walcz.pl\/?p=25882"},"modified":"2023-12-30T13:51:32","modified_gmt":"2023-12-30T12:51:32","slug":"25882","status":"publish","type":"post","link":"http:\/\/www.franciszek-walcz.pl\/?p=25882","title":{"rendered":"KOMUNIKAT PRZEWODNICZ\u0104CEGO KOMISJI EPISKOPATU POLSKI"},"content":{"rendered":"<p><strong>KOMUNIKAT PRZEWODNICZ\u0104CEGO <\/strong><br \/>\n<strong>KOMISJI EPISKOPATU POLSKI DS. MISJI<\/strong><br \/>\n<strong>NA DZIE\u0143 MODLITWY I POMOCY MISJOM PRZYPADAJ\u0104CY <\/strong><br \/>\n<strong>W UROCZYSTO\u015a\u0106 OBJAWIENIA PA\u0143SKIEGO 6 STYCZNIA 2024 R.<\/strong><\/p>\n<p>Umi\u0142owani w Chrystusie Panu, Bracia i Siostry!<\/p>\n<p>1. Od zawsze w uroczysto\u015b\u0107 Objawienia Pa\u0144skiego wpatrujemy si\u0119 w postacie Trzech<br \/>\nM\u0119drc\u00f3w, kt\u00f3rzy id\u0105c za Gwiazd\u0105, pokonali d\u0142ug\u0105 drog\u0119 do Betlejem. Kiedy przybyli do<br \/>\nJerozolimy pytali: \u201eGdzie jest nowo narodzony Kr\u00f3l \u017cydowski? (\u2026) przybyli\u015bmy odda\u0107 Mu<br \/>\npok\u0142on\u201d (Mt 2, 2). Pragn\u0119li ujrze\u0107 i adorowa\u0107 Nowonarodzonego Kr\u00f3la. Szli kieruj\u0105c si\u0119<br \/>\nwewn\u0119trznym pragnieniem poznania Tego, kt\u00f3ry jest \u017ar\u00f3d\u0142em prawdy, dobra i pi\u0119kna.<br \/>\nTo pragnienie by\u0142o tak silne, \u017ce wyruszyli za Gwiazd\u0105 w nieznan\u0105 sobie drog\u0119. Ich<br \/>\nwytrwa\u0142o\u015b\u0107 pozwala im dotrze\u0107 do Betlejem i odnale\u017a\u0107 nowonarodzone Dzieci\u0105tko Jezus. Bez<br \/>\ntrudu rozpoznali w Dzieci\u0119ciu Mesjasza, upadli przed Nim na twarz, oddali Mu pok\u0142on,<br \/>\notworzyli swe skarby i ofiarowali Mu swoje dary: z\u0142oto, kadzid\u0142o i mirr\u0119 (por. Mt 2, 11).<br \/>\nP\u00f3\u017aniej, dalecy od zdrady i knowa\u0144 Heroda inn\u0105 drog\u0105, bezpiecznie wr\u00f3cili do swojej<br \/>\nojczyzny. Wracali do swoich dom\u00f3w nape\u0142nieni \u0142ask\u0105 wiary i rado\u015bci\u0105, \u017ce spotkali Zbawiciela.<br \/>\nNowy rok duszpasterski swoim has\u0142em: \u201eUczestnicz\u0119 we wsp\u00f3lnocie Ko\u015bcio\u0142a\u201d,<br \/>\npotwierdza nam, \u017ce Jezusa Chrystusa Odkupiciela nale\u017cy szuka\u0107 we wsp\u00f3lnocie Ko\u015bcio\u0142a.<br \/>\nWracaj\u0105c do Ojca, Chrystus Pan powierzy\u0142 Ko\u015bcio\u0142owi mandat misyjny: \u201eDana mi jest wszelka<br \/>\nw\u0142adza w niebie i na ziemi. Id\u017acie i nauczajcie wszystkie narody, udzielaj\u0105c im chrztu w imi\u0119<br \/>\nOjca i Syna i Ducha \u015awi\u0119tego. Uczcie je zachowywa\u0107 wszystko, co wam przykaza\u0142em. A oto<br \/>\nja jestem z wami przez wszystkie dni a\u017c do sko\u0144czenia \u015bwiata\u201d (Mt 28,18-20). I dzi\u015b a\u017c po<br \/>\nkra\u0144ce ziemi trwa dzia\u0142alno\u015b\u0107 misyjna Ko\u015bcio\u0142a, kt\u00f3ra potrzebuj\u0105cym niesie or\u0119dzie Dobrej<br \/>\nNowiny. Dlatego w tym duchu prze\u017cywamy Dzie\u0144 Modlitwy i Pomocy Misjom, pod has\u0142em:<br \/>\n\u201eW Ko\u015bciele jeste\u015bmy misjonarzami\u201d.<\/p>\n<p>2. Jak ukazuje to historia Ko\u015bcio\u0142a, mandat misyjny przez wieki wiernie wype\u0142niaj\u0105<br \/>\nmisjonarze duchowni i \u015bwieccy, kt\u00f3rzy g\u0142osz\u0105 Ewangeli\u0119 ludziom wszystkich kultur, narod\u00f3w<br \/>\ni j\u0119zyk\u00f3w. Za\u015b mandat misyjny ka\u017cdego chrze\u015bcijanina wynika z zobowi\u0105za\u0144 chrzcielnych oraz<br \/>\nobdarowania darami Ducha \u015awi\u0119tego w sakramencie bierzmowania. \u0141aska chrztu \u015bwi\u0119tego<br \/>\nuzdalnia ochrzczonego, by wiar\u0119 umacnia\u0107, ni\u0105 \u017cy\u0107 i dzieli\u0107 si\u0119 z innymi. Przyjmuj\u0105c sakrament<br \/>\nbierzmowania otrzymujemy kolejne zadanie by jej strzec, broni\u0107 i dawa\u0107 \u015bwiadectwo wiary,<br \/>\nnajpierw we w\u0142asnym \u015brodowisku, a potem wok\u00f3\u0142 siebie. Jak kiedy\u015b do aposto\u0142\u00f3w, tak dzisiaj<br \/>\nJezus m\u00f3wi nam: \u201eWy jeste\u015bcie \u015bwiat\u0142em \u015bwiata. Nie mo\u017ce si\u0119 ukry\u0107 miasto po\u0142o\u017cone na g\u00f3rze.<br \/>\nNie zapala si\u0119 te\u017c \u015bwiat\u0142a i nie stawia pod korcem, ale na \u015bwieczniku, aby \u015bwieci\u0142o wszystkim,<br \/>\nkt\u00f3rzy s\u0105 w domu. Tak niech \u015bwieci wasze \u015bwiat\u0142o przed lud\u017ami, aby widzieli wasze dobre<br \/>\nuczynki i chwalili Ojca waszego, kt\u00f3ry jest w niebie\u201d (Mt 5,14-16). Ka\u017cdy chrze\u015bcijanin jest<br \/>\nmisjonarzem w takiej mierze, w jakiej spotka\u0142 si\u0119 z mi\u0142o\u015bci\u0105 Boga w Chrystusie Jezusie. Taki<br \/>\nmisyjny wymiar ma ka\u017cda Eucharystia, gdy\u017c jest pos\u0142aniem uczni\u00f3w Chrystusa do<br \/>\nwsp\u00f3\u0142czesnego \u015bwiata ze \u015bwiadectwem wiary i mi\u0142o\u015bci. Jej ostatnie wezwanie jest<br \/>\nzaproszeniem do apostolstwa i podj\u0119cia odpowiedzialno\u015bci za Ko\u015bci\u00f3\u0142.<br \/>\n\u0141aska chrztu \u015bw. rozpoczyna w nas drog\u0119 \u015bwi\u0119to\u015bci, a \u015bwi\u0119to\u015b\u0107 \u017cycia i misje \u0142\u0105cz\u0105 si\u0119<br \/>\nze sob\u0105, jak uczy\u0142 nas \u015bw. Jan Pawe\u0142 II. Powo\u0142anie misyjne ze swej natury wyp\u0142ywa z powo\u0142ania<br \/>\ndo \u015bwi\u0119to\u015bci. Ka\u017cdy misjonarz jest autentyczny jedynie w\u00f3wczas, gdy wchodzi na drog\u0119<br \/>\n\u015bwi\u0119to\u015bci. \u015awi\u0119to\u015b\u0107 jest wi\u0119c niezb\u0119dnym warunkiem do tego, aby Ko\u015bci\u00f3\u0142 m\u00f3g\u0142 realizowa\u0107<br \/>\nswoj\u0105 zbawcz\u0105 misj\u0119. Zatem trzeba wzbudzi\u0107 nowy zapa\u0142 \u015bwi\u0119to\u015bci w\u015br\u00f3d misjonarzy i w ca\u0142ej<br \/>\nwsp\u00f3lnocie chrze\u015bcija\u0144skiej (por. RMis 90). W Ko\u015bciele wszyscy jeste\u015bmy uczniami, i<br \/>\nb\u0119dziemy nimi przez ca\u0142e \u017cycie, i wszyscy jeste\u015bmy misjonarzami, ka\u017cdy w tym miejscu, kt\u00f3re<br \/>\nPan mu wyznaczy\u0142. Je\u015bli nawet nie wszyscy mog\u0105 odda\u0107 si\u0119 ca\u0142kowitej dzia\u0142alno\u015bci misyjnej,<br \/>\nto jednak wszyscy powinni sta\u0107 si\u0119 wsp\u00f3\u0142pracownikami misjonarzy.<\/p>\n<p>3. Obecnie, 1 690 misjonarek i misjonarzy z Polski, g\u0142osi Ewangeli\u0119 w 99 krajach<br \/>\n\u015bwiata. Opu\u015bcili swe domy rodzinne, wsp\u00f3lnoty i diecezje, by w\u015br\u00f3d trudno\u015bci i przeszk\u00f3d<br \/>\ndzieli\u0107 si\u0119 skarbem wiary i s\u0142u\u017cy\u0107 najubo\u017cszym z ubogich. Misjonarze prowadz\u0105 dzia\u0142alno\u015b\u0107<br \/>\ncharytatywn\u0105, edukacyjn\u0105 i medyczn\u0105, staj\u0105c si\u0119 znakiem nadziei dla opuszczonych, sierot,<br \/>\nstarc\u00f3w, bezdomnych i wykluczonych. By prowadzi\u0107 wspania\u0142e dzie\u0142a ewangelizacyjne<br \/>\npotrzebuj\u0105 naszej pomocy duchowej i materialnej. Wszyscy mo\u017cemy im pom\u00f3c \u015bwiadczy\u0107 o<br \/>\nChrystusie. Dzisiaj, zgodnie z zaleceniem Konferencji Episkopatu Polski zebrane we<br \/>\nwszystkich parafiach ofiary s\u0105 przeznaczone na Krajowy Fundusz Misyjny. Z tego funduszu<br \/>\nutrzymuje si\u0119 r\u00f3wnie\u017c Centrum Formacji Misyjnej w Warszawie, gdzie obecnie 15 os\u00f3b<br \/>\nprzygotowuje si\u0119 do pos\u0142ugi misyjnej. Mamy w\u015br\u00f3d nich 10 kap\u0142an\u00f3w diecezjalnych, 2<br \/>\nkap\u0142an\u00f3w zakonnych, 1 siostr\u0119 zakonn\u0105 i 2 osoby \u015bwieckie.<br \/>\nObjawienie Pa\u0144skie jest te\u017c patronalnym \u015bwi\u0119tem Papieskiego Dzie\u0142a Misyjnego<br \/>\nDzieci. Na ca\u0142ym \u015bwiecie tego dnia dzieci nale\u017c\u0105ce do tego Dzie\u0142a \u0142\u0105cz\u0105 si\u0119 w modlitwie i staj\u0105<br \/>\nsi\u0119 kol\u0119dnikami misyjnymi. Dzi\u0119kuj\u0105 one za zebrane w czasie kol\u0119dowania ofiary, kt\u00f3re w tym<br \/>\nroku przeka\u017c\u0105 je swoim r\u00f3wie\u015bnikom z Kolumbii i innym dzieciom z kraj\u00f3w misyjnych.<br \/>\nW imieniu wszystkich polskich misjonarek i misjonarzy oraz tych, kt\u00f3rzy przygotowuj\u0105<br \/>\nsi\u0119 do pos\u0142ania misyjnego, sk\u0142adam serdeczne B\u00f3g zap\u0142a\u0107 za modlitw\u0119 i ofiarno\u015b\u0107, poprzez<br \/>\nkt\u00f3re wyra\u017ca si\u0119 nasza troska o misje. \u017bycz\u0119 Wam, by\u015bcie wzrastaj\u0105c w wierze do\u015bwiadczyli,<br \/>\ntej rado\u015bci bycia we wsp\u00f3lnocie Ko\u015bciele, w kt\u00f3rym jeste\u015bmy misjonarzami, a naszym<br \/>\ng\u0142\u00f3wnym zadaniem jest dzielenie si\u0119 wiar\u0105 i mi\u0142o\u015bci\u0105 z innymi.<br \/>\nZ serca wszystkim b\u0142ogos\u0142awi\u0119 w Imi\u0119 Ojca i Syna, i Ducha \u015awi\u0119tego. Amen.<\/p>\n<p>Bp Jan Piotrowski<br \/>\nPrzewodnicz\u0105cy Komisji Episkopatu Polski ds. Misji<br \/>\nWarszawa, 30 wrze\u015bnia 2023 r<\/p>\n","protected":false},"excerpt":{"rendered":"<p>KOMUNIKAT PRZEWODNICZ\u0104CEGO KOMISJI EPISKOPATU POLSKI DS. MISJI NA DZIE\u0143 MODLITWY I POMOCY MISJOM PRZYPADAJ\u0104CY W UROCZYSTO\u015a\u0106 OBJAWIENIA PA\u0143SKIEGO 6 STYCZNIA 2024 R. Umi\u0142owani w Chrystusie Panu, Bracia i Siostry! 1. Od zawsze w uroczysto\u015b\u0107 Objawienia Pa\u0144skiego wpatrujemy si\u0119 w postacie Trzech M\u0119drc\u00f3w, kt\u00f3rzy id\u0105c za Gwiazd\u0105, pokonali d\u0142ug\u0105 drog\u0119 do Betlejem. Kiedy przybyli do Jerozolimy pytali: \u201eGdzie jest nowo narodzony Kr\u00f3l \u017cydowski? (\u2026) przybyli\u015bmy odda\u0107 Mu pok\u0142on\u201d (Mt 2, 2). Pragn\u0119li ujrze\u0107 i adorowa\u0107 Nowonarodzonego Kr\u00f3la. Szli kieruj\u0105c si\u0119 wewn\u0119trznym pragnieniem poznania Tego, kt\u00f3ry jest \u017ar\u00f3d\u0142em prawdy, dobra i pi\u0119kna. To pragnienie by\u0142o tak silne, \u017ce wyruszyli za Gwiazd\u0105 w nieznan\u0105 sobie drog\u0119. Ich wytrwa\u0142o\u015b\u0107 pozwala im dotrze\u0107 do Betlejem i odnale\u017a\u0107 nowonarodzone Dzieci\u0105tko Jezus. Bez trudu rozpoznali w Dzieci\u0119ciu Mesjasza, upadli przed Nim na twarz, oddali Mu pok\u0142on, otworzyli swe skarby i ofiarowali Mu swoje dary: z\u0142oto, kadzid\u0142o i mirr\u0119 (por. Mt 2, 11). P\u00f3\u017aniej, dalecy od zdrady i&hellip;<\/p>\n<p> <a class=\"more-link\" href=\"http:\/\/www.franciszek-walcz.pl\/?p=25882\">Czytaj dalej<\/a><\/p>\n","protected":false},"author":1,"featured_media":0,"comment_status":"closed","ping_status":"closed","sticky":false,"template":"","format":"standard","meta":{"footnotes":""},"categories":[1],"tags":[],"class_list":{"0":"post-25882","1":"post","2":"type-post","3":"status-publish","4":"format-standard","6":"category-uncategorized"},"brizy_media":[],"_links":{"self":[{"href":"http:\/\/www.franciszek-walcz.pl\/index.php?rest_route=\/wp\/v2\/posts\/25882","targetHints":{"allow":["GET"]}}],"collection":[{"href":"http:\/\/www.franciszek-walcz.pl\/index.php?rest_route=\/wp\/v2\/posts"}],"about":[{"href":"http:\/\/www.franciszek-walcz.pl\/index.php?rest_route=\/wp\/v2\/types\/post"}],"author":[{"embeddable":true,"href":"http:\/\/www.franciszek-walcz.pl\/index.php?rest_route=\/wp\/v2\/users\/1"}],"replies":[{"embeddable":true,"href":"http:\/\/www.franciszek-walcz.pl\/index.php?rest_route=%2Fwp%2Fv2%2Fcomments&post=25882"}],"version-history":[{"count":2,"href":"http:\/\/www.franciszek-walcz.pl\/index.php?rest_route=\/wp\/v2\/posts\/25882\/revisions"}],"predecessor-version":[{"id":25884,"href":"http:\/\/www.franciszek-walcz.pl\/index.php?rest_route=\/wp\/v2\/posts\/25882\/revisions\/25884"}],"wp:attachment":[{"href":"http:\/\/www.franciszek-walcz.pl\/index.php?rest_route=%2Fwp%2Fv2%2Fmedia&parent=25882"}],"wp:term":[{"taxonomy":"category","embeddable":true,"href":"http:\/\/www.franciszek-walcz.pl\/index.php?rest_route=%2Fwp%2Fv2%2Fcategories&post=25882"},{"taxonomy":"post_tag","embeddable":true,"href":"http:\/\/www.franciszek-walcz.pl\/index.php?rest_route=%2Fwp%2Fv2%2Ftags&post=25882"}],"curies":[{"name":"wp","href":"https:\/\/api.w.org\/{rel}","templated":true}]}}