{"id":25886,"date":"2023-12-30T13:54:33","date_gmt":"2023-12-30T12:54:33","guid":{"rendered":"http:\/\/www.franciszek-walcz.pl\/?p=25886"},"modified":"2023-12-30T14:00:13","modified_gmt":"2023-12-30T13:00:13","slug":"co-wiemy-o-swietej-rodzinie","status":"publish","type":"post","link":"http:\/\/www.franciszek-walcz.pl\/?p=25886","title":{"rendered":"Co wiemy o \u015bwi\u0119tej rodzinie"},"content":{"rendered":"<p class=\"western\"><span style=\"font-size: medium;\">Tekst Ewangelii (\u0141k\u00a02,22-40):\u00a0Gdy potem up\u0142yn\u0119\u0142y dni ich oczyszczenia wed\u0142ug Prawa Moj\u017ceszowego, przynie\u015bli Je do Jerozolimy, aby Je przedstawi\u0107 Panu. Tak bowiem jest napisane w Prawie Pa\u0144skim: Ka\u017cde pierworodne dziecko p\u0142ci m\u0119skiej b\u0119dzie po\u015bwi\u0119cone Panu. Mieli r\u00f3wnie\u017c z\u0142o\u017cy\u0107 w ofierze par\u0119 synogarlic albo dwa m\u0142ode go\u0142\u0119bie, zgodnie z przepisem Prawa Pa\u0144skiego.<\/span><\/p>\n<p>A \u017cy\u0142 w Jerozolimie cz\u0142owiek, imieniem Symeon. By\u0142 to cz\u0142owiek prawy i pobo\u017cny, wyczekiwa\u0142 pociechy Izraela, a Duch \u015awi\u0119ty spoczywa\u0142 na nim. Jemu Duch \u015awi\u0119ty objawi\u0142, \u017ce nie ujrzy \u015bmierci, a\u017c zobaczy Mesjasza Pa\u0144skiego. Za natchnieniem wi\u0119c Ducha przyszed\u0142 do \u015bwi\u0105tyni. A gdy Rodzice wnosili Dzieci\u0105tko Jezus, aby post\u0105pi\u0107 z Nim wed\u0142ug zwyczaju Prawa, on wzi\u0105\u0142 Je w obj\u0119cia, b\u0142ogos\u0142awi\u0142 Boga i m\u00f3wi\u0142: \u00abTeraz, o W\u0142adco, pozw\u00f3l odej\u015b\u0107 s\u0142udze Twemu w pokoju, wed\u0142ug Twojego s\u0142owa. Bo moje oczy ujrza\u0142y Twoje zbawienie, kt\u00f3re\u015b przygotowa\u0142 wobec wszystkich narod\u00f3w: \u015bwiat\u0142o na o\u015bwiecenie pogan i chwa\u0142\u0119 ludu Twego, Izraela\u00bb. A Jego ojciec i Matka dziwili si\u0119 temu, co o Nim m\u00f3wiono. Symeon za\u015b b\u0142ogos\u0142awi\u0142 Ich i rzek\u0142 do Maryi, Matki Jego: \u00abOto Ten przeznaczony jest na upadek i na powstanie wielu w Izraelu, i na znak, kt\u00f3remu sprzeciwia\u0107 si\u0119 b\u0119d\u0105. A Twoj\u0105 dusz\u0119 miecz przeniknie, aby na jaw wysz\u0142y zamys\u0142y serc wielu\u00bb.<\/p>\n<p>By\u0142a tam r\u00f3wnie\u017c prorokini Anna, c\u00f3rka Fanuela z pokolenia Asera, bardzo podesz\u0142a w latach. Od swego panie\u0144stwa siedem lat \u017cy\u0142a z m\u0119\u017cem i pozosta\u0142a wdow\u0105. Liczy\u0142a ju\u017c osiemdziesi\u0105ty czwarty rok \u017cycia. Nie rozstawa\u0142a si\u0119 ze \u015bwi\u0105tyni\u0105, s\u0142u\u017c\u0105c Bogu w postach i modlitwach dniem i noc\u0105. Przyszed\u0142szy w tej w\u0142a\u015bnie chwili, s\u0142awi\u0142a Boga i m\u00f3wi\u0142a o Nim wszystkim, kt\u00f3rzy oczekiwali wyzwolenia Jerozolimy. A gdy wype\u0142nili wszystko wed\u0142ug Prawa Pa\u0144skiego, wr\u00f3cili do Galilei, do swego miasta &#8211; Nazaret. Dzieci\u0119 za\u015b ros\u0142o i nabiera\u0142o mocy, nape\u0142niaj\u0105c si\u0119 m\u0105dro\u015bci\u0105, a \u0142aska Bo\u017ca spoczywa\u0142a na Nim\u00bb. A gdy wype\u0142nili wszystko wed\u0142ug Prawa Pa\u0144skiego, wr\u00f3cili do Galilei, do swego miasta &#8211; Nazaret. Dzieci\u0119 za\u015b ros\u0142o i nabiera\u0142o mocy, nape\u0142niaj\u0105c si\u0119 m\u0105dro\u015bci\u0105, a \u0142aska Bo\u017ca spoczywa\u0142a na Nim.<\/p>\n<p class=\"western\"><strong><span style=\"font-size: medium;\">\u00abPrzynie\u015bli Je do Jerozolimy, aby Je przedstawi\u0107 Panu\u00bb<\/span><\/strong><\/p>\n<p class=\"western\"><span style=\"font-size: medium;\">Dzisiaj obchodzimy uroczysto\u015b\u0107 \u015awi\u0119tej Rodziny. Nasze spojrzenie kieruje si\u0119 od Jezusa, b\u0119d\u0105cego w centrum stajenki, by kontemplowa\u0107 b\u0119d\u0105ce obok Niego postacie Maryi i J\u00f3zefa. Odwieczny Syn Ojca przechodzi ze swojej wiecznej rodziny, kt\u00f3r\u0105 jest \u015awi\u0119ta Tr\u00f3jca, do rodziny ziemskiej, kt\u00f3r\u0105 tworz\u0105 Maryja i J\u00f3zef. Jak wa\u017cna musi by\u0107 w oczach Boga rodzina, skoro pierwszym, co czyni jest postaranie si\u0119 o rodzin\u0119 dla swojego Syna!<br \/>\nEwangelia m\u00f3wi nam, \u017ce Dzieci\u0119 ros\u0142o i nabiera\u0142o mocy, nape\u0142niaj\u0105c si\u0119 m\u0105dro\u015bci\u0105. Jezus zazna\u0142 ciep\u0142a rodziny, kt\u00f3ra tworzy\u0142a si\u0119 poprzez wzajemne relacje mi\u0142o\u015bci. Jak pi\u0119knie i korzystnie by\u0142oby gdyby\u015bmy starali si\u0119 mocniej i mocniej przy tworzeniu naszej rodziny! &#8211; z duchem s\u0142u\u017cby i modlitwy, wzajemn\u0105 mi\u0142o\u015bci\u0105, z wielk\u0105 zdolno\u015bci\u0105 do rozumienia i przebaczania. Zakosztowaliby\u015bmy &#8211; tak jak dom rodzinny w Nazarecie &#8211; nieba i ziemi! Tworzenie rodziny jest dzisiaj jednym z najpilniejszych zada\u0144. Rodzice, jak przypomnia\u0142 Sob\u00f3r Watyka\u0144ski II, odgrywaj\u0105 tu niezast\u0105pion\u0105 rol\u0119: \u00abObowi\u0105zkiem rodzic\u00f3w jest stworzenie rodzinnego \u015brodowiska o\u017cywionego mi\u0142o\u015bci\u0105, szacunkiem do Boga i ludzi, i wspieraj\u0105cego integralny rozw\u00f3j osobisty i spo\u0142eczny dzieci\u00bb. W rodzinie uczy si\u0119 najwa\u017cniejszego &#8211; bycia cz\u0142owiekiem.<\/span><\/p>\n<p>I w ko\u0144cu, dla chrze\u015bcijan rozmowa o rodzinie jest rozmow\u0105 o Ko\u015bciele. Ewangelista \u015bw. \u0141ukasz m\u00f3wi nam, \u017ce rodzice Jezusa zanie\u015bli Go do Jerozolimy, aby przedstawi\u0107 Go Panu. Ta ofiara by\u0142a przeno\u015bni\u0105 ofiary z \u017cycia, kt\u00f3r\u0105 z\u0142o\u017cy Jezus Ojcu, kt\u00f3rej owocem jeste\u015bmy my &#8211; chrze\u015bcijanie. Rozwa\u017canie tej radosnej rzeczywisto\u015bci otworzy nas na wi\u0119ksze braterstwo i poprowadzi nas do wi\u0119kszej mi\u0142o\u015bci wobec Ko\u015bcio\u0142a.<\/p>\n","protected":false},"excerpt":{"rendered":"<p>Tekst Ewangelii (\u0141k\u00a02,22-40):\u00a0Gdy potem up\u0142yn\u0119\u0142y dni ich oczyszczenia wed\u0142ug Prawa Moj\u017ceszowego, przynie\u015bli Je do Jerozolimy, aby Je przedstawi\u0107 Panu. Tak bowiem jest napisane w Prawie Pa\u0144skim: Ka\u017cde pierworodne dziecko p\u0142ci m\u0119skiej b\u0119dzie po\u015bwi\u0119cone Panu. Mieli r\u00f3wnie\u017c z\u0142o\u017cy\u0107 w ofierze par\u0119 synogarlic albo dwa m\u0142ode go\u0142\u0119bie, zgodnie z przepisem Prawa Pa\u0144skiego. A \u017cy\u0142 w Jerozolimie cz\u0142owiek, imieniem Symeon. By\u0142 to cz\u0142owiek prawy i pobo\u017cny, wyczekiwa\u0142 pociechy Izraela, a Duch \u015awi\u0119ty spoczywa\u0142 na nim. Jemu Duch \u015awi\u0119ty objawi\u0142, \u017ce nie ujrzy \u015bmierci, a\u017c zobaczy Mesjasza Pa\u0144skiego. Za natchnieniem wi\u0119c Ducha przyszed\u0142 do \u015bwi\u0105tyni. A gdy Rodzice wnosili Dzieci\u0105tko Jezus, aby post\u0105pi\u0107 z Nim wed\u0142ug zwyczaju Prawa, on wzi\u0105\u0142 Je w obj\u0119cia, b\u0142ogos\u0142awi\u0142 Boga i m\u00f3wi\u0142: \u00abTeraz, o W\u0142adco, pozw\u00f3l odej\u015b\u0107 s\u0142udze Twemu w pokoju, wed\u0142ug Twojego s\u0142owa. Bo moje oczy ujrza\u0142y Twoje zbawienie, kt\u00f3re\u015b przygotowa\u0142 wobec wszystkich narod\u00f3w: \u015bwiat\u0142o na o\u015bwiecenie pogan i chwa\u0142\u0119 ludu Twego, Izraela\u00bb. A Jego ojciec i Matka&hellip;<\/p>\n<p> <a class=\"more-link\" href=\"http:\/\/www.franciszek-walcz.pl\/?p=25886\">Czytaj dalej<\/a><\/p>\n","protected":false},"author":1,"featured_media":0,"comment_status":"closed","ping_status":"closed","sticky":false,"template":"","format":"standard","meta":{"footnotes":""},"categories":[5],"tags":[],"class_list":{"0":"post-25886","1":"post","2":"type-post","3":"status-publish","4":"format-standard","6":"category-artykuly"},"brizy_media":[],"_links":{"self":[{"href":"http:\/\/www.franciszek-walcz.pl\/index.php?rest_route=\/wp\/v2\/posts\/25886","targetHints":{"allow":["GET"]}}],"collection":[{"href":"http:\/\/www.franciszek-walcz.pl\/index.php?rest_route=\/wp\/v2\/posts"}],"about":[{"href":"http:\/\/www.franciszek-walcz.pl\/index.php?rest_route=\/wp\/v2\/types\/post"}],"author":[{"embeddable":true,"href":"http:\/\/www.franciszek-walcz.pl\/index.php?rest_route=\/wp\/v2\/users\/1"}],"replies":[{"embeddable":true,"href":"http:\/\/www.franciszek-walcz.pl\/index.php?rest_route=%2Fwp%2Fv2%2Fcomments&post=25886"}],"version-history":[{"count":2,"href":"http:\/\/www.franciszek-walcz.pl\/index.php?rest_route=\/wp\/v2\/posts\/25886\/revisions"}],"predecessor-version":[{"id":25890,"href":"http:\/\/www.franciszek-walcz.pl\/index.php?rest_route=\/wp\/v2\/posts\/25886\/revisions\/25890"}],"wp:attachment":[{"href":"http:\/\/www.franciszek-walcz.pl\/index.php?rest_route=%2Fwp%2Fv2%2Fmedia&parent=25886"}],"wp:term":[{"taxonomy":"category","embeddable":true,"href":"http:\/\/www.franciszek-walcz.pl\/index.php?rest_route=%2Fwp%2Fv2%2Fcategories&post=25886"},{"taxonomy":"post_tag","embeddable":true,"href":"http:\/\/www.franciszek-walcz.pl\/index.php?rest_route=%2Fwp%2Fv2%2Ftags&post=25886"}],"curies":[{"name":"wp","href":"https:\/\/api.w.org\/{rel}","templated":true}]}}