{"id":26025,"date":"2024-01-06T16:12:13","date_gmt":"2024-01-06T15:12:13","guid":{"rendered":"http:\/\/www.franciszek-walcz.pl\/?p=26025"},"modified":"2024-01-06T16:13:03","modified_gmt":"2024-01-06T15:13:03","slug":"26025","status":"publish","type":"post","link":"http:\/\/www.franciszek-walcz.pl\/?p=26025","title":{"rendered":"Uroczysto\u015b\u0107 Chrztu Pana Jezusa"},"content":{"rendered":"<p class=\"western\"><strong>Uroczysto\u015b\u0107 Chrztu Pana Jezusa<\/strong><\/p>\n<p class=\"western\">Tekst Ewangelii :\u00a0I tak g\u0142osi\u0142 Jan: \u00abIdzie za mn\u0105 mocniejszy ode mnie, a ja nie jestem godzien, aby si\u0119 schyli\u0107 i rozwi\u0105za\u0107 rzemyk u Jego sanda\u0142\u00f3w. Ja chrzci\u0142em was wod\u0105, On za\u015b chrzci\u0107 was b\u0119dzie Duchem \u015awi\u0119tym\u00bb. W owym czasie przyszed\u0142 Jezus z Nazaretu w Galilei i przyj\u0105\u0142 od Jana chrzest w Jordanie. W chwili gdy wychodzi\u0142 z wody, ujrza\u0142 rozwieraj\u0105ce si\u0119 niebo i Ducha jak go\u0142\u0119bic\u0119 zst\u0119puj\u0105cego na siebie. A z nieba odezwa\u0142 si\u0119 g\u0142os: \u00abTy\u015b jest m\u00f3j Syn umi\u0142owany, w Tobie mam upodobanie\u00bb.<\/p>\n<p class=\"western\"><strong>W MOCY CHRZTU PA\u0143SKIEGO\u00a0\u00a0\u00a0<\/strong><\/p>\n<p class=\"western\">\u015awi\u0119to Chrztu Pa\u0144skiego \u2013 ukazuje widoczne objawienie ca\u0142ej Tr\u00f3jcy \u015awi\u0119tej: B\u00f3g Ojciec objawia si\u0119 poprzez g\u0142os \u2013 s\u0142owa skierowane w kierunku Syna, Jezusa Chrystusa, obecnego nad Jordanem i Duch \u015awi\u0119ty w postaci go\u0142\u0119bicy.\u00a0To wydarzenie jest te\u017c okazj\u0105 do u\u015bwiadomienia sobie tego, co to znaczy, \u017ce jeste\u015bmy chrze\u015bcijanami \u2013 bo kiedy\u015b zostali\u015bmy ochrzczeni \u2013 i co si\u0119 z tym wi\u0105\u017ce. Czym jest chrzest? Nie tylko jednym z sakrament\u00f3w, ale te\u017c zobowi\u0105zaniem do przestrzegania Bo\u017cych przykaza\u0144 \u2013 przykaza\u0144, kt\u00f3re, jak s\u0142yszeli\u015bmy, s\u0105 wyrazem naszej mi\u0142o\u015bci i pomagaj\u0105 zwyci\u0119\u017cy\u0107 \u015bwiat, czyli nie podda\u0107 si\u0119 temu, co jest tylko doczesne, wi\u0119c kiedy\u015b przeminie.<\/p>\n<p class=\"western\">Pytania, kt\u00f3re s\u0142yszymy u proroka Izajasza, mog\u0105 by\u0107 troch\u0119 prowokacyjne dla wsp\u00f3\u0142czesnego cz\u0142owieka:\u00a0Czemu wydajecie pieni\u0105dze na to, co nie jest chlebem? I wasz\u0105 prac\u0119 \u2013 na to, co nie nasyci?\u00a0(Iz 55, 2) I faktycznie te s\u0142owa powinny sk\u0142oni\u0107 do refleksji: czy nie jestem za bardzo zabiegany w pogoni za rzeczami materialnymi, czy nie zatracam si\u0119 w pracy, gubi\u0105c to, co tak naprawd\u0119 ma znaczenie \u2013 troska o zbawienie? Oczywi\u015bcie, praca i zdobywanie pieni\u0119dzy s\u0105 wa\u017cne, ale nie mog\u0105 sta\u0107 si\u0119 celem najwa\u017cniejszym. Trzeba nam pami\u0119ta\u0107 o tym, kim jeste\u015bmy, i celowa\u0107 wy\u017cej, dalej \u2013 w stron\u0119 wieczno\u015bci. Tylko Jezus mo\u017ce nam da\u0107 prawdziwe skarby, zapewni\u0107 zbawienie, kt\u00f3re daje prawdziw\u0105 rado\u015b\u0107, zaspokaja w pe\u0142ni nasze pragnienie.<\/p>\n<p class=\"western\">Mo\u017ce to nie by\u0107 \u0142atwe, aby swoje my\u015blenie nastawi\u0107 w pe\u0142ni w kierunku zbawienia, bo \u2013 jak m\u00f3wi do nas Pan w s\u0142owach Ksi\u0119gi proroka Izajasza \u2013\u00a0my\u015bli moje nie s\u0105 my\u015blami waszymi ani wasze drogi moimi drogami\u00a0(Iz 55, 8). Bo\u017ca wola powinna by\u0107 w naszym \u017cyciu ponad naszymi \u201ezachciankami\u201d. Tylko wtedy \u0142aska mo\u017ce w pe\u0142ni zadzia\u0142a\u0107 w \u017cyciu i da\u0107 prawdziwe szcz\u0119\u015bcie, tylko wtedy Bo\u017ce s\u0142owa mog\u0105 wyda\u0107 w naszym \u017cyciu dobre owoce. Ka\u017cdy Bo\u017cy zamys\u0142 ma sw\u00f3j cel i do wype\u0142nienia si\u0119 w \u017cyciu cz\u0142owieka potrzebuje jego wsp\u00f3\u0142pracy. Aby czerpa\u0107 ze zdroj\u00f3w zbawienia, trzeba si\u0119 postara\u0107 o dotarcie do \u017ar\u00f3d\u0142a. A tym \u017ar\u00f3d\u0142em jest s\u0142owo Bo\u017ce i sakramenty. Pierwszym i najwa\u017cniejszym z nich jest chrzest \u015bwi\u0119ty. To od chrztu Jezus rozpocz\u0105\u0142 swoj\u0105 misj\u0119 nauczycielsk\u0105. W naszym \u017cyciu to chrzest zmywa grzech pierworodny, otwiera nas na \u0142ask\u0119 i pozwala sta\u0107 si\u0119 w pe\u0142ni dzieckiem Bo\u017cym, chrze\u015bcijaninem.<\/p>\n<p class=\"western\">\u0141aska wiary, kt\u00f3r\u0105 otrzymujemy wraz z sakramentami, zobowi\u0105zuje nas do przestrzegania przykaza\u0144. Nie tylko zobowi\u0105zuje, ale te\u017c umacnia, aby\u015bmy mogli wype\u0142nia\u0107 przykazania z prawdziw\u0105 mi\u0142o\u015bci\u0105. Jedynie wtedy staj\u0105 si\u0119 one nie tylko obowi\u0105zkiem, ale i prawem, w kt\u00f3rym mo\u017cna dostrzec sens. W ten spos\u00f3b \u0142atwiej jest dotrze\u0107 do zdroj\u00f3w zbawienia, z kt\u00f3rych mo\u017cemy obficie czerpa\u0107, bo tak wielka jest Bo\u017ca \u0142aska. W pe\u0142ni znajdziemy j\u0105 w Chrystusie, kt\u00f3ry jest\u00a0Barankiem Bo\u017cym, kt\u00f3ry g\u0142adzi grzech \u015bwiata\u00a0(J 1, 29). Powtarzamy te s\u0142owa na ka\u017cdej Mszy \u015awi\u0119tej. Warto w tym momencie sobie u\u015bwiadomi\u0107, co one ukazuj\u0105: \u017ce nie jest to tylko \u015bpiew czy recytacja, towarzysz\u0105ce \u0142amaniu Hostii, a wyznanie pewnej prawdy wiary, wypowiedziane niegdy\u015b przez Jana Chrzciciela. Grzech pierworodny jest g\u0142adzony przez chrzest \u015bwi\u0119ty. Ka\u017cdy pope\u0142niony grzech jest usuwany poprzez rozgrzeszenie podczas szczerej spowiedzi \u015bwi\u0119tej. Z niewoli wszystkich grzech\u00f3w natomiast uwolni\u0142 nas sam Jezus Chrystus \u2013 Baranek Bo\u017cy, kt\u00f3ry z\u0142o\u017cy\u0142 siebie w doskona\u0142ej ofierze.<\/p>\n<p class=\"western\">Dzi\u015b, rozwa\u017caj\u0105c scen\u0119 chrztu Jezusa w Jordanie, warto zwr\u00f3ci\u0107 uwag\u0119 na pokor\u0119 \u015bw. Jana, kt\u00f3ry zaznacza, \u017ce przychodzi kto\u015b mocniejszy, wa\u017cniejszy od niego. Przychodzi Chrystus poprzez wod\u0119, krew i Ducha. Wod\u0105 zostaje ochrzczony i sam u\u015bwi\u0119ca t\u0119 wod\u0119 swoj\u0105 obecno\u015bci\u0105. Przez swoj\u0105 krew dokonuje naszego odkupienia. Duchem \u015awi\u0119tym jest nape\u0142niony i z Nim tworzy jedno i \u2013 jak zaznacza Jan \u2013 b\u0119dzie chrzci\u0142 Duchem \u015awi\u0119tym, po\u015ble tego Ducha, aby\u015bmy i my mogli do\u015bwiadczy\u0107 pe\u0142ni \u0142ask.<\/p>\n<p class=\"western\">Trzeba szczeg\u00f3lnie w tym dniu wr\u00f3ci\u0107 my\u015blami do swojego chrztu.\u00a0Raczej wi\u0119kszo\u015b\u0107 z nas nie pami\u0119ta tego dnia, ale warto by\u0107 \u015bwiadomym, \u017ce dzie\u0144 chrztu \u015bwi\u0119tego jest dla nas wielk\u0105 \u0142ask\u0105. Jest dniem nowych narodzin \u2013 narodzin z Ducha, uwolnieniem z pi\u0119tna grzechu pierworodnego i wej\u015bcia w \u017cycie w \u0142asce, w jedno\u015bci z naszym Panem. Nie zapominajmy, \u017ce wiara nadaje \u017cyciu sens i sprawia, \u017ce widzimy co\u015b wi\u0119cej ni\u017c tylko doczesno\u015b\u0107. Dzi\u0119kujmy Chrystusowi za to, \u017ce chce nas obficie obdarowa\u0107 darmowymi \u0142askami, szczeg\u00f3lnie zbawieniem.<\/p>\n","protected":false},"excerpt":{"rendered":"<p>Uroczysto\u015b\u0107 Chrztu Pana Jezusa Tekst Ewangelii :\u00a0I tak g\u0142osi\u0142 Jan: \u00abIdzie za mn\u0105 mocniejszy ode mnie, a ja nie jestem godzien, aby si\u0119 schyli\u0107 i rozwi\u0105za\u0107 rzemyk u Jego sanda\u0142\u00f3w. Ja chrzci\u0142em was wod\u0105, On za\u015b chrzci\u0107 was b\u0119dzie Duchem \u015awi\u0119tym\u00bb. W owym czasie przyszed\u0142 Jezus z Nazaretu w Galilei i przyj\u0105\u0142 od Jana chrzest w Jordanie. W chwili gdy wychodzi\u0142 z wody, ujrza\u0142 rozwieraj\u0105ce si\u0119 niebo i Ducha jak go\u0142\u0119bic\u0119 zst\u0119puj\u0105cego na siebie. A z nieba odezwa\u0142 si\u0119 g\u0142os: \u00abTy\u015b jest m\u00f3j Syn umi\u0142owany, w Tobie mam upodobanie\u00bb. W MOCY CHRZTU PA\u0143SKIEGO\u00a0\u00a0\u00a0 \u015awi\u0119to Chrztu Pa\u0144skiego \u2013 ukazuje widoczne objawienie ca\u0142ej Tr\u00f3jcy \u015awi\u0119tej: B\u00f3g Ojciec objawia si\u0119 poprzez g\u0142os \u2013 s\u0142owa skierowane w kierunku Syna, Jezusa Chrystusa, obecnego nad Jordanem i Duch \u015awi\u0119ty w postaci go\u0142\u0119bicy.\u00a0To wydarzenie jest te\u017c okazj\u0105 do u\u015bwiadomienia sobie tego, co to znaczy, \u017ce jeste\u015bmy chrze\u015bcijanami \u2013 bo kiedy\u015b zostali\u015bmy ochrzczeni \u2013 i co si\u0119 z&hellip;<\/p>\n<p> <a class=\"more-link\" href=\"http:\/\/www.franciszek-walcz.pl\/?p=26025\">Czytaj dalej<\/a><\/p>\n","protected":false},"author":1,"featured_media":0,"comment_status":"closed","ping_status":"closed","sticky":false,"template":"","format":"standard","meta":{"footnotes":""},"categories":[1],"tags":[],"class_list":{"0":"post-26025","1":"post","2":"type-post","3":"status-publish","4":"format-standard","6":"category-uncategorized"},"brizy_media":[],"_links":{"self":[{"href":"http:\/\/www.franciszek-walcz.pl\/index.php?rest_route=\/wp\/v2\/posts\/26025","targetHints":{"allow":["GET"]}}],"collection":[{"href":"http:\/\/www.franciszek-walcz.pl\/index.php?rest_route=\/wp\/v2\/posts"}],"about":[{"href":"http:\/\/www.franciszek-walcz.pl\/index.php?rest_route=\/wp\/v2\/types\/post"}],"author":[{"embeddable":true,"href":"http:\/\/www.franciszek-walcz.pl\/index.php?rest_route=\/wp\/v2\/users\/1"}],"replies":[{"embeddable":true,"href":"http:\/\/www.franciszek-walcz.pl\/index.php?rest_route=%2Fwp%2Fv2%2Fcomments&post=26025"}],"version-history":[{"count":2,"href":"http:\/\/www.franciszek-walcz.pl\/index.php?rest_route=\/wp\/v2\/posts\/26025\/revisions"}],"predecessor-version":[{"id":26027,"href":"http:\/\/www.franciszek-walcz.pl\/index.php?rest_route=\/wp\/v2\/posts\/26025\/revisions\/26027"}],"wp:attachment":[{"href":"http:\/\/www.franciszek-walcz.pl\/index.php?rest_route=%2Fwp%2Fv2%2Fmedia&parent=26025"}],"wp:term":[{"taxonomy":"category","embeddable":true,"href":"http:\/\/www.franciszek-walcz.pl\/index.php?rest_route=%2Fwp%2Fv2%2Fcategories&post=26025"},{"taxonomy":"post_tag","embeddable":true,"href":"http:\/\/www.franciszek-walcz.pl\/index.php?rest_route=%2Fwp%2Fv2%2Ftags&post=26025"}],"curies":[{"name":"wp","href":"https:\/\/api.w.org\/{rel}","templated":true}]}}