{"id":26065,"date":"2024-01-20T11:51:08","date_gmt":"2024-01-20T10:51:08","guid":{"rendered":"http:\/\/www.franciszek-walcz.pl\/?p=26065"},"modified":"2024-01-20T11:51:47","modified_gmt":"2024-01-20T10:51:47","slug":"iii-niedziela-okresu-zwyklego","status":"publish","type":"post","link":"http:\/\/www.franciszek-walcz.pl\/?p=26065","title":{"rendered":"III Niedziela okresu zwyk\u0142ego"},"content":{"rendered":"<p class=\"western\"><strong>III Niedziela okresu zwyk\u0142ego<\/strong><\/p>\n<p class=\"western\">Tekst Ewangelii :\u00a0Gdy Jan zosta\u0142 uwi\u0119ziony, Jezus przyszed\u0142 do Galilei i g\u0142osi\u0142 Ewangeli\u0119 Bo\u017c\u0105. M\u00f3wi\u0142: \u00abCzas si\u0119 wype\u0142ni\u0142 i bliskie jest kr\u00f3lestwo Bo\u017ce. Nawracajcie si\u0119 i wierzcie w Ewangeli\u0119!\u00bb Przechodz\u0105c obok Jeziora Galilejskiego, ujrza\u0142 Szymona i brata Szymonowego, Andrzeja, jak zarzucali sie\u0107 w jezioro; byli bowiem rybakami. Jezus rzek\u0142 do nich: \u00abP\u00f3jd\u017acie za Mn\u0105, a sprawi\u0119, \u017ce si\u0119 staniecie rybakami ludzi\u00bb. I natychmiast zostawili sieci i poszli za Nim. Id\u0105c dalej, ujrza\u0142 Jakuba, syna Zebedeusza, i brata jego Jana, kt\u00f3rzy te\u017c byli w \u0142odzi i naprawiali sieci. Zaraz ich powo\u0142a\u0142, a oni zostawili ojca swego, Zebedeusza, razem z najemnikami w \u0142odzi i poszli za Nim.<\/p>\n<p class=\"western\"><strong>\u00abNawracajcie si\u0119 i wierzcie w Ewangeli\u0119!\u00bb<\/strong><\/p>\n<p class=\"western\">Wszystkie dzia\u0142ania ludzkie \u0142\u0105cz\u0105 si\u0119 z odwiecznym planem Boga wobec nas i z powo\u0142aniem do s\u0142uchania Jezusa, na\u015bladowania Go we wszystkim i dla wszystkiego i g\u0142oszenia Jego S\u0142owa, tak jak czynili to pierwsi uczniowie, tak jak czyni\u0142y miliony os\u00f3b i staramy si\u0119 czyni\u0107 my.<\/p>\n<p>Teraz jest okazja, aby znale\u017a\u0107 Boga w Jezusie Chrystusie; teraz jest czas w naszym \u017cyciu, kt\u00f3ry \u0142\u0105czy si\u0119 ze szcz\u0119\u015bliw\u0105 lub nieszcz\u0119\u015bliw\u0105 wieczno\u015bci\u0105; teraz jest czas, kt\u00f3ry daje nam B\u00f3g na spotkanie z Nim, aby \u017cy\u0107 jak Jego dzieci i sprawia\u0107, by codzienne wydarzenia mia\u0142y boski wymiar, kt\u00f3ry Jezus Chrystus Swoim \u017cyciem w czasie im nada\u0142.<\/p>\n<p>Nie mo\u017cemy przepu\u015bci\u0107 tej okazji!: to \u017cycie kr\u00f3tsze czy d\u0142u\u017csze w czasie, ale zawsze kr\u00f3tkie, \u00abprzemija bowiem posta\u0107 tego \u015bwiata\u00bb . Potem, wieczno\u015b\u0107 z Bogiem i Jego wiernymi w pe\u0142ni \u017cycia i szcz\u0119\u015bcia, lub z dala od Boga, z niewiernymi, w ca\u0142kowitym nieszcz\u0119\u015bciu.<\/p>\n<p>Tak wi\u0119c, godziny, dni, miesi\u0105ce i lata, nie s\u0105 aby je marnowa\u0107 czy zainstalowa\u0107 si\u0119 i prze\u017cy\u0107 niezauwa\u017calnie w sterylnym \u201cbyle do przodu\u201d. S\u0105, aby je prze\u017cy\u0107 \u2014tu i teraz\u2014 co Jezus g\u0142osi\u0142 w zbawczej Ewangelii: \u017cy\u0107 w Bogu, kochaj\u0105c wszystkich i wszystko. I tak ci, kt\u00f3rzy kochali \u2014Maryja, Matka Boga i nasza Matka; \u015bwi\u0119ci, kt\u00f3rzy byli wierni do ko\u0144ca ziemskiego \u017cycia\u2014 mogli us\u0142ysze\u0107: \u00abDobrze, s\u0142ugo dobry i wierny (&#8230;): wejd\u017a do rado\u015bci twego Pana!\u00bb .<br \/>\nNawr\u00f3\u0107my si\u0119! Warto!: pokochamy i od tej pory b\u0119dziemy szcz\u0119\u015bliwi.<\/p>\n","protected":false},"excerpt":{"rendered":"<p>III Niedziela okresu zwyk\u0142ego Tekst Ewangelii :\u00a0Gdy Jan zosta\u0142 uwi\u0119ziony, Jezus przyszed\u0142 do Galilei i g\u0142osi\u0142 Ewangeli\u0119 Bo\u017c\u0105. M\u00f3wi\u0142: \u00abCzas si\u0119 wype\u0142ni\u0142 i bliskie jest kr\u00f3lestwo Bo\u017ce. Nawracajcie si\u0119 i wierzcie w Ewangeli\u0119!\u00bb Przechodz\u0105c obok Jeziora Galilejskiego, ujrza\u0142 Szymona i brata Szymonowego, Andrzeja, jak zarzucali sie\u0107 w jezioro; byli bowiem rybakami. Jezus rzek\u0142 do nich: \u00abP\u00f3jd\u017acie za Mn\u0105, a sprawi\u0119, \u017ce si\u0119 staniecie rybakami ludzi\u00bb. I natychmiast zostawili sieci i poszli za Nim. Id\u0105c dalej, ujrza\u0142 Jakuba, syna Zebedeusza, i brata jego Jana, kt\u00f3rzy te\u017c byli w \u0142odzi i naprawiali sieci. Zaraz ich powo\u0142a\u0142, a oni zostawili ojca swego, Zebedeusza, razem z najemnikami w \u0142odzi i poszli za Nim. \u00abNawracajcie si\u0119 i wierzcie w Ewangeli\u0119!\u00bb Wszystkie dzia\u0142ania ludzkie \u0142\u0105cz\u0105 si\u0119 z odwiecznym planem Boga wobec nas i z powo\u0142aniem do s\u0142uchania Jezusa, na\u015bladowania Go we wszystkim i dla wszystkiego i g\u0142oszenia Jego S\u0142owa, tak jak czynili to pierwsi uczniowie, tak&hellip;<\/p>\n<p> <a class=\"more-link\" href=\"http:\/\/www.franciszek-walcz.pl\/?p=26065\">Czytaj dalej<\/a><\/p>\n","protected":false},"author":1,"featured_media":0,"comment_status":"closed","ping_status":"closed","sticky":false,"template":"","format":"standard","meta":{"footnotes":""},"categories":[5],"tags":[],"class_list":{"0":"post-26065","1":"post","2":"type-post","3":"status-publish","4":"format-standard","6":"category-artykuly"},"brizy_media":[],"_links":{"self":[{"href":"http:\/\/www.franciszek-walcz.pl\/index.php?rest_route=\/wp\/v2\/posts\/26065","targetHints":{"allow":["GET"]}}],"collection":[{"href":"http:\/\/www.franciszek-walcz.pl\/index.php?rest_route=\/wp\/v2\/posts"}],"about":[{"href":"http:\/\/www.franciszek-walcz.pl\/index.php?rest_route=\/wp\/v2\/types\/post"}],"author":[{"embeddable":true,"href":"http:\/\/www.franciszek-walcz.pl\/index.php?rest_route=\/wp\/v2\/users\/1"}],"replies":[{"embeddable":true,"href":"http:\/\/www.franciszek-walcz.pl\/index.php?rest_route=%2Fwp%2Fv2%2Fcomments&post=26065"}],"version-history":[{"count":2,"href":"http:\/\/www.franciszek-walcz.pl\/index.php?rest_route=\/wp\/v2\/posts\/26065\/revisions"}],"predecessor-version":[{"id":26067,"href":"http:\/\/www.franciszek-walcz.pl\/index.php?rest_route=\/wp\/v2\/posts\/26065\/revisions\/26067"}],"wp:attachment":[{"href":"http:\/\/www.franciszek-walcz.pl\/index.php?rest_route=%2Fwp%2Fv2%2Fmedia&parent=26065"}],"wp:term":[{"taxonomy":"category","embeddable":true,"href":"http:\/\/www.franciszek-walcz.pl\/index.php?rest_route=%2Fwp%2Fv2%2Fcategories&post=26065"},{"taxonomy":"post_tag","embeddable":true,"href":"http:\/\/www.franciszek-walcz.pl\/index.php?rest_route=%2Fwp%2Fv2%2Ftags&post=26065"}],"curies":[{"name":"wp","href":"https:\/\/api.w.org\/{rel}","templated":true}]}}