{"id":26161,"date":"2024-02-02T20:58:31","date_gmt":"2024-02-02T19:58:31","guid":{"rendered":"http:\/\/www.franciszek-walcz.pl\/?p=26161"},"modified":"2024-02-02T20:58:37","modified_gmt":"2024-02-02T19:58:37","slug":"3-lutego-specjalne-blogoslawienstwo-we-wspomnienie-sw-blazeja","status":"publish","type":"post","link":"http:\/\/www.franciszek-walcz.pl\/?p=26161","title":{"rendered":"3 lutego -Specjalne b\u0142ogos\u0142awie\u0144stwo we\u00a0wspomnienie \u015bw.\u00a0B\u0142a\u017ceja"},"content":{"rendered":"<p class=\"western\">Raz w\u00a0roku podczas Eucharystii ma\u00a0miejsce jeden z\u00a0ciekawszych obrz\u0119d\u00f3w. Po\u00a0ko\u0144cowej modlitwie kap\u0142an zapala dwie specjalne \u015bwiece. Nast\u0119pnie przygotowuje wiernych do\u00a0udzia\u0142u w\u00a0specjalnym b\u0142ogos\u0142awie\u0144stwie przemawiaj\u0105c:\u00a0Pro\u015bmy Boga, kt\u00f3ry\u00a0jest \u017ar\u00f3d\u0142em \u017cycia, o\u00a0zdrowie gard\u0142a i\u00a0o\u00a0w\u0142a\u015bciwe korzystanie z\u00a0daru mowy, aby\u015bmy go\u00a0umieli u\u017cywa\u0107 na\u00a0chwa\u0142\u0119 Bo\u017c\u0105 i\u00a0po\u017cytek ludzi.<\/p>\n<p class=\"western\">Po\u00a0b\u0142ogos\u0142awie\u0144stwo wierni najcz\u0119\u015bciej podchodz\u0105 do\u00a0stopni o\u0142tarza. Kap\u0142an nie\u00a0tylko\u00a0wypowiada stosowne s\u0142owa, ale\u00a0i\u00a0dotyka garde\u0142 dwiema \u015bwiecami. Warto sobie w\u00a0tym dniu szczeg\u00f3lnie u\u015bwiadomi\u0107 moc wiary. To\u00a0ona decyduje o\u00a0skuteczno\u015bci sakramentali\u00f3w, do\u00a0kt\u00f3rych\u00a0Ko\u015bci\u00f3\u0142 zalicza b\u0142ogos\u0142awienie garde\u0142. S\u0105\u00a0to\u00a0znaki umacniaj\u0105ce w\u00a0nas \u0142aski otrzymane w\u00a0sakramentach i\u00a0lepiej przygotowuj\u0105ce do\u00a0ich przyj\u0119cia. Tak\u00a0wi\u0119c\u00a0nie\u00a0ma\u00a0\u017cadnej magii w\u00a0tym obrz\u0119dzie, bo\u00a0nie\u00a0dotyk ma\u00a0moc uzdrawiania. Jest on\u00a0jedynie zewn\u0119trznym znakiem naszej wewn\u0119trznej ufno\u015bci we\u00a0wstawiennictwo \u015bw.\u00a0B\u0142a\u017ceja.<\/p>\n<p class=\"western\"><strong>Modlitwa b\u0142ogos\u0142awie\u0144stwa \u015bwiec i\u00a0wiernych:<\/strong><\/p>\n<p class=\"western\">Wszechmog\u0105cy, wieczny Bo\u017ce, Ty\u00a0stworzy\u0142e\u015b ca\u0142y \u015bwiat. Z\u00a0mi\u0142o\u015bci zes\u0142a\u0142e\u015b nam swojego Syna, Jezusa Chrystusa, narodzonego z\u00a0Maryi Dziewicy, aby leczy\u0142 nasze choroby duszy i\u00a0cia\u0142a. Daj\u0105c \u015bwiadectwo wiary, \u015bwi\u0119ty B\u0142a\u017cej, chwalebny biskup, zdoby\u0142 palm\u0119 m\u0119cze\u0144stwa. Ty, Panie, udzieli\u0142e\u015b mu\u00a0\u0142aski leczenia chor\u00f3b gard\u0142a. Prosimy Ci\u0119, pob\u0142ogos\u0142aw te\u00a0\u015bwiece i\u00a0spraw, aby wszyscy wierz\u0105cy za\u00a0wstawiennictwem \u015bwi\u0119tego B\u0142a\u017ceja zostali uwolnieni od\u00a0chor\u00f3b gard\u0142a i\u00a0wszelkiego innego niebezpiecze\u0144stwa i\u00a0zawsze mogli Tobie sk\u0142ada\u0107 dzi\u0119kczynienie. Przez\u00a0Chrystusa, Pana naszego.<\/p>\n<p class=\"western\">\u00a0Kap\u0142an kropi wod\u0105 \u015bwi\u0119con\u0105 zgromadzonych oraz\u00a0\u015bwiece. Nast\u0119pnie wierni prosz\u0105cy o\u00a0b\u0142ogos\u0142awie\u0144stwo podchodz\u0105 do\u00a0celebransa, kt\u00f3ry\u00a0\u2013 pos\u0142uguj\u0105c si\u0119 \u015bwiecami zgodnie z\u00a0miejscowym zwyczajem \u2013 b\u0142ogos\u0142awi ich m\u00f3wi\u0105c:<\/p>\n<p class=\"western\">Za\u00a0wstawiennictwem \u015bwi\u0119tego B\u0142a\u017ceja, biskupa i\u00a0m\u0119czennika, niech\u00a0B\u00f3g zachowa ci\u0119 od\u00a0choroby gard\u0142a i\u00a0wszelkiej innej dolegliwo\u015bci. W\u00a0imi\u0119 Ojca i\u00a0Syna, i\u00a0Ducha \u015awi\u0119tego.<\/p>\n<p class=\"western\">\u015aw. B\u0142a\u017cej pochodzi\u0142 z\u00a0Cezarei Kapadockiej, ojczyzny \u015bw.\u00a0Bazylego Wielkiego, \u015bw.\u00a0Grzegorza z\u00a0Nazjanzu, \u015bw.\u00a0Grzegorza z\u00a0Nyssy, \u015bw.\u00a0Piotra z\u00a0Sebasty, \u015bw.\u00a0Cezarego i\u00a0wielu innych. By\u0142 to\u00a0niegdy\u015b jeden z\u00a0najbujniejszych o\u015brodk\u00f3w \u017cycia chrze\u015bcija\u0144skiego.<\/p>\n<p class=\"western\">B\u0142a\u017cej studiowa\u0142 filozofi\u0119, zosta\u0142 jednak lekarzem. Po\u00a0pewnym czasie porzuci\u0142 sw\u00f3j zaw\u00f3d i\u00a0podj\u0105\u0142 \u017cycie na\u00a0pustyni. Stamt\u0105d wezwano go\u00a0na\u00a0stolic\u0119 biskupi\u0105 w\u00a0po\u0142o\u017conej nieopodal Seba\u015bcie (wcze\u015bniej w\u00a0Armenii, dzi\u015b Sivas w\u00a0Turcji).<\/p>\n<p class=\"western\">Podczas prze\u015bladowa\u0144 za\u00a0cesarza Licyniusza uciek\u0142 do\u00a0jednej z\u00a0pieczar g\u00f3rskich, sk\u0105d nadal rz\u0105dzi\u0142 swoj\u0105 diecezj\u0105. Kto\u015b jednak doni\u00f3s\u0142 o\u00a0miejscu jego pobytu. Zosta\u0142 aresztowany i\u00a0uwi\u0119ziony. W\u00a0lochu wi\u0119ziennym umacnia\u0142 sw\u00f3j lud w\u00a0wierno\u015bci Chrystusowi. Tam w\u0142a\u015bnie mia\u0142 cudownie uleczy\u0107 syna pewnej kobiety, kt\u00f3remu\u00a0gard\u0142o przebi\u0142a o\u015b\u0107, uniemo\u017cliwiaj\u0105c oddychanie. Ch\u0142opcu grozi\u0142o uduszenie. Dla upami\u0119tnienia tego wydarzenia Ko\u015bci\u00f3\u0142 do\u00a0dzi\u015b w\u00a0dniu \u015bw.\u00a0B\u0142a\u017ceja b\u0142ogos\u0142awi gard\u0142a.<\/p>\n<p class=\"western\">W\u00a0niekt\u00f3rych stronach Polski na\u00a0dzie\u0144 \u015bw.\u00a0B\u0142a\u017ceja robiono ma\u0142e \u015bwiece, zwane \u201cb\u0142a\u017cejkami\u201d, kt\u00f3re niesiono do\u00a0po\u015bwi\u0119cenia i\u00a0dotykano nimi gard\u0142a. W\u00a0innych stronach po\u015bwi\u0119cano jab\u0142ka i\u00a0dawano je\u00a0do\u00a0spo\u017cycia cierpi\u0105cym na\u00a0b\u00f3l gard\u0142a.<\/p>\n<p class=\"western\">Kiedy daremne okaza\u0142y si\u0119 wobec niez\u0142omnego biskupa namowy i\u00a0gro\u017aby, zastosowano wobec niego najokrutniejsze tortury, by\u00a0zmusi\u0107 go\u00a0do\u00a0odst\u0119pstwa od\u00a0wiary, a\u00a0za\u00a0jego przyk\u0142adem sk\u0142oni\u0107 do\u00a0apostazji innych. \u015aci\u0119to go\u00a0mieczem prawdopodobnie w\u00a0316 roku.<\/p>\n<p class=\"western\">Jest patronem m.in.\u00a0kamieniarzy i\u00a0gr\u0119plarzy, m\u00f3wc\u00f3w, \u015bpiewak\u00f3w oraz\u00a0wszystkich innych os\u00f3b, kt\u00f3re musz\u0105 dba\u0107 o\u00a0swoje gard\u0142o i\u00a0struny g\u0142osowe; jest tak\u017ce patronem chorwackiego miasta Dubrownik. Jego kult by\u0142 znany na\u00a0ca\u0142ym Wschodzie i\u00a0Zachodzie. Przyzywany podczas chor\u00f3b gard\u0142a, opiekun zwierz\u0105t, jeden z\u00a0Czternastu \u015awi\u0119tych Wspomo\u017cycieli.<\/p>\n<p class=\"western\">W\u00a0ikonografii \u015bw.\u00a0B\u0142a\u017cej przedstawiany jest jako biskup, kt\u00f3ry\u00a0b\u0142ogos\u0142awi. Atrybutami jego s\u0105: jele\u0144, pastora\u0142, ptaki z\u00a0po\u017cywieniem w\u00a0dziobie, dwie skrzy\u017cowane \u015bwiece, zgrzeb\u0142o \u2013 narz\u0119dzie tortur.<\/p>\n","protected":false},"excerpt":{"rendered":"<p>Raz w\u00a0roku podczas Eucharystii ma\u00a0miejsce jeden z\u00a0ciekawszych obrz\u0119d\u00f3w. Po\u00a0ko\u0144cowej modlitwie kap\u0142an zapala dwie specjalne \u015bwiece. Nast\u0119pnie przygotowuje wiernych do\u00a0udzia\u0142u w\u00a0specjalnym b\u0142ogos\u0142awie\u0144stwie przemawiaj\u0105c:\u00a0Pro\u015bmy Boga, kt\u00f3ry\u00a0jest \u017ar\u00f3d\u0142em \u017cycia, o\u00a0zdrowie gard\u0142a i\u00a0o\u00a0w\u0142a\u015bciwe korzystanie z\u00a0daru mowy, aby\u015bmy go\u00a0umieli u\u017cywa\u0107 na\u00a0chwa\u0142\u0119 Bo\u017c\u0105 i\u00a0po\u017cytek ludzi. Po\u00a0b\u0142ogos\u0142awie\u0144stwo wierni najcz\u0119\u015bciej podchodz\u0105 do\u00a0stopni o\u0142tarza. Kap\u0142an nie\u00a0tylko\u00a0wypowiada stosowne s\u0142owa, ale\u00a0i\u00a0dotyka garde\u0142 dwiema \u015bwiecami. Warto sobie w\u00a0tym dniu szczeg\u00f3lnie u\u015bwiadomi\u0107 moc wiary. To\u00a0ona decyduje o\u00a0skuteczno\u015bci sakramentali\u00f3w, do\u00a0kt\u00f3rych\u00a0Ko\u015bci\u00f3\u0142 zalicza b\u0142ogos\u0142awienie garde\u0142. S\u0105\u00a0to\u00a0znaki umacniaj\u0105ce w\u00a0nas \u0142aski otrzymane w\u00a0sakramentach i\u00a0lepiej przygotowuj\u0105ce do\u00a0ich przyj\u0119cia. Tak\u00a0wi\u0119c\u00a0nie\u00a0ma\u00a0\u017cadnej magii w\u00a0tym obrz\u0119dzie, bo\u00a0nie\u00a0dotyk ma\u00a0moc uzdrawiania. Jest on\u00a0jedynie zewn\u0119trznym znakiem naszej wewn\u0119trznej ufno\u015bci we\u00a0wstawiennictwo \u015bw.\u00a0B\u0142a\u017ceja. Modlitwa b\u0142ogos\u0142awie\u0144stwa \u015bwiec i\u00a0wiernych: Wszechmog\u0105cy, wieczny Bo\u017ce, Ty\u00a0stworzy\u0142e\u015b ca\u0142y \u015bwiat. Z\u00a0mi\u0142o\u015bci zes\u0142a\u0142e\u015b nam swojego Syna, Jezusa Chrystusa, narodzonego z\u00a0Maryi Dziewicy, aby leczy\u0142 nasze choroby duszy i\u00a0cia\u0142a. Daj\u0105c \u015bwiadectwo wiary, \u015bwi\u0119ty B\u0142a\u017cej, chwalebny biskup, zdoby\u0142 palm\u0119 m\u0119cze\u0144stwa. Ty, Panie, udzieli\u0142e\u015b mu\u00a0\u0142aski leczenia chor\u00f3b gard\u0142a. Prosimy Ci\u0119, pob\u0142ogos\u0142aw te\u00a0\u015bwiece i\u00a0spraw, aby wszyscy wierz\u0105cy za\u00a0wstawiennictwem \u015bwi\u0119tego B\u0142a\u017ceja zostali&hellip;<\/p>\n<p> <a class=\"more-link\" href=\"http:\/\/www.franciszek-walcz.pl\/?p=26161\">Czytaj dalej<\/a><\/p>\n","protected":false},"author":1,"featured_media":0,"comment_status":"closed","ping_status":"closed","sticky":false,"template":"","format":"standard","meta":{"footnotes":""},"categories":[5],"tags":[],"class_list":{"0":"post-26161","1":"post","2":"type-post","3":"status-publish","4":"format-standard","6":"category-artykuly"},"brizy_media":[],"_links":{"self":[{"href":"http:\/\/www.franciszek-walcz.pl\/index.php?rest_route=\/wp\/v2\/posts\/26161","targetHints":{"allow":["GET"]}}],"collection":[{"href":"http:\/\/www.franciszek-walcz.pl\/index.php?rest_route=\/wp\/v2\/posts"}],"about":[{"href":"http:\/\/www.franciszek-walcz.pl\/index.php?rest_route=\/wp\/v2\/types\/post"}],"author":[{"embeddable":true,"href":"http:\/\/www.franciszek-walcz.pl\/index.php?rest_route=\/wp\/v2\/users\/1"}],"replies":[{"embeddable":true,"href":"http:\/\/www.franciszek-walcz.pl\/index.php?rest_route=%2Fwp%2Fv2%2Fcomments&post=26161"}],"version-history":[{"count":1,"href":"http:\/\/www.franciszek-walcz.pl\/index.php?rest_route=\/wp\/v2\/posts\/26161\/revisions"}],"predecessor-version":[{"id":26162,"href":"http:\/\/www.franciszek-walcz.pl\/index.php?rest_route=\/wp\/v2\/posts\/26161\/revisions\/26162"}],"wp:attachment":[{"href":"http:\/\/www.franciszek-walcz.pl\/index.php?rest_route=%2Fwp%2Fv2%2Fmedia&parent=26161"}],"wp:term":[{"taxonomy":"category","embeddable":true,"href":"http:\/\/www.franciszek-walcz.pl\/index.php?rest_route=%2Fwp%2Fv2%2Fcategories&post=26161"},{"taxonomy":"post_tag","embeddable":true,"href":"http:\/\/www.franciszek-walcz.pl\/index.php?rest_route=%2Fwp%2Fv2%2Ftags&post=26161"}],"curies":[{"name":"wp","href":"https:\/\/api.w.org\/{rel}","templated":true}]}}