{"id":26174,"date":"2024-02-03T12:06:25","date_gmt":"2024-02-03T11:06:25","guid":{"rendered":"http:\/\/www.franciszek-walcz.pl\/?p=26174"},"modified":"2024-02-03T12:06:25","modified_gmt":"2024-02-03T11:06:25","slug":"v-niedziela-okresu-zwyklego","status":"publish","type":"post","link":"http:\/\/www.franciszek-walcz.pl\/?p=26174","title":{"rendered":"V Niedziela okresu zwyk\u0142ego"},"content":{"rendered":"<p class=\"western\">Tekst Ewangelii (Mk\u00a01,29-39):\u00a0Zaraz po wyj\u015bciu z synagogi przyszed\u0142 z Jakubem i Janem do domu Szymona i Andrzeja. Te\u015bciowa za\u015b Szymona le\u017ca\u0142a w gor\u0105czce. Zaraz powiedzieli Mu o niej. On podszed\u0142 do niej i podni\u00f3s\u0142 j\u0105 uj\u0105wszy za r\u0119k\u0119, gor\u0105czka j\u0105 opu\u015bci\u0142a. A ona im us\u0142ugiwa\u0142a. Z nastaniem wieczora, gdy s\u0142o\u0144ce zasz\u0142o, przynosili do Niego wszystkich chorych i op\u0119tanych; i ca\u0142e miasto by\u0142o zebrane u drzwi. Uzdrowi\u0142 wielu dotkni\u0119tych rozmaitymi chorobami i wiele z\u0142ych duch\u00f3w wyrzuci\u0142, lecz nie pozwala\u0142 z\u0142ym duchom m\u00f3wi\u0107, poniewa\u017c wiedzia\u0142y, kim On jest.<\/p>\n<p>Nad ranem, gdy jeszcze by\u0142o ciemno, wsta\u0142, wyszed\u0142 i uda\u0142 si\u0119 na miejsce pustynne, i tam si\u0119 modli\u0142. Pospieszy\u0142 za Nim Szymon z towarzyszami, a gdy Go znale\u017ali, powiedzieli Mu: \u00abWszyscy Ci\u0119 szukaj\u0105\u00bb. Lecz On rzek\u0142 do nich: \u00abP\u00f3jd\u017amy gdzie indziej, do s\u0105siednich miejscowo\u015bci, abym i tam m\u00f3g\u0142 naucza\u0107, bo na to wyszed\u0142em\u00bb. I chodzi\u0142 po ca\u0142ej Galilei, nauczaj\u0105c w ich synagogach i wyrzucaj\u0105c z\u0142e duchy.<\/p>\n<p class=\"western\"><strong>\u00abWszyscy ci\u0119 szukaj\u0105\u00bb<\/strong><\/p>\n<p class=\"western\">Dzisiaj spotykamy Jezusa w Kafarnaum, a konkretnie w domu Szymona Piotra: \u00abZaraz po wyj\u015bciu z synagogi przyszed\u0142 (&#8230;) do domu Szymona i Andrzeja\u00bb . Tam znajduje Sw\u0105 rodzin\u0119, kt\u00f3ra s\u0142ucha S\u0142owa Bo\u017cego i wype\u0142nia Je . Te\u015bciowa Piotra jest chora w \u0142\u00f3\u017cku, a On, z gestem, kt\u00f3ry wykracza poza histori\u0119, podaje jej r\u0119k\u0119, podnosi i przywraca do s\u0142u\u017cby.<\/p>\n<p>Zbli\u017ca si\u0119 do biednych-cierpi\u0105cych, kt\u00f3rych przyprowadzaj\u0105 do Niego i uzdrawia ich wyci\u0105gaj\u0105c d\u0142o\u0144; zaledwie poprzez kr\u00f3tki kontakt z Nim, kt\u00f3ry jest \u017ar\u00f3d\u0142em \u017cycia, zostaj\u0105 uwolnieni-zbawieni.<\/p>\n<p>Wszyscy szukaj\u0105 Chrystusa, niekt\u00f3rzy wyra\u017anie i z wysi\u0142kiem, inni mo\u017ce nie b\u0119d\u0105c tego \u015bwiadomi, jako \u017ce \u00abniespokojne jest serce nasze, dop\u00f3ki w Nim nie spocznie\u00bb (\u015awi\u0119ty Augustyn).<br \/>\nAle tak jak my Go szukamy, bo potrzebujemy, by nas uwolni\u0142 od Z\u0142a, tak On zbli\u017ca si\u0119 do nas, aby umo\u017cliwi\u0107 to, czego nigdy by\u015bmy nie osi\u0105gn\u0119li na w\u0142asn\u0105 r\u0119k\u0119. On sta\u0142 si\u0119 s\u0142aby, aby pozyska\u0107 sobie nas s\u0142abych, \u00absta\u0142 si\u0119 wszystkim dla wszystkich, \u017ceby w og\u00f3le ocali\u0107 przynajmniej niekt\u00f3rych\u00bb .<\/p>\n<p>Wyci\u0105gni\u0119ta jest w nasz\u0105 stron\u0119 d\u0142o\u0144, kt\u00f3r\u0105 nie widzimy przyt\u0142oczeni przez tak wiele z\u0142a; wystarczy, by\u015bmy otworzyli nasz\u0105 i powstaniemy odnowieni do s\u0142u\u017cby. Mo\u017cemy \u201cotworzy\u0107\u201d d\u0142o\u0144 poprzez modlitw\u0119, za przyk\u0142adem Pana: \u00abNad ranem, gdy jeszcze by\u0142o ciemno, wsta\u0142, wyszed\u0142 i uda\u0142 si\u0119 na miejsce pustynne, i tam si\u0119 modli\u0142\u00bb .<\/p>\n<p>Ponadto, coniedzielna Eucharystia jest spotkaniem z Panem, kt\u00f3ry przychodzi, by podnie\u015b\u0107 nas z grzechu i zniech\u0119cenia, aby uczyni\u0107 z nas \u017cywych \u015bwiadk\u00f3w spotkania, kt\u00f3re nieustannie nas odnawia, i czyni nas prawdziwie wolnymi w Jezusie Chrystusie.<\/p>\n","protected":false},"excerpt":{"rendered":"<p>Tekst Ewangelii (Mk\u00a01,29-39):\u00a0Zaraz po wyj\u015bciu z synagogi przyszed\u0142 z Jakubem i Janem do domu Szymona i Andrzeja. Te\u015bciowa za\u015b Szymona le\u017ca\u0142a w gor\u0105czce. Zaraz powiedzieli Mu o niej. On podszed\u0142 do niej i podni\u00f3s\u0142 j\u0105 uj\u0105wszy za r\u0119k\u0119, gor\u0105czka j\u0105 opu\u015bci\u0142a. A ona im us\u0142ugiwa\u0142a. Z nastaniem wieczora, gdy s\u0142o\u0144ce zasz\u0142o, przynosili do Niego wszystkich chorych i op\u0119tanych; i ca\u0142e miasto by\u0142o zebrane u drzwi. Uzdrowi\u0142 wielu dotkni\u0119tych rozmaitymi chorobami i wiele z\u0142ych duch\u00f3w wyrzuci\u0142, lecz nie pozwala\u0142 z\u0142ym duchom m\u00f3wi\u0107, poniewa\u017c wiedzia\u0142y, kim On jest. Nad ranem, gdy jeszcze by\u0142o ciemno, wsta\u0142, wyszed\u0142 i uda\u0142 si\u0119 na miejsce pustynne, i tam si\u0119 modli\u0142. Pospieszy\u0142 za Nim Szymon z towarzyszami, a gdy Go znale\u017ali, powiedzieli Mu: \u00abWszyscy Ci\u0119 szukaj\u0105\u00bb. Lecz On rzek\u0142 do nich: \u00abP\u00f3jd\u017amy gdzie indziej, do s\u0105siednich miejscowo\u015bci, abym i tam m\u00f3g\u0142 naucza\u0107, bo na to wyszed\u0142em\u00bb. I chodzi\u0142 po ca\u0142ej Galilei, nauczaj\u0105c w ich synagogach i wyrzucaj\u0105c&hellip;<\/p>\n<p> <a class=\"more-link\" href=\"http:\/\/www.franciszek-walcz.pl\/?p=26174\">Czytaj dalej<\/a><\/p>\n","protected":false},"author":1,"featured_media":0,"comment_status":"closed","ping_status":"closed","sticky":false,"template":"","format":"standard","meta":{"footnotes":""},"categories":[5],"tags":[],"class_list":{"0":"post-26174","1":"post","2":"type-post","3":"status-publish","4":"format-standard","6":"category-artykuly"},"brizy_media":[],"_links":{"self":[{"href":"http:\/\/www.franciszek-walcz.pl\/index.php?rest_route=\/wp\/v2\/posts\/26174","targetHints":{"allow":["GET"]}}],"collection":[{"href":"http:\/\/www.franciszek-walcz.pl\/index.php?rest_route=\/wp\/v2\/posts"}],"about":[{"href":"http:\/\/www.franciszek-walcz.pl\/index.php?rest_route=\/wp\/v2\/types\/post"}],"author":[{"embeddable":true,"href":"http:\/\/www.franciszek-walcz.pl\/index.php?rest_route=\/wp\/v2\/users\/1"}],"replies":[{"embeddable":true,"href":"http:\/\/www.franciszek-walcz.pl\/index.php?rest_route=%2Fwp%2Fv2%2Fcomments&post=26174"}],"version-history":[{"count":1,"href":"http:\/\/www.franciszek-walcz.pl\/index.php?rest_route=\/wp\/v2\/posts\/26174\/revisions"}],"predecessor-version":[{"id":26175,"href":"http:\/\/www.franciszek-walcz.pl\/index.php?rest_route=\/wp\/v2\/posts\/26174\/revisions\/26175"}],"wp:attachment":[{"href":"http:\/\/www.franciszek-walcz.pl\/index.php?rest_route=%2Fwp%2Fv2%2Fmedia&parent=26174"}],"wp:term":[{"taxonomy":"category","embeddable":true,"href":"http:\/\/www.franciszek-walcz.pl\/index.php?rest_route=%2Fwp%2Fv2%2Fcategories&post=26174"},{"taxonomy":"post_tag","embeddable":true,"href":"http:\/\/www.franciszek-walcz.pl\/index.php?rest_route=%2Fwp%2Fv2%2Ftags&post=26174"}],"curies":[{"name":"wp","href":"https:\/\/api.w.org\/{rel}","templated":true}]}}