{"id":26259,"date":"2024-02-10T12:34:55","date_gmt":"2024-02-10T11:34:55","guid":{"rendered":"http:\/\/www.franciszek-walcz.pl\/?p=26259"},"modified":"2024-02-10T12:39:25","modified_gmt":"2024-02-10T11:39:25","slug":"apel-przewodniczacego-konferencji-episkopatu-polski","status":"publish","type":"post","link":"http:\/\/www.franciszek-walcz.pl\/?p=26259","title":{"rendered":"APEL PRZEWODNICZ\u0104CEGO KONFERENCJI EPISKOPATU POLSKI"},"content":{"rendered":"<p class=\"western\" style=\"text-align: center;\" align=\"justify\"><strong><span style=\"font-family: Arial;\"><span style=\"font-size: medium;\">APEL\u00a0<\/span><\/span><span style=\"font-family: Arial;\"><span style=\"font-size: medium;\">PRZEWODNICZ\u0104CEGO KONFERENCJI EPISKOPATU POLSKI<\/span><\/span><\/strong><\/p>\n<p class=\"western\" style=\"text-align: center;\" align=\"justify\"><strong><span style=\"font-family: Arial;\"><span style=\"font-size: medium;\">O SOLIDARNO\u015a\u0106 Z OFIARAMI WOJNY NA UKRAINIE,<\/span><\/span><\/strong><\/p>\n<p class=\"western\" style=\"text-align: center;\" align=\"justify\"><strong><span style=\"font-family: Arial;\"><span style=\"font-size: medium;\">PO DW\u00d3CH LATACH OD INWAZJI ROSYJSKIEJ<\/span><\/span><\/strong><\/p>\n<p class=\"western\" align=\"justify\"><span style=\"font-family: Arial;\"><span style=\"font-size: medium;\">Wkr\u00f3tce minie kolejna rocznica pe\u0142noskalowej inwazji Rosji na Ukrain\u0119. Wed\u0142ug danych Organizacji Narod\u00f3w Zjednoczonych z wrze\u015bnia 2023, od pocz\u0105tku wojny zosta\u0142o poszkodowanych ponad 27 tys. os\u00f3b cywilnych, z czego 14 tys. odnios\u0142o rany, 7 tys. ponios\u0142o \u015bmier\u0107, w tym ok. 500 dzieci. Zgin\u0119\u0142o ok. 70 tys. \u017co\u0142nierzy ukrai\u0144skich, a 120 tys. odnios\u0142o rany. Na ca\u0142ym \u015bwiecie zarejestrowano prawie 6,5 mln uchod\u017ac\u00f3w wojennych z Ukrainy, w tym prawie 1 mln w Polsce. <\/span><\/span><\/p>\n<p class=\"western\" align=\"justify\"><span style=\"font-family: Arial;\"><span style=\"font-size: medium;\">Od samego pocz\u0105tku wojny Ko\u015bci\u00f3\u0142 w Polsce \u2013 za po\u015brednictwem Caritas Polska, Caritas Diecezjalnych, Biura Pomocy Ko\u015bcio\u0142owi na Wschodzie, m\u0119skich i \u017ce\u0144skich zgromadze\u0144 zakonnych, parafii, instytucji i firm oraz os\u00f3b prywatnych \u2013 \u015bwiadczy pomoc potrzebuj\u0105cym Ukrai\u0144com zar\u00f3wno w Polsce, jak i na Ukrainie. <\/span><\/span><\/p>\n<p class=\"western\" align=\"justify\"><span style=\"font-family: Arial;\"><span style=\"font-size: medium;\">Liczba os\u00f3b kt\u00f3ra uzyska\u0142a pomoc rzeczow\u0105 w Ukrainie w 2023 wynios\u0142a 570 tys. Tylko w ramach programu Rodzina Rodzinie otoczono bezpo\u015bredni\u0105 opiek\u0105 1800 najbiedniejszych rodzin. Wys\u0142ano ponad 90 tys. paczek z \u017cywno\u015bci\u0105 i \u015brodkami higienicznymi. Caritas pomaga rodzinom z dzie\u0107mi, anga\u017cuj\u0105c si\u0119 w organizacj\u0119 kolonii letnich i oboz\u00f3w, wsparcia psychospo\u0142ecznego w \u015bwietlicach oraz centrach dziennej pomocy osobom z niepe\u0142nosprawno\u015bciami. <\/span><\/span><\/p>\n<p class=\"western\" align=\"justify\"><span style=\"font-family: Arial;\"><span style=\"font-size: medium;\">W naszym kraju Caritas prowadzi ponadto 28 Centr\u00f3w Pomocy Migrantom i Uchod\u017acom, kt\u00f3re wspomagaj\u0105 ponad 92 tys. uchod\u017ac\u00f3w, w\u015br\u00f3d nich ponad 30% to dzieci. Ponad 70 tys. os\u00f3b doros\u0142ych i dzieci skorzysta\u0142o ze wsparcia psychologicznego oraz r\u00f3\u017cnego typu dzia\u0142a\u0144 integracyjnych pozwalaj\u0105cych na lepsze funkcjonowanie w polskim spo\u0142ecze\u0144stwie. W kursach j\u0119zyka polskiego wzi\u0119\u0142o udzia\u0142 ponad 10 tys. os\u00f3b, a 14 tys. os\u00f3b otrzyma\u0142o pomoc w znalezieniu zatrudnienia. W 2023 roku ponad 23 tys. os\u00f3b korzysta\u0142o ze schronienia w o\u015brodkach Caritas oraz innych plac\u00f3wkach ko\u015bcielnych. <\/span><\/span><\/p>\n<p class=\"western\" align=\"justify\"><span style=\"font-family: Arial;\"><span style=\"font-size: medium;\">To tylko niekt\u00f3re z licznych dzia\u0142a\u0144, podejmowanych przez Ko\u015bci\u00f3\u0142 w Polsce, na rzecz ofiar wojny. Wszystkie one s\u0105 niczym innym, jakEwangeli\u0105 w praktyce, w my\u015bl s\u0142\u00f3w: \u201ecokolwiek uczynili\u015bcie jednemu z tych braci moich najmniejszych, Mnie\u015bcie uczynili\u201d (Mt 25,40). <\/span><\/span><\/p>\n<p class=\"western\" align=\"justify\"><span style=\"font-family: Arial;\"><span style=\"font-size: medium;\">Wojna trwa nadal, dlatego \u2013 mimo pewnego zm\u0119czenia tym tematem \u2013 solidarno\u015b\u0107 z mieszka\u0144cami Ukrainy jest tym bardziej potrzebna. Jako Ko\u015bci\u00f3\u0142 w Polsce pragniemy kontynuowa\u0107 to wielkie dzie\u0142o pomocy, dlatego zwracam si\u0119 z gor\u0105cym apelem o nieprzerwan\u0105 solidarno\u015b\u0107 z potrzebuj\u0105cymi Ukrai\u0144cami. Prosz\u0119 o zorganizowanie og\u00f3lnopolskiej zbi\u00f3rki pieni\u0119\u017cnej we wszystkich parafiach w Polsce, po ka\u017cdej Mszy \u015awi\u0119tej w \u015arod\u0119 Popielcow\u0105 14 lutego br. <\/span><\/span><\/p>\n<p class=\"western\" align=\"justify\"><span style=\"font-family: Arial;\"><span style=\"font-size: medium;\">Zebrane \u015brodki zostan\u0105 przekazane, za po\u015brednictwem Caritas Polska, na wsparcie os\u00f3b najbardziej potrzebuj\u0105cych \u2013 senior\u00f3w, os\u00f3b z niepe\u0142nosprawno\u015bci\u0105 oraz rodzin, kt\u00f3re straci\u0142y sw\u00f3j dom. <\/span><\/span><\/p>\n<p class=\"western\" align=\"justify\"><span style=\"font-family: Arial;\"><span style=\"font-size: medium;\">Wszystkich ofiarodawc\u00f3w zapewniam o mojej serdecznej pami\u0119ci i modlitwie. <\/span><\/span><\/p>\n<p class=\"western\" align=\"justify\"><span style=\"font-family: Arial;\"><span style=\"font-size: medium;\">Warszawa,<\/span><\/span><\/p>\n<p>\u2720 <span style=\"font-family: Arial;\"><span style=\"font-size: medium;\">Stanis\u0142aw G\u0105decki<\/span><\/span><\/p>\n<p class=\"western\" align=\"justify\"><span style=\"font-family: Arial;\"><span style=\"font-size: medium;\">Arcybiskup Metropolita Pozna\u0144ski<\/span><\/span><\/p>\n<p class=\"western\" align=\"justify\"><span style=\"font-family: Arial;\"><span style=\"font-size: medium;\">Przewodnicz\u0105cy Konferencji Episkopatu Polski <\/span><\/span><\/p>\n","protected":false},"excerpt":{"rendered":"<p>APEL\u00a0PRZEWODNICZ\u0104CEGO KONFERENCJI EPISKOPATU POLSKI O SOLIDARNO\u015a\u0106 Z OFIARAMI WOJNY NA UKRAINIE, PO DW\u00d3CH LATACH OD INWAZJI ROSYJSKIEJ Wkr\u00f3tce minie kolejna rocznica pe\u0142noskalowej inwazji Rosji na Ukrain\u0119. Wed\u0142ug danych Organizacji Narod\u00f3w Zjednoczonych z wrze\u015bnia 2023, od pocz\u0105tku wojny zosta\u0142o poszkodowanych ponad 27 tys. os\u00f3b cywilnych, z czego 14 tys. odnios\u0142o rany, 7 tys. ponios\u0142o \u015bmier\u0107, w tym ok. 500 dzieci. Zgin\u0119\u0142o ok. 70 tys. \u017co\u0142nierzy ukrai\u0144skich, a 120 tys. odnios\u0142o rany. Na ca\u0142ym \u015bwiecie zarejestrowano prawie 6,5 mln uchod\u017ac\u00f3w wojennych z Ukrainy, w tym prawie 1 mln w Polsce. Od samego pocz\u0105tku wojny Ko\u015bci\u00f3\u0142 w Polsce \u2013 za po\u015brednictwem Caritas Polska, Caritas Diecezjalnych, Biura Pomocy Ko\u015bcio\u0142owi na Wschodzie, m\u0119skich i \u017ce\u0144skich zgromadze\u0144 zakonnych, parafii, instytucji i firm oraz os\u00f3b prywatnych \u2013 \u015bwiadczy pomoc potrzebuj\u0105cym Ukrai\u0144com zar\u00f3wno w Polsce, jak i na Ukrainie. Liczba os\u00f3b kt\u00f3ra uzyska\u0142a pomoc rzeczow\u0105 w Ukrainie w 2023 wynios\u0142a 570 tys. Tylko w ramach programu Rodzina Rodzinie&hellip;<\/p>\n<p> <a class=\"more-link\" href=\"http:\/\/www.franciszek-walcz.pl\/?p=26259\">Czytaj dalej<\/a><\/p>\n","protected":false},"author":1,"featured_media":0,"comment_status":"closed","ping_status":"closed","sticky":false,"template":"","format":"standard","meta":{"footnotes":""},"categories":[5],"tags":[],"class_list":{"0":"post-26259","1":"post","2":"type-post","3":"status-publish","4":"format-standard","6":"category-artykuly"},"brizy_media":[],"_links":{"self":[{"href":"http:\/\/www.franciszek-walcz.pl\/index.php?rest_route=\/wp\/v2\/posts\/26259","targetHints":{"allow":["GET"]}}],"collection":[{"href":"http:\/\/www.franciszek-walcz.pl\/index.php?rest_route=\/wp\/v2\/posts"}],"about":[{"href":"http:\/\/www.franciszek-walcz.pl\/index.php?rest_route=\/wp\/v2\/types\/post"}],"author":[{"embeddable":true,"href":"http:\/\/www.franciszek-walcz.pl\/index.php?rest_route=\/wp\/v2\/users\/1"}],"replies":[{"embeddable":true,"href":"http:\/\/www.franciszek-walcz.pl\/index.php?rest_route=%2Fwp%2Fv2%2Fcomments&post=26259"}],"version-history":[{"count":5,"href":"http:\/\/www.franciszek-walcz.pl\/index.php?rest_route=\/wp\/v2\/posts\/26259\/revisions"}],"predecessor-version":[{"id":26264,"href":"http:\/\/www.franciszek-walcz.pl\/index.php?rest_route=\/wp\/v2\/posts\/26259\/revisions\/26264"}],"wp:attachment":[{"href":"http:\/\/www.franciszek-walcz.pl\/index.php?rest_route=%2Fwp%2Fv2%2Fmedia&parent=26259"}],"wp:term":[{"taxonomy":"category","embeddable":true,"href":"http:\/\/www.franciszek-walcz.pl\/index.php?rest_route=%2Fwp%2Fv2%2Fcategories&post=26259"},{"taxonomy":"post_tag","embeddable":true,"href":"http:\/\/www.franciszek-walcz.pl\/index.php?rest_route=%2Fwp%2Fv2%2Ftags&post=26259"}],"curies":[{"name":"wp","href":"https:\/\/api.w.org\/{rel}","templated":true}]}}