{"id":26453,"date":"2024-03-16T15:14:49","date_gmt":"2024-03-16T14:14:49","guid":{"rendered":"http:\/\/www.franciszek-walcz.pl\/?p=26453"},"modified":"2024-03-16T15:14:49","modified_gmt":"2024-03-16T14:14:49","slug":"plan-rekolekcji-2","status":"publish","type":"post","link":"http:\/\/www.franciszek-walcz.pl\/?p=26453","title":{"rendered":"Plan rekolekcji"},"content":{"rendered":"<p><u><strong>NIEDZIELA<\/strong><\/u><u> 1<\/u><u><strong>7.03.2024<\/strong><\/u><\/p>\n<p><strong>8.40<\/strong> &#8211; <strong>GORZKIE \u017bALE<\/strong>\/z wystawieniem Naj\u015bw. Sakr. \/<\/p>\n<p><strong>9.00<\/strong> &#8211; <strong>MSZA \u015aW. Z NAUK\u0104 OG\u00d3LN\u0104<\/strong><\/p>\n<p><strong>10.30<\/strong> &#8211; <strong>MSZA \u015aW.<\/strong> <strong>Z NAUK\u0104 OG\u00d3LN\u0104<\/strong><\/p>\n<p>&nbsp;<\/p>\n<p><u><strong>PONIEDZIA\u0141EK<\/strong><\/u><u><strong> 18.03.2024<\/strong><\/u><\/p>\n<p><strong>17.30<\/strong> &#8211; <strong>DROGA KRZY\u017bOWA<\/strong><\/p>\n<p><strong>18.00<\/strong> &#8211; <strong>MSZA \u015aWI\u0118TA Z NAUK\u0104 OG\u00d3LN\u0104<\/strong><\/p>\n<p>&nbsp;<\/p>\n<p><u><strong>WTOREK<\/strong><\/u><u> 1<\/u><u><strong>9.03.2024<\/strong><\/u><\/p>\n<p><strong>17.00<\/strong> &#8211; <strong>SAKRAMENT POKUTY<\/strong><\/p>\n<p><strong>18.00<\/strong> &#8211; <strong>MSZA \u015aWI\u0118TA Z NAUK\u0104 OG\u00d3LN\u0104 ORAZ<\/strong> B\u0141OGOS\u0141AWIE\u0143STWEM KO\u0143CZ\u0104CYM REKOLEKCJE<\/p>\n","protected":false},"excerpt":{"rendered":"<p>NIEDZIELA 17.03.2024 8.40 &#8211; GORZKIE \u017bALE\/z wystawieniem Naj\u015bw. Sakr. \/ 9.00 &#8211; MSZA \u015aW. Z NAUK\u0104 OG\u00d3LN\u0104 10.30 &#8211; MSZA \u015aW. Z NAUK\u0104 OG\u00d3LN\u0104 &nbsp; PONIEDZIA\u0141EK 18.03.2024 17.30 &#8211; DROGA KRZY\u017bOWA 18.00 &#8211; MSZA \u015aWI\u0118TA Z NAUK\u0104 OG\u00d3LN\u0104 &nbsp; WTOREK 19.03.2024 17.00 &#8211; SAKRAMENT POKUTY 18.00 &#8211; MSZA \u015aWI\u0118TA Z NAUK\u0104 OG\u00d3LN\u0104 ORAZ B\u0141OGOS\u0141AWIE\u0143STWEM KO\u0143CZ\u0104CYM REKOLEKCJE<\/p>\n","protected":false},"author":1,"featured_media":0,"comment_status":"closed","ping_status":"closed","sticky":false,"template":"","format":"standard","meta":{"footnotes":""},"categories":[5],"tags":[],"class_list":{"0":"post-26453","1":"post","2":"type-post","3":"status-publish","4":"format-standard","6":"category-artykuly"},"brizy_media":[],"_links":{"self":[{"href":"http:\/\/www.franciszek-walcz.pl\/index.php?rest_route=\/wp\/v2\/posts\/26453","targetHints":{"allow":["GET"]}}],"collection":[{"href":"http:\/\/www.franciszek-walcz.pl\/index.php?rest_route=\/wp\/v2\/posts"}],"about":[{"href":"http:\/\/www.franciszek-walcz.pl\/index.php?rest_route=\/wp\/v2\/types\/post"}],"author":[{"embeddable":true,"href":"http:\/\/www.franciszek-walcz.pl\/index.php?rest_route=\/wp\/v2\/users\/1"}],"replies":[{"embeddable":true,"href":"http:\/\/www.franciszek-walcz.pl\/index.php?rest_route=%2Fwp%2Fv2%2Fcomments&post=26453"}],"version-history":[{"count":1,"href":"http:\/\/www.franciszek-walcz.pl\/index.php?rest_route=\/wp\/v2\/posts\/26453\/revisions"}],"predecessor-version":[{"id":26454,"href":"http:\/\/www.franciszek-walcz.pl\/index.php?rest_route=\/wp\/v2\/posts\/26453\/revisions\/26454"}],"wp:attachment":[{"href":"http:\/\/www.franciszek-walcz.pl\/index.php?rest_route=%2Fwp%2Fv2%2Fmedia&parent=26453"}],"wp:term":[{"taxonomy":"category","embeddable":true,"href":"http:\/\/www.franciszek-walcz.pl\/index.php?rest_route=%2Fwp%2Fv2%2Fcategories&post=26453"},{"taxonomy":"post_tag","embeddable":true,"href":"http:\/\/www.franciszek-walcz.pl\/index.php?rest_route=%2Fwp%2Fv2%2Ftags&post=26453"}],"curies":[{"name":"wp","href":"https:\/\/api.w.org\/{rel}","templated":true}]}}