{"id":26456,"date":"2024-03-16T15:21:43","date_gmt":"2024-03-16T14:21:43","guid":{"rendered":"http:\/\/www.franciszek-walcz.pl\/?p=26456"},"modified":"2024-03-16T15:28:49","modified_gmt":"2024-03-16T14:28:49","slug":"5-niedziela-wielkiego-postu","status":"publish","type":"post","link":"http:\/\/www.franciszek-walcz.pl\/?p=26456","title":{"rendered":"5 Niedziela Wielkiego Postu"},"content":{"rendered":"<p class=\"western\"><strong>Tekst Ewangelii (J\u00a012,20-33):\u00a0<\/strong><\/p>\n<p class=\"western\">A w\u015br\u00f3d tych, kt\u00f3rzy przybyli, aby odda\u0107 pok\u0142on [Bogu] w czasie \u015bwi\u0119ta, byli te\u017c niekt\u00f3rzy Grecy. Oni wi\u0119c przyst\u0105pili do Filipa, pochodz\u0105cego z Betsaidy Galilejskiej, i prosili go m\u00f3wi\u0105c: \u00abPanie, chcemy ujrze\u0107 Jezusa\u00bb. Filip poszed\u0142 i powiedzia\u0142 Andrzejowi. Z kolei Andrzej i Filip poszli i powiedzieli Jezusowi. A Jezus da\u0142 im tak\u0105 odpowied\u017a: \u00abNadesz\u0142a godzina, aby zosta\u0142 uwielbiony Syn Cz\u0142owieczy. Zaprawd\u0119, zaprawd\u0119, powiadam wam: Je\u017celi ziarno pszenicy wpad\u0142szy w ziemi\u0119 nie obumrze, zostanie tylko samo, ale je\u017celi obumrze, przynosi plon obfity. Ten, kto kocha swoje \u017cycie, traci je, a kto nienawidzi swego \u017cycia na tym \u015bwiecie, zachowa je na \u017cycie wieczne. A kto by chcia\u0142 Mi s\u0142u\u017cy\u0107, niech idzie za Mn\u0105, a gdzie Ja jestem, tam b\u0119dzie i m\u00f3j s\u0142uga. A je\u015bli kto\u015b Mi s\u0142u\u017cy, uczci go m\u00f3j Ojciec.<\/p>\n<p>Teraz dusza moja dozna\u0142a l\u0119ku i c\u00f3\u017c mam powiedzie\u0107? Ojcze, wybaw Mnie od tej godziny. Nie, w\u0142a\u015bnie dlatego przyszed\u0142em na t\u0119 godzin\u0119. Ojcze, ws\u0142aw Twoje imi\u0119!\u00bb. Wtem rozleg\u0142 si\u0119 g\u0142os z nieba: \u00abJu\u017c ws\u0142awi\u0142em i jeszcze ws\u0142awi\u0119\u00bb. T\u0142um stoj\u0105cy [to] us\u0142ysza\u0142 i m\u00f3wi\u0142: \u00abZagrzmia\u0142o!\u00bb Inni m\u00f3wili: \u00abAnio\u0142 przem\u00f3wi\u0142 do Niego\u00bb. Na to rzek\u0142 Jezus: \u00abG\u0142os ten rozleg\u0142 si\u0119 nie ze wzgl\u0119du na Mnie, ale ze wzgl\u0119du na was. Teraz odbywa si\u0119 s\u0105d nad tym \u015bwiatem. Teraz w\u0142adca tego \u015bwiata zostanie precz wyrzucony. A Ja, gdy zostan\u0119 nad ziemi\u0119 wywy\u017cszony, przyci\u0105gn\u0119 wszystkich do siebie\u00bb. To powiedzia\u0142 zaznaczaj\u0105c, jak\u0105 \u015bmierci\u0105 mia\u0142 umrze\u0107.<\/p>\n<p class=\"western\"><strong>\u00abJe\u017celi ziarno pszenicy wpad\u0142szy w ziemi\u0119 nie obumrze, zostanie tylko samo, ale je\u017celi obumrze, przynosi plon obfity\u00bb<\/strong><\/p>\n<p class=\"western\">W ostatnim etapie Wielkiego Postu, Ko\u015bci\u00f3\u0142 proponuje nam t\u0119 Ewangeli\u0119 aby\u015bmy byli dobrze przygotowani na Niedziel\u0119 Palmow\u0105 oraz mieli \u015bwiadomo\u015b\u0107 nadchodz\u0105cych wydarze\u0144, najwa\u017cniejszych w \u017cyciu chrze\u015bcija\u0144skim. Via Crucis (Droga Krzy\u017cowa) dla chrze\u015bcijanina to via lucis (droga \u015bwiat\u0142a), umieranie to ponowne narodziny, i, co wi\u0119cej, trzeba umrze\u0107 aby naprawd\u0119 \u017cy\u0107.<\/p>\n<p>W pierwszej cz\u0119\u015bci Ewangelii, Jezus m\u00f3wi swoim Aposto\u0142om: \u00abJe\u017celi ziarno pszenicy wpad\u0142szy w ziemi\u0119 nie obumrze, zostanie tylko samo, ale je\u017celi obumrze, przynosi plon obfity\u00bb (J 12,24).<\/p>\n<p class=\"western\">\u015aw. Augustyn komentuje to nast\u0119puj\u0105co: \u00abJezus nazywa\u0142 Siebie ziarnem, kt\u00f3re mia\u0142o obumrze\u0107, aby nast\u0119pnie rozmno\u017cy\u0107 si\u0119; musia\u0142 On umrze\u0107 ze wzgl\u0119du na niewiar\u0119 \u017byd\u00f3w, aby da\u0107 plon wiary wszystkim narodom\u00bb.<\/p>\n<p class=\"western\">Chleb Eucharystyczny, zrobiony z ziaren pszenicy rozmna\u017ca si\u0119 i \u0142amie, aby by\u0142 po\u017cywieniem dla wszystkich chrze\u015bcijan. M\u0119cze\u0144ska \u015bmier\u0107 zawsze daje owoce; dlatego te\u017c \u201eten, kto kocha swoje \u017cycie\u201d, paradoksalnie \u201etraci je\u201d.<\/p>\n<p class=\"western\">Chrystus umiera, aby dzi\u0119ki swojej krwi da\u0107 owoce: my z kolei powinni\u015bmy go na\u015bladowa\u0107, aby wraz z nim zmartwychwsta\u0107 i da\u0107 owoc. Ile os\u00f3b w ciszy oddaje swoje \u017cycie dla dobra bli\u017anich? Powinni\u015bmy uczy\u0107 si\u0119 w ciszy i pokorze stawa\u0107 si\u0119 ziarnem, kt\u00f3re umiera, aby powr\u00f3ci\u0107 do \u017bycia.<\/p>\n<p>Ewangelia tej niedzieli ko\u0144czy si\u0119 wezwaniem do kroczenia w \u015bwietle Syna, kt\u00f3ry zostanie wywy\u017cszony nad ziemi\u0119: \u00abA Ja, gdy zostan\u0119 nad ziemi\u0119 wywy\u017cszony, przyci\u0105gn\u0119 wszystkich do siebie\u00bb (J 12,32).<\/p>\n<p class=\"western\">Musimy prosi\u0107 dobrego Boga, aby by\u0142o w nas tylko \u015bwiat\u0142o i aby nauczy\u0142 nas rozwiewa\u0107 wszelkie mroki. Teraz jest Bo\u017ca chwila, nie stra\u0107my jej!<\/p>\n<p class=\"western\">\u00ab\u015apicie?, Czas, kt\u00f3ry zosta\u0142 wam dany mija!\u00bb (\u015bw. Ambro\u017cy z Mediolanu). Nie mo\u017cemy przesta\u0107 by\u0107 \u015bwiat\u0142em w tym \u015bwiecie. Tak jak ksi\u0119\u017cyc otrzymuje swoje \u015bwiat\u0142o od s\u0142o\u0144ca, my musimy odbija\u0107 \u015bwiat\u0142o Boga dla innych.<\/p>\n","protected":false},"excerpt":{"rendered":"<p>Tekst Ewangelii (J\u00a012,20-33):\u00a0 A w\u015br\u00f3d tych, kt\u00f3rzy przybyli, aby odda\u0107 pok\u0142on [Bogu] w czasie \u015bwi\u0119ta, byli te\u017c niekt\u00f3rzy Grecy. Oni wi\u0119c przyst\u0105pili do Filipa, pochodz\u0105cego z Betsaidy Galilejskiej, i prosili go m\u00f3wi\u0105c: \u00abPanie, chcemy ujrze\u0107 Jezusa\u00bb. Filip poszed\u0142 i powiedzia\u0142 Andrzejowi. Z kolei Andrzej i Filip poszli i powiedzieli Jezusowi. A Jezus da\u0142 im tak\u0105 odpowied\u017a: \u00abNadesz\u0142a godzina, aby zosta\u0142 uwielbiony Syn Cz\u0142owieczy. Zaprawd\u0119, zaprawd\u0119, powiadam wam: Je\u017celi ziarno pszenicy wpad\u0142szy w ziemi\u0119 nie obumrze, zostanie tylko samo, ale je\u017celi obumrze, przynosi plon obfity. Ten, kto kocha swoje \u017cycie, traci je, a kto nienawidzi swego \u017cycia na tym \u015bwiecie, zachowa je na \u017cycie wieczne. A kto by chcia\u0142 Mi s\u0142u\u017cy\u0107, niech idzie za Mn\u0105, a gdzie Ja jestem, tam b\u0119dzie i m\u00f3j s\u0142uga. A je\u015bli kto\u015b Mi s\u0142u\u017cy, uczci go m\u00f3j Ojciec. Teraz dusza moja dozna\u0142a l\u0119ku i c\u00f3\u017c mam powiedzie\u0107? Ojcze, wybaw Mnie od tej godziny. Nie, w\u0142a\u015bnie dlatego&hellip;<\/p>\n<p> <a class=\"more-link\" href=\"http:\/\/www.franciszek-walcz.pl\/?p=26456\">Czytaj dalej<\/a><\/p>\n","protected":false},"author":1,"featured_media":0,"comment_status":"closed","ping_status":"closed","sticky":false,"template":"","format":"standard","meta":{"footnotes":""},"categories":[5],"tags":[],"class_list":{"0":"post-26456","1":"post","2":"type-post","3":"status-publish","4":"format-standard","6":"category-artykuly"},"brizy_media":[],"_links":{"self":[{"href":"http:\/\/www.franciszek-walcz.pl\/index.php?rest_route=\/wp\/v2\/posts\/26456","targetHints":{"allow":["GET"]}}],"collection":[{"href":"http:\/\/www.franciszek-walcz.pl\/index.php?rest_route=\/wp\/v2\/posts"}],"about":[{"href":"http:\/\/www.franciszek-walcz.pl\/index.php?rest_route=\/wp\/v2\/types\/post"}],"author":[{"embeddable":true,"href":"http:\/\/www.franciszek-walcz.pl\/index.php?rest_route=\/wp\/v2\/users\/1"}],"replies":[{"embeddable":true,"href":"http:\/\/www.franciszek-walcz.pl\/index.php?rest_route=%2Fwp%2Fv2%2Fcomments&post=26456"}],"version-history":[{"count":2,"href":"http:\/\/www.franciszek-walcz.pl\/index.php?rest_route=\/wp\/v2\/posts\/26456\/revisions"}],"predecessor-version":[{"id":26458,"href":"http:\/\/www.franciszek-walcz.pl\/index.php?rest_route=\/wp\/v2\/posts\/26456\/revisions\/26458"}],"wp:attachment":[{"href":"http:\/\/www.franciszek-walcz.pl\/index.php?rest_route=%2Fwp%2Fv2%2Fmedia&parent=26456"}],"wp:term":[{"taxonomy":"category","embeddable":true,"href":"http:\/\/www.franciszek-walcz.pl\/index.php?rest_route=%2Fwp%2Fv2%2Fcategories&post=26456"},{"taxonomy":"post_tag","embeddable":true,"href":"http:\/\/www.franciszek-walcz.pl\/index.php?rest_route=%2Fwp%2Fv2%2Ftags&post=26456"}],"curies":[{"name":"wp","href":"https:\/\/api.w.org\/{rel}","templated":true}]}}