{"id":26538,"date":"2024-03-23T13:56:41","date_gmt":"2024-03-23T12:56:41","guid":{"rendered":"http:\/\/www.franciszek-walcz.pl\/?p=26538"},"modified":"2024-03-23T18:35:10","modified_gmt":"2024-03-23T17:35:10","slug":"triduum-paschalne","status":"publish","type":"post","link":"http:\/\/www.franciszek-walcz.pl\/?p=26538","title":{"rendered":"TRIDUUM PASCHALNE"},"content":{"rendered":"<p><strong>WIELKI CZWARTEK &#8211;\u00a0<\/strong><strong>MSZA \u015aW. WIECZERZY PA\u0143SKIEJ\u00a0<\/strong><strong>GODZ. 18,00<\/strong><\/p>\n<p><strong>WIELKI PI\u0104TEK &#8211;\u00a0\u00a0<\/strong><strong>DROGA KRZY\u017bOWA GODZ.17,30<\/strong><\/p>\n<p><strong>LITURGIA M\u0118KI PA\u0143SKIEJ GODZ. 18,00<\/strong><\/p>\n<p><strong>WIEKLA SOBOTA &#8211;\u00a0<\/strong><strong>PO\u015aWI\u0118CENIE POKARM\u00d3W GODZ. 9,00\u00a0\u00a0<\/strong><strong>9,30\u00a0\u00a0<\/strong><strong>10,00<\/strong><\/p>\n<p><strong>WIGILJA PASCHALNA GODZ. 18,00<\/strong><\/p>\n<p><strong>NIEDZIELA WIELKANOCNA &#8211; <\/strong><strong>REZUREKCJA- GODZ. 6,00<\/strong><\/p>\n<p><strong>KOLEJNA MSZA \u015aW. O GODZ. 10,30 <\/strong><\/p>\n<p><strong>PONIEDZIA\u0141EK WIELKANOCNY &#8211;\u00a0<\/strong><strong>MSZE \u015aW O GODZ. 9,00 , 10,30 i 12,00<\/strong><\/p>\n","protected":false},"excerpt":{"rendered":"<p>WIELKI CZWARTEK &#8211;\u00a0MSZA \u015aW. WIECZERZY PA\u0143SKIEJ\u00a0GODZ. 18,00 WIELKI PI\u0104TEK &#8211;\u00a0\u00a0DROGA KRZY\u017bOWA GODZ.17,30 LITURGIA M\u0118KI PA\u0143SKIEJ GODZ. 18,00 WIEKLA SOBOTA &#8211;\u00a0PO\u015aWI\u0118CENIE POKARM\u00d3W GODZ. 9,00\u00a0\u00a09,30\u00a0\u00a010,00 WIGILJA PASCHALNA GODZ. 18,00 NIEDZIELA WIELKANOCNA &#8211; REZUREKCJA- GODZ. 6,00 KOLEJNA MSZA \u015aW. O GODZ. 10,30 PONIEDZIA\u0141EK WIELKANOCNY &#8211;\u00a0MSZE \u015aW O GODZ. 9,00 , 10,30 i 12,00<\/p>\n","protected":false},"author":1,"featured_media":0,"comment_status":"closed","ping_status":"closed","sticky":false,"template":"","format":"standard","meta":{"footnotes":""},"categories":[1],"tags":[],"class_list":{"0":"post-26538","1":"post","2":"type-post","3":"status-publish","4":"format-standard","6":"category-uncategorized"},"brizy_media":[],"_links":{"self":[{"href":"http:\/\/www.franciszek-walcz.pl\/index.php?rest_route=\/wp\/v2\/posts\/26538","targetHints":{"allow":["GET"]}}],"collection":[{"href":"http:\/\/www.franciszek-walcz.pl\/index.php?rest_route=\/wp\/v2\/posts"}],"about":[{"href":"http:\/\/www.franciszek-walcz.pl\/index.php?rest_route=\/wp\/v2\/types\/post"}],"author":[{"embeddable":true,"href":"http:\/\/www.franciszek-walcz.pl\/index.php?rest_route=\/wp\/v2\/users\/1"}],"replies":[{"embeddable":true,"href":"http:\/\/www.franciszek-walcz.pl\/index.php?rest_route=%2Fwp%2Fv2%2Fcomments&post=26538"}],"version-history":[{"count":4,"href":"http:\/\/www.franciszek-walcz.pl\/index.php?rest_route=\/wp\/v2\/posts\/26538\/revisions"}],"predecessor-version":[{"id":26562,"href":"http:\/\/www.franciszek-walcz.pl\/index.php?rest_route=\/wp\/v2\/posts\/26538\/revisions\/26562"}],"wp:attachment":[{"href":"http:\/\/www.franciszek-walcz.pl\/index.php?rest_route=%2Fwp%2Fv2%2Fmedia&parent=26538"}],"wp:term":[{"taxonomy":"category","embeddable":true,"href":"http:\/\/www.franciszek-walcz.pl\/index.php?rest_route=%2Fwp%2Fv2%2Fcategories&post=26538"},{"taxonomy":"post_tag","embeddable":true,"href":"http:\/\/www.franciszek-walcz.pl\/index.php?rest_route=%2Fwp%2Fv2%2Ftags&post=26538"}],"curies":[{"name":"wp","href":"https:\/\/api.w.org\/{rel}","templated":true}]}}