{"id":26776,"date":"2024-04-20T11:48:05","date_gmt":"2024-04-20T09:48:05","guid":{"rendered":"http:\/\/www.franciszek-walcz.pl\/?p=26776"},"modified":"2024-04-20T11:48:11","modified_gmt":"2024-04-20T09:48:11","slug":"iv-niedziela-wielkanocy","status":"publish","type":"post","link":"http:\/\/www.franciszek-walcz.pl\/?p=26776","title":{"rendered":"IV Niedziela Wielkanocy"},"content":{"rendered":"<p class=\"western\"><strong>IV Niedziela Wielkanocy<\/strong><\/p>\n<p class=\"western\">Tekst Ewangelii (J\u00a010,11-18):\u00a0Ja jestem dobrym pasterzem. Dobry pasterz daje \u017cycie swoje za owce. Najemnik za\u015b i ten, kto nie jest pasterzem, kt\u00f3rego owce nie s\u0105 w\u0142asno\u015bci\u0105, widz\u0105c nadchodz\u0105cego wilka, opuszcza owce i ucieka, a wilk je porywa i rozprasza; dlatego, \u017ce jest najemnikiem i nie zale\u017cy mu na owcach. Ja jestem dobrym pasterzem i znam owce moje, a moje Mnie znaj\u0105, podobnie jak Mnie zna Ojciec, a Ja znam Ojca. \u017bycie moje oddaj\u0119 za owce.<\/p>\n<p>Mam tak\u017ce inne owce, kt\u00f3re nie s\u0105 z tej owczarni. I te musz\u0119 przyprowadzi\u0107 i b\u0119d\u0105 s\u0142ucha\u0107 g\u0142osu mego, i nastanie jedna owczarnia, jeden pasterz. Dlatego mi\u0142uje Mnie Ojciec, bo Ja \u017cycie moje oddaj\u0119, aby je [potem] zn\u00f3w odzyska\u0107. Nikt Mi go nie zabiera, lecz Ja od siebie je oddaj\u0119. Mam moc je odda\u0107 i mam moc je zn\u00f3w odzyska\u0107. Taki nakaz otrzyma\u0142em od mojego Ojca\u00bb.<\/p>\n<p class=\"western\"><strong>\u00abJa jestem dobrym pasterzem\u00bb<\/strong><\/p>\n<p class=\"western\">Dzisiaj Jezus m\u00f3wi nam: \u201dJa jestem dobrym pasterzem\u201d (J 10,11). \u015awi\u0119ty Tomasz z Akwinu komentuj\u0105c owo stwierdzenie, pisze, i\u017c \u201cwydaje sie oczywiste, \u017ce tytu\u0142 pasterza pasuje do Chrystusa. Bo podobnie jak pasterz prowadzi pa\u015b\u0107 swoje owce, tak Chrystus posila wiernych duchowym pokarmem, swoim w\u0142asnym Cia\u0142em i swoj\u0105 w\u0142asn\u0105 Krwi\u0105\u201d. Wszystko zacz\u0119\u0142o si\u0119 wraz z Wcieleniem i Jezus czyni\u0142 to przez ca\u0142e swoje \u017cycie, a\u017c do swej odkupicielskiej \u015bmierci i swego zmartwychwstania. Po zmartwychwstaniu powierzy\u0142 wypasanie Piotrowi, Aposto\u0142om i Ko\u015bcio\u0142owi po wsze czasy.<\/p>\n<p>Poprzez swych pasterzy Chrystus przekazuje swoje S\u0142owo, rozdziela swoj\u0105 \u0142ask\u0119 w sakramentach i prowadzi swoje stado ku Kr\u00f3lestwu: On sam oddaje siebie jako posi\u0142ek w sakramencie Eucharystii, przekazuje S\u0142owo Boga i Jego nauki, i troskliwie prowadzi sw\u00f3j Lud. Jezus wystara\u0142 si\u0119 dla swego Ko\u015bcio\u0142a o pasterzy, pod\u0142ug serca, to znaczy ludzi, kt\u00f3rzy dzia\u0142aj\u0105c w Jego osobie przez sakrament \u015bwi\u0119ce\u0144, oddaj\u0105 swoje \u017cycie za swe owce, z mi\u0142o\u015bci\u0105 pastersk\u0105, w pokornym duchu s\u0142u\u017cby, z \u0142agodno\u015bci\u0105, cierpliwo\u015bcia i si\u0142\u0105.<br \/>\nMy r\u00f3wnie\u017c jeste\u015bmy pasterzami dla braci, wzbogacaj\u0105c ich o otrzymane \u0142aski i nauk\u0119, dziel\u0105c si\u0119 troskami i rado\u015bciami, ca\u0142ym sercem pomagaj\u0105c wszystkim. Po\u015bwi\u0119camy ca\u0142e swoje \u017cycie tym wszystkim w\u015br\u00f3d kt\u00f3rych \u017cyjemy, w sferze \u017cycia rodzinnego, spo\u0142ecznego i zawodowego, oddaj\u0105c \u017cycie za nich wszystkich w duchu Chrystusa, kt\u00f3ry nie przyszed\u0142, aby Mu s\u0142u\u017cono, lecz aby s\u0142u\u017cy\u0107 .<\/p>\n","protected":false},"excerpt":{"rendered":"<p>IV Niedziela Wielkanocy Tekst Ewangelii (J\u00a010,11-18):\u00a0Ja jestem dobrym pasterzem. Dobry pasterz daje \u017cycie swoje za owce. Najemnik za\u015b i ten, kto nie jest pasterzem, kt\u00f3rego owce nie s\u0105 w\u0142asno\u015bci\u0105, widz\u0105c nadchodz\u0105cego wilka, opuszcza owce i ucieka, a wilk je porywa i rozprasza; dlatego, \u017ce jest najemnikiem i nie zale\u017cy mu na owcach. Ja jestem dobrym pasterzem i znam owce moje, a moje Mnie znaj\u0105, podobnie jak Mnie zna Ojciec, a Ja znam Ojca. \u017bycie moje oddaj\u0119 za owce. Mam tak\u017ce inne owce, kt\u00f3re nie s\u0105 z tej owczarni. I te musz\u0119 przyprowadzi\u0107 i b\u0119d\u0105 s\u0142ucha\u0107 g\u0142osu mego, i nastanie jedna owczarnia, jeden pasterz. Dlatego mi\u0142uje Mnie Ojciec, bo Ja \u017cycie moje oddaj\u0119, aby je [potem] zn\u00f3w odzyska\u0107. Nikt Mi go nie zabiera, lecz Ja od siebie je oddaj\u0119. Mam moc je odda\u0107 i mam moc je zn\u00f3w odzyska\u0107. Taki nakaz otrzyma\u0142em od mojego Ojca\u00bb. \u00abJa jestem dobrym pasterzem\u00bb Dzisiaj Jezus&hellip;<\/p>\n<p> <a class=\"more-link\" href=\"http:\/\/www.franciszek-walcz.pl\/?p=26776\">Czytaj dalej<\/a><\/p>\n","protected":false},"author":1,"featured_media":0,"comment_status":"closed","ping_status":"closed","sticky":false,"template":"","format":"standard","meta":{"footnotes":""},"categories":[5],"tags":[],"class_list":{"0":"post-26776","1":"post","2":"type-post","3":"status-publish","4":"format-standard","6":"category-artykuly"},"brizy_media":[],"_links":{"self":[{"href":"http:\/\/www.franciszek-walcz.pl\/index.php?rest_route=\/wp\/v2\/posts\/26776","targetHints":{"allow":["GET"]}}],"collection":[{"href":"http:\/\/www.franciszek-walcz.pl\/index.php?rest_route=\/wp\/v2\/posts"}],"about":[{"href":"http:\/\/www.franciszek-walcz.pl\/index.php?rest_route=\/wp\/v2\/types\/post"}],"author":[{"embeddable":true,"href":"http:\/\/www.franciszek-walcz.pl\/index.php?rest_route=\/wp\/v2\/users\/1"}],"replies":[{"embeddable":true,"href":"http:\/\/www.franciszek-walcz.pl\/index.php?rest_route=%2Fwp%2Fv2%2Fcomments&post=26776"}],"version-history":[{"count":2,"href":"http:\/\/www.franciszek-walcz.pl\/index.php?rest_route=\/wp\/v2\/posts\/26776\/revisions"}],"predecessor-version":[{"id":26778,"href":"http:\/\/www.franciszek-walcz.pl\/index.php?rest_route=\/wp\/v2\/posts\/26776\/revisions\/26778"}],"wp:attachment":[{"href":"http:\/\/www.franciszek-walcz.pl\/index.php?rest_route=%2Fwp%2Fv2%2Fmedia&parent=26776"}],"wp:term":[{"taxonomy":"category","embeddable":true,"href":"http:\/\/www.franciszek-walcz.pl\/index.php?rest_route=%2Fwp%2Fv2%2Fcategories&post=26776"},{"taxonomy":"post_tag","embeddable":true,"href":"http:\/\/www.franciszek-walcz.pl\/index.php?rest_route=%2Fwp%2Fv2%2Ftags&post=26776"}],"curies":[{"name":"wp","href":"https:\/\/api.w.org\/{rel}","templated":true}]}}