{"id":26791,"date":"2024-04-20T11:53:37","date_gmt":"2024-04-20T09:53:37","guid":{"rendered":"http:\/\/www.franciszek-walcz.pl\/?p=26791"},"modified":"2024-04-20T11:58:19","modified_gmt":"2024-04-20T09:58:19","slug":"26791","status":"publish","type":"post","link":"http:\/\/www.franciszek-walcz.pl\/?p=26791","title":{"rendered":"S\u0142owo Delegata Konferencji Episkopatu Polski ds. Powo\u0142a\u0144  na 61. \u015awiatowy Dzie\u0144 Modlitw o Powo\u0142ania"},"content":{"rendered":"<p><strong>S\u0142owo Delegata Konferencji Episkopatu Polski ds. Powo\u0142a\u0144<\/strong><\/p>\n<p><strong>na 61. \u015awiatowy Dzie\u0144 Modlitw o Powo\u0142ania<\/strong><\/p>\n<p>Niedziela Dobrego Pasterza \u2013 21 kwietnia 2024 roku<\/p>\n<p>\u201e<em><strong>\u017bycie da\u0107, aby je zn\u00f3w odzyska\u0107\u201d J 10,18<\/strong><\/em><\/p>\n<p>Pustoszej\u0105ce seminaria duchowne i nowicjaty zakonne stawiaj\u0105 przed ca\u0142ym Ko\u015bcio\u0142em wiele pyta\u0144 dotycz\u0105cych powo\u0142a\u0144. Z pewno\u015bci\u0105 nie mo\u017cemy tej sytuacji nie widzie\u0107, przej\u015b\u0107 obok niej oboj\u0119tnie i udawa\u0107, \u017ce sam Pan B\u00f3g znajdzie na to jakie\u015b rozwi\u0105zanie. Jezus Chrystus, Dobry Pasterz, mobilizuje nas do dzia\u0142ania, do tego, aby \u201eprosi\u0107 Pana \u017cniwa\u201d o nowych robotnik\u00f3w i zapewnia nas, \u017ce je\u015bli b\u0119dziemy prosi\u0107, to \u201epo\u015ble\u201d ich na nasze wsp\u00f3\u0142czesne pola ewangelizacji i u\u015bwi\u0119cania ludzi.<\/p>\n<p>Troska o powo\u0142ania nie wynika jednak tylko z kryzysu i z konieczno\u015bci dzia\u0142ania na rzecz zape\u0142nienia pustoszej\u0105cych miejsc formacji i zapewnienia pe\u0142nej pos\u0142ugi duszpasterskiej i duchowej w Ko\u015bciele. Troska o powo\u0142ania to sta\u0142a i organiczna powinno\u015b\u0107 ca\u0142ej wsp\u00f3lnoty Ko\u015bcio\u0142a, wszystkich ludzi wierz\u0105cych. A co jeszcze wa\u017cniejsze, wynika ona nie tylko z troski o funkcjonowanie Ko\u015bcio\u0142a, ale z troski o szcz\u0119\u015bliwe \u017cycie cz\u0142owieka. W or\u0119dziu na tegoroczny dzie\u0144 modlitw o powo\u0142ania papie\u017c Franciszek przypomina, \u017ce \u201eBo\u017ce powo\u0142anie nie jest zewn\u0119trznie narzuconym obowi\u0105zkiem, np. w imi\u0119 religijnego idea\u0142u, jest natomiast najpewniejszym sposobem, w jaki mo\u017cemy umacnia\u0107 pragnienie szcz\u0119\u015bcia, kt\u00f3re w sobie nosimy\u201d. Ka\u017cdy cz\u0142owiek, w tym szczeg\u00f3lnie ludzie m\u0142odzi, zadaj\u0105 sobie pytania kim s\u0105, jak\u0105 drog\u0119 maj\u0105 wybra\u0107, jak mog\u0105 najlepiej wykorzysta\u0107 swoje talenty i predyspozycje. Bez w\u0142a\u015bciwych odpowiedzi na te pytanie mo\u017cna w \u017cyciu zgubi\u0107 cel i robi\u0107 co\u015b, co nie daje szcz\u0119\u015bcia, akceptacji siebie, pokoju, mi\u0142o\u015bci i pewno\u015bci, \u017ce idzie si\u0119 bezpieczn\u0105 drog\u0105 zaplanowan\u0105 dla nas przez Dobrego Boga. Modlitwa o powo\u0142ania i duszpasterstwo powo\u0142a\u0144 nie s\u0105 wi\u0119c form\u0105 rekrutacji kandydat\u00f3w do kap\u0142a\u0144stwa i \u017cycia konsekrowanego, ale niesieniem pomocy i towarzyszeniem w procesie odkrywania i podj\u0119cia decyzji o p\u00f3j\u015bciu za jego g\u0142osem. Jest to wi\u0119c pos\u0142uga wobec ka\u017cdego cz\u0142owieka, bo ka\u017cdy cz\u0142owiek jest do czego\u015b powo\u0142any. Nie ma ludzi nie powo\u0142anych, ka\u017cdy z nas ma jakie\u015b powo\u0142anie, mimo, \u017ce s\u0105 one bardzo indywidualne i wielorakie.<\/p>\n<p>Tajemnica powo\u0142ania dotyczy wi\u0119c samego sedna \u017cycia, a nie tylko jakiego\u015b zaj\u0119cia, zawodu czy zainteresowania. Ludzie powo\u0142ani to ci, kt\u00f3rzy daj\u0105 ca\u0142ych siebie, a nie tylko cz\u0119\u015b\u0107 swojego \u017cycia. Potrzebujemy w tym pomocy innych, bo \u017ceby p\u00f3j\u015b\u0107 za powo\u0142aniem, to jak m\u00f3wi dzi\u015b do nas Dobry Pasterz, \u201e\u017cycie trzeba da\u0107, \u017ceby je zn\u00f3w odzyska\u0107\u201d. W\u0142a\u015bnie w tym jest pewnie ca\u0142a trudno\u015b\u0107 rozeznania i decyzji w zakresie powo\u0142a\u0144. Trzeba zgodzi\u0107 si\u0119 najpierw da\u0107 swoje \u017cycie, \u017ceby dopiero potem odzyska\u0107 je w jeszcze wi\u0119kszej obfito\u015bci i spe\u0142nieniu.<\/p>\n<p>Duszpasterska i duchowa troska o powo\u0142ania skupia si\u0119 wi\u0119c najpierw na modlitwie o powo\u0142ania w og\u00f3le, a dopiero potem, o takie czy inne drogi powo\u0142ania. Papie\u017c Franciszek we wspomnianym or\u0119dziu, dzieli si\u0119 z nami ciekaw\u0105 kolejno\u015bci\u0105 my\u015blenia o powo\u0142aniach. Dzi\u0119kuj\u0105c Bogu za tych, kt\u00f3rzy wiernie i poprzez codzienn\u0105 prac\u0119 przyjmuj\u0105 powo\u0142anie anga\u017cuj\u0105ce ca\u0142e ich \u017cycie, Ojciec \u015awi\u0119ty wymienia najpierw matki i ojc\u00f3w, nast\u0119pnie tych, kt\u00f3rzy poprzez swoj\u0105 prac\u0119 i oddanie siebie dla dobra wsp\u00f3lnego buduj\u0105 sprawiedliwy i pe\u0142en pokoju \u015bwiat, a dopiero p\u00f3\u017aniej wskazuje na powo\u0142ania do \u017cycia konsekrowanego i kap\u0142a\u0144skiego. Te ostatnie potrzebuj\u0105 bowiem do swojego wzrostu dobrych rodzin i w\u0142a\u015bciwego \u015brodowiska. To B\u00f3g powo\u0142uje, ale ka\u017cde powo\u0142anie jest jak ziarno, kt\u00f3re do swojego wzrostu potrzebuje dobrej ziemi. Nie od nas zale\u017c\u0105 powo\u0142ania, ale od nas zale\u017cy, jakie \u015brodowisko dla wzrostu tych powo\u0142a\u0144 stworzymy w naszych rodzinach, we wsp\u00f3lnotach ko\u015bcielnych, w naszej Ojczy\u017anie, w \u017cyciu spo\u0142ecznym, w tym szczeg\u00f3lnie w \u015brodowisku medialnym.<\/p>\n<p>W Ko\u015bciele w Polsce Niedziela Dobrego Pasterza to pocz\u0105tek ca\u0142ego tygodnia wielkiej modlitwy w intencji powo\u0142a\u0144 kap\u0142a\u0144skich i do \u017cycia konsekrowanego. Chcia\u0142bym najpierw bardzo podzi\u0119kowa\u0107 wielkiej liczbie ludzi i ca\u0142ym wsp\u00f3lnotom, kt\u00f3re systematycznie, cz\u0119sto codziennie, prosz\u0105 Pana \u017cniwa o nowych kap\u0142an\u00f3w, ojc\u00f3w i braci zakonnych, siostry zakonne, misjonarzy i osoby \u017cyj\u0105ce konsekracj\u0105 w \u015bwiecie, a tak\u017ce wspieraj\u0105 swoj\u0105 modlitw\u0105 ju\u017c powo\u0142anych. Rodzic\u00f3w os\u00f3b powo\u0142anych i wszystkich wspieraj\u0105cych powo\u0142ania serdecznie zapraszam na pielgrzymk\u0119 na Jasn\u0105 G\u00f3r\u0119, w dniu 11 maja 2024 roku.<\/p>\n<p>Dzi\u0119kuj\u0119 wszystkim duszpasterzom powo\u0142a\u0144, referentom i referentkom powo\u0142aniowym ze zgromadze\u0144 zakonnych i diecezji. Ciesz\u0119 si\u0119, \u017ce w wielu polskich diecezjach powstaj\u0105 o\u015brodki zajmuj\u0105ce si\u0119 powo\u0142aniami, gdzie kap\u0142ani, osoby konsekrowane i \u015bwieccy razem buduj\u0105 \u015brodowisko modlitwy i wsparcia dla rozeznaj\u0105cych powo\u0142anie.<\/p>\n<p>W imieniu wszystkich ju\u017c realizuj\u0105cych powo\u0142ania kap\u0142a\u0144skie i zakonne, chc\u0119 te\u017c przeprosi\u0107 za to, \u017ce niekiedy nasze \u015bwiadectwo \u017cycia oddanego Panu Bogu nie by\u0142o do\u015b\u0107 przekonywuj\u0105ce, a czasem by\u0142o nawet gorsz\u0105ce, co z pewno\u015bci\u0105 nie da\u0142o wielu m\u0142odym i ich rodzicom poczucia bezpiecze\u0144stwa i zapewnienia o autentycznym szcz\u0119\u015bciu, jakie mo\u017cna prze\u017cy\u0107 oddaj\u0105c \u017cycie Bogu i ludziom w kap\u0142a\u0144stwie i \u017cyciu konsekrowanym. Tym bardziej dzi\u0119kuj\u0119 za pi\u0119kne, cz\u0119sto ciche, ale radosne \u015bwiadectwo wielu si\u00f3str zakonnych, braci zakonnych i kap\u0142an\u00f3w. Po\u015br\u00f3d ha\u0142asu, jaki czasem wydaj\u0105 chore drzewa, ro\u015bnie cicho w Ko\u015bciele zdrowy las kap\u0142an\u00f3w i os\u00f3b konsekrowanych, wiernie i z mi\u0142o\u015bci\u0105 realizuj\u0105cych swoje powo\u0142ania.<\/p>\n<p>Zapraszam wszystkich do wielkiej modlitwy o powo\u0142ania, w tym szczeg\u00f3lnie o powo\u0142ania kap\u0142a\u0144skie, do \u017cycia konsekrowanego i misyjnego. Niech ten tydzie\u0144 modlitw, kt\u00f3ry rozpoczynamy w Niedziel\u0119 Dobrego Pasterza b\u0119dzie jedynie zaproszeniem do takiej modlitwy przez ca\u0142y rok, zw\u0142aszcza ten, kt\u00f3ry jest czasem modlitwy przed Jubileuszem Roku \u015awi\u0119tego.<\/p>\n<p>Z wdzi\u0119czno\u015bci\u0105 i modlitw\u0105<\/p>\n<p><em>+Andrzej Przybylski<\/em><\/p>\n<p>Delegat KEP ds. Powo\u0142a\u0144<\/p>\n","protected":false},"excerpt":{"rendered":"<p>S\u0142owo Delegata Konferencji Episkopatu Polski ds. Powo\u0142a\u0144 na 61. \u015awiatowy Dzie\u0144 Modlitw o Powo\u0142ania Niedziela Dobrego Pasterza \u2013 21 kwietnia 2024 roku \u201e\u017bycie da\u0107, aby je zn\u00f3w odzyska\u0107\u201d J 10,18 Pustoszej\u0105ce seminaria duchowne i nowicjaty zakonne stawiaj\u0105 przed ca\u0142ym Ko\u015bcio\u0142em wiele pyta\u0144 dotycz\u0105cych powo\u0142a\u0144. Z pewno\u015bci\u0105 nie mo\u017cemy tej sytuacji nie widzie\u0107, przej\u015b\u0107 obok niej oboj\u0119tnie i udawa\u0107, \u017ce sam Pan B\u00f3g znajdzie na to jakie\u015b rozwi\u0105zanie. Jezus Chrystus, Dobry Pasterz, mobilizuje nas do dzia\u0142ania, do tego, aby \u201eprosi\u0107 Pana \u017cniwa\u201d o nowych robotnik\u00f3w i zapewnia nas, \u017ce je\u015bli b\u0119dziemy prosi\u0107, to \u201epo\u015ble\u201d ich na nasze wsp\u00f3\u0142czesne pola ewangelizacji i u\u015bwi\u0119cania ludzi. Troska o powo\u0142ania nie wynika jednak tylko z kryzysu i z konieczno\u015bci dzia\u0142ania na rzecz zape\u0142nienia pustoszej\u0105cych miejsc formacji i zapewnienia pe\u0142nej pos\u0142ugi duszpasterskiej i duchowej w Ko\u015bciele. Troska o powo\u0142ania to sta\u0142a i organiczna powinno\u015b\u0107 ca\u0142ej wsp\u00f3lnoty Ko\u015bcio\u0142a, wszystkich ludzi wierz\u0105cych. A co jeszcze wa\u017cniejsze, wynika ona&hellip;<\/p>\n<p> <a class=\"more-link\" href=\"http:\/\/www.franciszek-walcz.pl\/?p=26791\">Czytaj dalej<\/a><\/p>\n","protected":false},"author":1,"featured_media":0,"comment_status":"closed","ping_status":"closed","sticky":false,"template":"","format":"standard","meta":{"footnotes":""},"categories":[5],"tags":[],"class_list":{"0":"post-26791","1":"post","2":"type-post","3":"status-publish","4":"format-standard","6":"category-artykuly"},"brizy_media":[],"_links":{"self":[{"href":"http:\/\/www.franciszek-walcz.pl\/index.php?rest_route=\/wp\/v2\/posts\/26791","targetHints":{"allow":["GET"]}}],"collection":[{"href":"http:\/\/www.franciszek-walcz.pl\/index.php?rest_route=\/wp\/v2\/posts"}],"about":[{"href":"http:\/\/www.franciszek-walcz.pl\/index.php?rest_route=\/wp\/v2\/types\/post"}],"author":[{"embeddable":true,"href":"http:\/\/www.franciszek-walcz.pl\/index.php?rest_route=\/wp\/v2\/users\/1"}],"replies":[{"embeddable":true,"href":"http:\/\/www.franciszek-walcz.pl\/index.php?rest_route=%2Fwp%2Fv2%2Fcomments&post=26791"}],"version-history":[{"count":2,"href":"http:\/\/www.franciszek-walcz.pl\/index.php?rest_route=\/wp\/v2\/posts\/26791\/revisions"}],"predecessor-version":[{"id":26793,"href":"http:\/\/www.franciszek-walcz.pl\/index.php?rest_route=\/wp\/v2\/posts\/26791\/revisions\/26793"}],"wp:attachment":[{"href":"http:\/\/www.franciszek-walcz.pl\/index.php?rest_route=%2Fwp%2Fv2%2Fmedia&parent=26791"}],"wp:term":[{"taxonomy":"category","embeddable":true,"href":"http:\/\/www.franciszek-walcz.pl\/index.php?rest_route=%2Fwp%2Fv2%2Fcategories&post=26791"},{"taxonomy":"post_tag","embeddable":true,"href":"http:\/\/www.franciszek-walcz.pl\/index.php?rest_route=%2Fwp%2Fv2%2Ftags&post=26791"}],"curies":[{"name":"wp","href":"https:\/\/api.w.org\/{rel}","templated":true}]}}