{"id":26814,"date":"2024-04-22T21:54:27","date_gmt":"2024-04-22T19:54:27","guid":{"rendered":"http:\/\/www.franciszek-walcz.pl\/?p=26814"},"modified":"2024-04-22T22:03:14","modified_gmt":"2024-04-22T20:03:14","slug":"23-kwietnia-wspomnienie-sw-wojciecha-patrona-polski","status":"publish","type":"post","link":"http:\/\/www.franciszek-walcz.pl\/?p=26814","title":{"rendered":"23 kwietnia -Wspomnienie \u015bw. Wojciecha \u2013\u00a0patrona Polski"},"content":{"rendered":"<p class=\"western\" align=\"justify\"><span style=\"font-family: Arial;\"><span style=\"font-size: medium;\">23 kwietnia to\u00a0dzie\u0144 liturgicznego wspomnienia pierwszego patrona Polski \u2013\u00a0\u015bw. Wojciecha (ok. 956 \u2013\u00a0997). Czeski ksi\u0105\u017c\u0119 z\u00a0rodu S\u0142awnikowic\u00f3w, biskup Pragi i\u00a0m\u0119czennik, kt\u00f3ry poni\u00f3s\u0142 \u015bmier\u0107 w\u00a0poga\u0144skich Prusach \u2013\u00a0dla\u00a0Polski jest przede wszystkim postaci\u0105, kt\u00f3rej zawdzi\u0119czamy pierwsz\u0105 niezale\u017cn\u0105 od\u00a0Niemiec metropoli\u0119 i\u00a0podwaliny kr\u00f3lewskiej suwerenno\u015bci.<\/span><\/span><\/p>\n<p class=\"western\" align=\"justify\"><span style=\"font-family: Arial;\"><span style=\"font-size: medium;\">Obejmuj\u0105c w\u00a0wieku zaledwie 27 lat kierownictwo nad diecezj\u0105 prask\u0105 stan\u0105\u0142 przed wyzwaniem krzewienia wiary w\u015br\u00f3d ludu mocno przywi\u0105zanego do\u00a0dawnych poga\u0144skich zwyczaj\u00f3w. Z\u00a0zapa\u0142em przyst\u0105pi\u0142 do\u00a0wychowania moralnego i\u00a0walki z\u00a0wci\u0105\u017c obecnym w\u00a0Pradze niewolnictwem. Pr\u0119dko okaza\u0142o si\u0119, \u017ce\u00a0lud Pragi nie\u00a0zamierza podporz\u0105dkowa\u0107 si\u0119 nowemu biskupowi. Gdy Wojciech udzieli\u0142 schronienia niewiernej \u017conie jednego z\u00a0miejscowych wielmo\u017c\u00f3w, jego wys\u0142annicy wtargn\u0119li do\u00a0ko\u015bcio\u0142a i\u00a0zamordowali kobiet\u0119. Biskup wobec z\u0142amania prawa azylu rzuci\u0142 kl\u0105tw\u0119 na\u00a0sprawc\u00f3w zdarzenia i\u00a0uda\u0142 si\u0119 do\u00a0Rzymu. Mia\u0142 tam prosi\u0107 papie\u017ca o\u00a0zwolnienie z\u00a0obowi\u0105zk\u00f3w biskupich, co\u00a0do\u00a0efektu kt\u00f3rych straci\u0142 nadziej\u0119.<\/span><\/span><\/p>\n<p class=\"western\" align=\"justify\"><span style=\"font-family: Arial;\"><span style=\"font-size: medium;\">Nie uzyskawszy zgody na\u00a0ust\u0105pienie ze\u00a0stolicy, podr\u00f3\u017cowa\u0142 jaki\u015b czas po\u00a0Europie, wst\u0119puj\u0105c do\u00a0klasztoru benedyktyn\u00f3w. Jednak wezwany zn\u00f3w do\u00a0Pragi przez biskupa Moguncji. Tym razem papie\u017c Grzegorz V postawi\u0142 jeden warunek \u2013\u00a0uzale\u017cniaj\u0105c powr\u00f3t Wojciech od\u00a0woli miejscowego ludu. Gdy ten nie\u00a0wyrazi\u0142 zainteresowania powrotem wymagaj\u0105cego pasterza, \u015awi\u0119ty postanowi\u0142 gdzie indziej szuka\u0107 mo\u017cliwo\u015bci g\u0142oszenia Ewangelii.<\/span><\/span><\/p>\n<p class=\"western\" align=\"justify\"><span style=\"font-family: Arial;\"><span style=\"font-size: medium;\">Tak dotar\u0142 na\u00a0dw\u00f3r ksi\u0119cia Boles\u0142awa Chrobrego, kt\u00f3ry skierowa\u0142 go\u00a0jako misjonarza na\u00a0poga\u0144skie tereny Prus. Ksi\u0105\u017c\u0119 przyzna\u0142 mu eskort\u0119 trzydziestu rycerzy, jednak misjonarz odprawi\u0142 ich przy granicy, poniewa\u017c nie\u00a0chcia\u0142 sprawi\u0107 wra\u017cenia, i\u017c\u00a0przybywa si\u0142\u0105 chrystianizowa\u0107 ludno\u015b\u0107. Na\u00a0miejscu okaza\u0142o si\u0119, \u017ce\u00a0nastroje s\u0105 du\u017co bardziej nieprzychylne chrze\u015bcija\u0144stwu ni\u017c\u00a0w\u00a0Pradze. Pomimo pokojowej misji Wojciecha, poni\u00f3s\u0142 on \u015bmier\u0107 m\u0119cze\u0144sk\u0105 z\u00a0r\u0105k kap\u0142ana lokalnego kultu i\u00a0jego stra\u017cnik\u00f3w.<\/span><\/span><\/p>\n<p class=\"western\" align=\"justify\"><span style=\"font-family: Arial;\"><span style=\"font-size: medium;\">Ksi\u0105\u017c\u0119 Boles\u0142aw, \u015bwiadom, i\u017c\u00a0krew m\u0119czennik\u00f3w jest posiewem chrze\u015bcija\u0144stwa, zgodzi\u0142 si\u0119 na\u00a0propozycj\u0119 Prus\u00f3w, aby\u00a0wykupi\u0107 cia\u0142o \u015bw. Wojciecha na\u00a0wag\u0119 z\u0142ota. Intuicja nie\u00a0myli\u0142a s\u0142owia\u0144skiego w\u0142adcy, bo\u00a0wkr\u00f3tce okaza\u0142o si\u0119, \u017ce\u00a0misja \u015awi\u0119tego nie\u00a0zako\u0144czy\u0142a si\u0119 wraz z\u00a0jego \u015bmierci\u0105.<\/span><\/span><\/p>\n<p class=\"western\" align=\"justify\"><span style=\"font-family: Arial;\"><span style=\"font-size: medium;\">Poruszony m\u0119cze\u0144stwem \u015bw. Wojciecha cesarz Otton III\u00a0wyst\u0105pi\u0142 do\u00a0papie\u017ca z\u00a0pro\u015bb\u0105 o\u00a0kanonizacj\u0119, a\u00a0sam uda\u0142 si\u0119 z\u00a0pielgrzymk\u0105 do\u00a0Gniezna, gdzie z\u0142o\u017cone zosta\u0142y doczesne szcz\u0105tki m\u0119czennika. Tak dosz\u0142o do\u00a0s\u0142ynnego zjazdu gnie\u017anie\u0144skiego, podczas kt\u00f3rego cesarz popar\u0142 starania Boles\u0142awa o\u00a0kr\u00f3lewsk\u0105 koron\u0119 dla\u00a0jego w\u0142adztwa. \u015amier\u0107 Wojciecha i\u00a0spotkanie w\u0142adc\u00f3w w\u00a0Gnie\u017anie zaowocowa\u0142y tak\u017ce stworzeniem niezale\u017cnej archidiecezji, podleg\u0142ej Stolicy Apostolskiej, co\u00a0oznacza\u0142o uniezale\u017cnienie si\u0119 od\u00a0wp\u0142ywu niemieckiej hierarchii.<\/span><\/span><\/p>\n<p class=\"western\" align=\"justify\"><span style=\"font-family: Arial;\"><span style=\"font-size: medium;\">&#8211; U\u00a0relikwii \u015bw. Wojciecha narodzi\u0142a si\u0119 gnie\u017anie\u0144ska metropolia. Posiadanie w\u00a0tamtych czasach w\u0142asnego arcybiskupstwa to\u00a0by\u0142 awans do\u00a0europejskiej \u201epierwszej ligi\u201d. To\u00a0potwierdzenie statusu pa\u0144stwa jako monarchii chrze\u015bcija\u0144skiej z\u00a0potencja\u0142em dalszego, r\u00f3wnie\u017c czysto politycznego, rozwoju. W\u0142asna ko\u015bcielna metropolia to\u00a0po prostu suwerenno\u015b\u0107, bo\u00a0tylko arcybiskup m\u00f3g\u0142 koronowa\u0107 w\u0142adc\u0119 na\u00a0kr\u00f3la, a\u00a0Bo\u017cy pomazaniec podlega tylko Panu Kr\u00f3l\u00f3w i\u00a0Cesarzy \u2013\u00a0pisze w\u00a0portalu PCh24.pl prof. Grzegorz Kucharczyk.<\/span><\/span><\/p>\n<p class=\"western\" align=\"justify\"><span style=\"font-family: Arial;\"><span style=\"font-size: medium;\"><b>ODDA\u0106 \u017bYCIE ZA JEZUSA<\/b><\/span><\/span><\/p>\n<p class=\"western\" align=\"justify\"><span style=\"font-family: Arial;\"><span style=\"font-size: medium;\">Staje przed nami niezwyk\u0142a posta\u0107 \u2013 m\u0119czennika za wiar\u0119, \u015bw. Wojciecha, patrona Polski. Podziwiamy jego odwag\u0119 i determinacj\u0119 w g\u0142oszenia wiary.<\/span><\/span><\/p>\n<p class=\"western\" align=\"justify\"><span style=\"font-family: Arial;\"><span style=\"font-size: medium;\"><b>Jednak czy wsp\u00f3\u0142czesny \u015bwiat rozumie prawdziwy wymiar m\u0119cze\u0144stwa?\u00a0<\/b>\u015amier\u0107 ka\u017cdego m\u0119czennika ma sens tylko w Chrystusie, kt\u00f3ry r\u00f3wnie\u017c cierpia\u0142. Wydawa\u0142o si\u0119, \u017ce przegra\u0142, ale na trzeci dzie\u0144 zmartwychwsta\u0142!<\/span><\/span><\/p>\n<p class=\"western\" align=\"justify\"><span style=\"font-family: Arial;\"><span style=\"font-size: medium;\">DLA JEZUSA KRZY\u017b BY\u0141 ZWYCI\u0118STWEM, A NIE PORA\u017bK\u0104.<\/span><\/span><\/p>\n<p class=\"western\" align=\"justify\"><span style=\"font-family: Arial;\"><span style=\"font-size: medium;\"><b>W oczach \u015bwiata natomiast cz\u0119sto wydaje si\u0119, \u017ce ten, kto ginie za wiar\u0119 przegrywa\u2026<\/b>\u00a0ale tak naprawd\u0119 jest to tylko pozorna przegrana! . Trafnie o tym m\u00f3wi\u0105 s\u0142owa z Ksi\u0119gi M\u0105dro\u015bci:\u00a0<em>\u201eZdawa\u0142o si\u0119 oczom g\u0142upich, \u017ce oni pomarli.\u00a0<\/em><b>Zgon ich poczytano za nieszcz\u0119\u015bcie i odej\u015bcie od nas za unicestwienie<\/b><em>, a oni trwaj\u0105 w pokoju. Cho\u0107 nawet w ludzkim rozumieniu doznali ka\u017ani, nadzieja ich pe\u0142na jest nie\u015bmiertelno\u015bci\u201d\u00a0<\/em>(Mdr 3,2-4).<\/span><\/span><\/p>\n<p class=\"western\" align=\"justify\"><span style=\"font-family: Arial;\"><span style=\"font-size: medium;\">M\u0118CZE\u0143STWO TO BRAMA DO NIEBA! TO DOW\u00d3D MI\u0141O\u015aCI DO JEZUSA, WIERNO\u015aCI DO NIEGO!<\/span><\/span><\/p>\n<p class=\"western\" align=\"justify\"><span style=\"font-family: Arial;\"><span style=\"font-size: medium;\">Kiedy patrzymy na dzisiejszy \u015bwiat, r\u00f3wnie\u017c pe\u0142no w nim\u00a0<b>wsp\u00f3\u0142czesnych \u015bwi\u0119tych Wojciech\u00f3w<\/b>.<\/span><\/span><\/p>\n<p class=\"western\" align=\"justify\"><span style=\"font-family: Arial;\"><span style=\"font-size: medium;\">ILU JEST OWYCH WSP\u00d3\u0141CZESNYCH WOJCIECH\u00d3W? Szacuje si\u0119, \u017ce wiek XX poch\u0142on\u0105\u0142 45 milion\u00f3w ofiar za wiar\u0119. Co roku jest ich ok. 170\u00a0000!<\/span><\/span><\/p>\n<p class=\"western\" align=\"justify\"><span style=\"font-family: Arial;\"><span style=\"font-size: medium;\">W Polsce nie ma krwawych prze\u015bladowa\u0144, cho\u0107 nie ma pewno\u015bci, \u017ce nie wybuchn\u0105\u2026 Dzi\u015b\u00a0<b>nikt nie rzuci w nas kilkoma dzidami, jak w \u015bw. Wojciecha.<\/b>\u00a0Ale jak\u017ce cz\u0119sto trzeba nam przyj\u0105\u0107\u00a0<b>s\u0142owny atak<\/b>, nawet tych, kt\u00f3rzy zw\u0105 si\u0119 katolikami.\u00a0\u00a0<b>Te s\u0142owne ataki s\u0105 jak dzidy wbijane w serce.\u00a0<\/b>Popatrzmy przewaga jakich informacji na temat duchownych wyst\u0119puje w \u015brodkach przekazu? <\/span><\/span><\/p>\n<p class=\"western\" align=\"justify\"><span style=\"font-family: Arial;\"><span style=\"font-size: medium;\"><b>Przed jakim wi\u0119c wyzwaniem staje dzi\u015b w Polsce cz\u0142owiek wiary?<\/b>\u00a0Je\u015bli chce p\u00f3j\u015b\u0107 za Jezusem, musi odrzuci\u0107 mentalno\u015b\u0107 wsp\u00f3\u0142czesnego \u015bwiata: lu\u017ane zwi\u0105zki, u\u017cywki, antykoncepcj\u0119, demoralizuj\u0105ce imprezy, zabawy w satanistyczne \u015bwi\u0119to Halooween itd. <b>Jak\u017ce cz\u0119sto w \u015brodowisku szko\u0142y, a nawet najbli\u017cszej rodziny radykalne opowiedzenie si\u0119 za Jezusem spotyka si\u0119 z szykanami, kpin\u0105 i ca\u0142kowitym niezrozumieniem.\u00a0<\/b>\u017by\u0107 sakramentami, po\u015bci\u0107 w pi\u0105tek, zachowywa\u0107 czysto\u015b\u0107 przedma\u0142\u017ce\u0144sk\u0105, a nawet co tydzie\u0144 chodzi\u0107 do ko\u015bcio\u0142a \u2013 to niemal\u017ce religijny fanatyzm!\u00a0<b>Prawdziwy katolik w swym \u015brodowisku jest jak samotna wyspa<\/b>, miotana zewsz\u0105d falami nier\u00f3bstwa, bezideowo\u015bci, g\u0142upoty, braku autorytet\u00f3w, demoralizacji\u2026 <\/span><\/span><\/p>\n<p class=\"western\" align=\"justify\"><span style=\"font-family: Arial;\"><span style=\"font-size: medium;\">ALE NIGDY NIE JEST SAM, BO JEST Z NIM JEZUS!<\/span><\/span><\/p>\n<p class=\"western\" align=\"justify\"><span style=\"font-family: Arial;\"><span style=\"font-size: medium;\"><b>Cz\u0142owiek, kt\u00f3ry zaufa\u0142 Ko\u015bcio\u0142owi i Jezusowi ma nie mniejsze zadanie jak \u015bw. Wojciech.\u00a0<\/b>Dzi\u015b \u015bwiadczy\u0107 o Jezusie, przyzna\u0107 si\u0119 do Niego, jest wcale nie \u0142atwiej jak 1000 lat temu w dawnych poga\u0144skich Prusach.<\/span><\/span><\/p>\n<p class=\"western\" align=\"justify\"><span style=\"font-family: Arial;\"><span style=\"font-size: medium;\">Pro\u015bmy \u015bw. Wojciecha o wstawiennicz\u0105 modlitw\u0119, o odwag\u0119 w wyznawaniu wiary.\u00a0<\/span><\/span><\/p>\n<p class=\"western\" align=\"justify\"><span style=\"font-family: Arial;\"><span style=\"font-size: medium;\">Niech postawa \u015bw. Wojciecha stanowi dla nas zach\u0119t\u0119, by nie l\u0119ka\u0107 si\u0119 dawania \u015bwiadectwa w \u015brodowisku naszego \u017cycia. Nie dajmy si\u0119 zastraszy\u0107 i zepchn\u0105\u0107 do lamusa \u017cycia publicznego\u2026<\/span><\/span><\/p>\n<p class=\"western\" align=\"justify\"><span style=\"font-family: Arial;\"><span style=\"font-size: medium;\">Niech s\u0142owa homilii Jana Paw\u0142a II z Gniezna, wypowiedziane w 1000 rocznic\u0119 \u015bmierci \u015bw. Wojciecha, b\u0119d\u0105 dla nas zach\u0119t\u0105:<\/span><\/span><\/p>\n<p class=\"western\" align=\"justify\"><a name=\"_GoBack\"><\/a> \u201e<span style=\"font-family: Arial;\"><span style=\"font-size: medium;\"><b>U progu trzeciego tysi\u0105clecia \u015bwiadectwo \u015bw. Wojciecha jest wci\u0105\u017c obecne w Ko\u015bciele i wci\u0105\u017c wydaje owoce.<\/b> <b>Winni\u015bmy jego dzie\u0142o ewangelizacji podj\u0105\u0107 z now\u0105 moc\u0105. Tym, kt\u00f3rzy zapomnieli o Chrystusie i Jego nauce,<\/b> <b>pom\u00f3\u017cmy odkry\u0107 Go na nowo\u201d.<\/b><\/span><\/span><\/p>\n","protected":false},"excerpt":{"rendered":"<p>23 kwietnia to\u00a0dzie\u0144 liturgicznego wspomnienia pierwszego patrona Polski \u2013\u00a0\u015bw. Wojciecha (ok. 956 \u2013\u00a0997). Czeski ksi\u0105\u017c\u0119 z\u00a0rodu S\u0142awnikowic\u00f3w, biskup Pragi i\u00a0m\u0119czennik, kt\u00f3ry poni\u00f3s\u0142 \u015bmier\u0107 w\u00a0poga\u0144skich Prusach \u2013\u00a0dla\u00a0Polski jest przede wszystkim postaci\u0105, kt\u00f3rej zawdzi\u0119czamy pierwsz\u0105 niezale\u017cn\u0105 od\u00a0Niemiec metropoli\u0119 i\u00a0podwaliny kr\u00f3lewskiej suwerenno\u015bci. Obejmuj\u0105c w\u00a0wieku zaledwie 27 lat kierownictwo nad diecezj\u0105 prask\u0105 stan\u0105\u0142 przed wyzwaniem krzewienia wiary w\u015br\u00f3d ludu mocno przywi\u0105zanego do\u00a0dawnych poga\u0144skich zwyczaj\u00f3w. Z\u00a0zapa\u0142em przyst\u0105pi\u0142 do\u00a0wychowania moralnego i\u00a0walki z\u00a0wci\u0105\u017c obecnym w\u00a0Pradze niewolnictwem. Pr\u0119dko okaza\u0142o si\u0119, \u017ce\u00a0lud Pragi nie\u00a0zamierza podporz\u0105dkowa\u0107 si\u0119 nowemu biskupowi. Gdy Wojciech udzieli\u0142 schronienia niewiernej \u017conie jednego z\u00a0miejscowych wielmo\u017c\u00f3w, jego wys\u0142annicy wtargn\u0119li do\u00a0ko\u015bcio\u0142a i\u00a0zamordowali kobiet\u0119. Biskup wobec z\u0142amania prawa azylu rzuci\u0142 kl\u0105tw\u0119 na\u00a0sprawc\u00f3w zdarzenia i\u00a0uda\u0142 si\u0119 do\u00a0Rzymu. Mia\u0142 tam prosi\u0107 papie\u017ca o\u00a0zwolnienie z\u00a0obowi\u0105zk\u00f3w biskupich, co\u00a0do\u00a0efektu kt\u00f3rych straci\u0142 nadziej\u0119. Nie uzyskawszy zgody na\u00a0ust\u0105pienie ze\u00a0stolicy, podr\u00f3\u017cowa\u0142 jaki\u015b czas po\u00a0Europie, wst\u0119puj\u0105c do\u00a0klasztoru benedyktyn\u00f3w. Jednak wezwany zn\u00f3w do\u00a0Pragi przez biskupa Moguncji. Tym razem papie\u017c Grzegorz V postawi\u0142 jeden warunek \u2013\u00a0uzale\u017cniaj\u0105c powr\u00f3t Wojciech od\u00a0woli miejscowego ludu.&hellip;<\/p>\n<p> <a class=\"more-link\" href=\"http:\/\/www.franciszek-walcz.pl\/?p=26814\">Czytaj dalej<\/a><\/p>\n","protected":false},"author":1,"featured_media":0,"comment_status":"closed","ping_status":"closed","sticky":false,"template":"","format":"standard","meta":{"footnotes":""},"categories":[5],"tags":[],"class_list":{"0":"post-26814","1":"post","2":"type-post","3":"status-publish","4":"format-standard","6":"category-artykuly"},"brizy_media":[],"_links":{"self":[{"href":"http:\/\/www.franciszek-walcz.pl\/index.php?rest_route=\/wp\/v2\/posts\/26814","targetHints":{"allow":["GET"]}}],"collection":[{"href":"http:\/\/www.franciszek-walcz.pl\/index.php?rest_route=\/wp\/v2\/posts"}],"about":[{"href":"http:\/\/www.franciszek-walcz.pl\/index.php?rest_route=\/wp\/v2\/types\/post"}],"author":[{"embeddable":true,"href":"http:\/\/www.franciszek-walcz.pl\/index.php?rest_route=\/wp\/v2\/users\/1"}],"replies":[{"embeddable":true,"href":"http:\/\/www.franciszek-walcz.pl\/index.php?rest_route=%2Fwp%2Fv2%2Fcomments&post=26814"}],"version-history":[{"count":2,"href":"http:\/\/www.franciszek-walcz.pl\/index.php?rest_route=\/wp\/v2\/posts\/26814\/revisions"}],"predecessor-version":[{"id":26827,"href":"http:\/\/www.franciszek-walcz.pl\/index.php?rest_route=\/wp\/v2\/posts\/26814\/revisions\/26827"}],"wp:attachment":[{"href":"http:\/\/www.franciszek-walcz.pl\/index.php?rest_route=%2Fwp%2Fv2%2Fmedia&parent=26814"}],"wp:term":[{"taxonomy":"category","embeddable":true,"href":"http:\/\/www.franciszek-walcz.pl\/index.php?rest_route=%2Fwp%2Fv2%2Fcategories&post=26814"},{"taxonomy":"post_tag","embeddable":true,"href":"http:\/\/www.franciszek-walcz.pl\/index.php?rest_route=%2Fwp%2Fv2%2Ftags&post=26814"}],"curies":[{"name":"wp","href":"https:\/\/api.w.org\/{rel}","templated":true}]}}