{"id":26973,"date":"2024-05-04T10:26:36","date_gmt":"2024-05-04T08:26:36","guid":{"rendered":"http:\/\/www.franciszek-walcz.pl\/?p=26973"},"modified":"2024-05-04T10:26:36","modified_gmt":"2024-05-04T08:26:36","slug":"vi-niedziela-wielkanocy","status":"publish","type":"post","link":"http:\/\/www.franciszek-walcz.pl\/?p=26973","title":{"rendered":"VI Niedziela Wielkanocy"},"content":{"rendered":"<p class=\"western\">Tekst Ewangelii (J\u00a015,9-17):\u00a0W owym czasie Jezus tak rzek\u0142 do uczni\u00f3w: \u00abJak Mnie umi\u0142owa\u0142 Ojciec, tak i Ja was umi\u0142owa\u0142em. Wytrwajcie w mi\u0142o\u015bci mojej! Je\u015bli b\u0119dziecie zachowywa\u0107 moje przykazania, b\u0119dziecie trwa\u0107 w mi\u0142o\u015bci mojej, tak jak Ja zachowa\u0142em przykazania Ojca mego i trwam w Jego mi\u0142o\u015bci. To wam powiedzia\u0142em, aby rado\u015b\u0107 moja w was by\u0142a i aby rado\u015b\u0107 wasza by\u0142a pe\u0142na\u00bb.<\/p>\n<p>\u00abTo jest moje przykazanie, aby\u015bcie si\u0119 wzajemnie mi\u0142owali, tak jak Ja was umi\u0142owa\u0142em. Nikt nie ma wi\u0119kszej mi\u0142o\u015bci od tej, gdy kto\u015b \u017cycie swoje oddaje za przyjaci\u00f3\u0142 swoich. Wy jeste\u015bcie przyjaci\u00f3\u0142mi moimi, je\u017celi czynicie to, co wam przykazuj\u0119. Ju\u017c was nie nazywam s\u0142ugami, bo s\u0142uga nie wie, co czyni pan jego, ale nazwa\u0142em was przyjaci\u00f3\u0142mi, albowiem oznajmi\u0142em wam wszystko, co us\u0142ysza\u0142em od Ojca mego. Nie wy\u015bcie Mnie wybrali, ale Ja was wybra\u0142em i przeznaczy\u0142em was na to, aby\u015bcie szli i owoc przynosili, i by owoc wasz trwa\u0142 &#8211; aby wszystko da\u0142 wam Ojciec, o cokolwiek Go poprosicie w imi\u0119 moje. To wam przykazuj\u0119, aby\u015bcie si\u0119 wzajemnie mi\u0142owali\u00bb.<\/p>\n<p><strong>\u00abNazwa\u0142em was przyjaci\u00f3\u0142mi\u00bb<\/strong><\/p>\n<p class=\"western\">Dzisiaj \u015bwi\u0119tujemy ostatni\u0105 niedziel\u0119 przed uroczysto\u015bciami Wniebowst\u0105pienia i Zes\u0142ania Ducha \u015awi\u0119tego, kt\u00f3re to ko\u0144cz\u0105 czas wielkanocny. Jak wcze\u015bniej poprzez kolejne niedziele ukazywa\u0142 nam si\u0119 Zmartwychwsta\u0142y Jezus jako Dobry Pasterz, czy winoro\u015bl w kt\u00f3r\u0105 musimy by\u0107 wszczepieni , to dzi\u015b otwiera na o\u015bcie\u017c swoje serce.<\/p>\n<p>Naturalnie, w Jego sercu mo\u017cna znale\u017a\u0107 tylko mi\u0142o\u015b\u0107. To co stanowi najg\u0142\u0119bsze misterium Boga to fakt, \u017ce jest Mi\u0142o\u015bci\u0105. Wszystko co uczyni\u0142 od stworzenia po odkupienie jest owocem mi\u0142o\u015bci. I to czego jedynie oczekuje, jako odpowied\u017a na Jego dzia\u0142anie, to jest mi\u0142o\u015b\u0107. Dlatego to dzi\u015b wybrzmiewaj\u0105 Jego s\u0142owa: \u00abWytrwajcie w mi\u0142o\u015bci mojej!\u00bb (J 15,9). Mi\u0142o\u015b\u0107 domaga si\u0119 wzajemno\u015bci, jest niczym dialog kt\u00f3ry wzywa nas do odpowiedzi mi\u0142o\u015bci\u0105 rosn\u0105c\u0105 wraz z byciem obdarowywanym Jego mi\u0142o\u015bci\u0105.<\/p>\n<p>Owocem mi\u0142o\u015bci jest rado\u015b\u0107: \u00abTo wam powiedzia\u0142em, aby rado\u015b\u0107 moja w was by\u0142a\u00bb (J 15,11). Je\u015bli nasze \u017cycie nie odzwierciedla rado\u015bci wierzenia, je\u015bli pozwalamy dusi\u0107 si\u0119 omamom, nie widz\u0105c i\u017c Pan jest obecny i nas pociesza, to tylko dlatego poniewa\u017c nie poznali\u015bmy wystarczaj\u0105co Jezusa.<\/p>\n<p>B\u00f3g zawsze ma inicjatyw\u0119. M\u00f3wi nam to w s\u0142owach: \u00abJa was wybra\u0142em\u00bb (J 15,16). Mamy pokus\u0119 my\u015blenia, \u017ce to my wybrali\u015bmy, ale tak naprawd\u0119 nie zrobili\u015bmy nic ponad odpowiedzenie na wezwanie. Wybra\u0142 nas by\u015bmy byli jego przyjaci\u00f3\u0142mi: \u00abJu\u017c was nie nazywam s\u0142ugami (\u2026) ale nazwa\u0142em was przyjaci\u00f3\u0142mi\u00bb (J 15,15).<\/p>\n<p>Wszystko si\u0119 skupia w s\u0142owie: \u201ekocha\u0107\u201d. Przypomina nam to s\u0142owa \u015bw. Augustyna: \u00abDobry Pan przypomina nam tak cz\u0119sto mi\u0142o\u015b\u0107, jako jedyne mo\u017cliwe przykazanie. Bez mi\u0142o\u015bci wszystkie inne dobre cechy niczemu nie s\u0142u\u017c\u0105. Mi\u0142o\u015b\u0107 w rzeczy samej, prowadzi cz\u0142owieka ku innym cnotom, kt\u00f3re czyni\u0105 go dobrym\u00bb.<\/p>\n","protected":false},"excerpt":{"rendered":"<p>Tekst Ewangelii (J\u00a015,9-17):\u00a0W owym czasie Jezus tak rzek\u0142 do uczni\u00f3w: \u00abJak Mnie umi\u0142owa\u0142 Ojciec, tak i Ja was umi\u0142owa\u0142em. Wytrwajcie w mi\u0142o\u015bci mojej! Je\u015bli b\u0119dziecie zachowywa\u0107 moje przykazania, b\u0119dziecie trwa\u0107 w mi\u0142o\u015bci mojej, tak jak Ja zachowa\u0142em przykazania Ojca mego i trwam w Jego mi\u0142o\u015bci. To wam powiedzia\u0142em, aby rado\u015b\u0107 moja w was by\u0142a i aby rado\u015b\u0107 wasza by\u0142a pe\u0142na\u00bb. \u00abTo jest moje przykazanie, aby\u015bcie si\u0119 wzajemnie mi\u0142owali, tak jak Ja was umi\u0142owa\u0142em. Nikt nie ma wi\u0119kszej mi\u0142o\u015bci od tej, gdy kto\u015b \u017cycie swoje oddaje za przyjaci\u00f3\u0142 swoich. Wy jeste\u015bcie przyjaci\u00f3\u0142mi moimi, je\u017celi czynicie to, co wam przykazuj\u0119. Ju\u017c was nie nazywam s\u0142ugami, bo s\u0142uga nie wie, co czyni pan jego, ale nazwa\u0142em was przyjaci\u00f3\u0142mi, albowiem oznajmi\u0142em wam wszystko, co us\u0142ysza\u0142em od Ojca mego. Nie wy\u015bcie Mnie wybrali, ale Ja was wybra\u0142em i przeznaczy\u0142em was na to, aby\u015bcie szli i owoc przynosili, i by owoc wasz trwa\u0142 &#8211; aby wszystko&hellip;<\/p>\n<p> <a class=\"more-link\" href=\"http:\/\/www.franciszek-walcz.pl\/?p=26973\">Czytaj dalej<\/a><\/p>\n","protected":false},"author":1,"featured_media":0,"comment_status":"closed","ping_status":"closed","sticky":false,"template":"","format":"standard","meta":{"footnotes":""},"categories":[5],"tags":[],"class_list":{"0":"post-26973","1":"post","2":"type-post","3":"status-publish","4":"format-standard","6":"category-artykuly"},"brizy_media":[],"_links":{"self":[{"href":"http:\/\/www.franciszek-walcz.pl\/index.php?rest_route=\/wp\/v2\/posts\/26973","targetHints":{"allow":["GET"]}}],"collection":[{"href":"http:\/\/www.franciszek-walcz.pl\/index.php?rest_route=\/wp\/v2\/posts"}],"about":[{"href":"http:\/\/www.franciszek-walcz.pl\/index.php?rest_route=\/wp\/v2\/types\/post"}],"author":[{"embeddable":true,"href":"http:\/\/www.franciszek-walcz.pl\/index.php?rest_route=\/wp\/v2\/users\/1"}],"replies":[{"embeddable":true,"href":"http:\/\/www.franciszek-walcz.pl\/index.php?rest_route=%2Fwp%2Fv2%2Fcomments&post=26973"}],"version-history":[{"count":1,"href":"http:\/\/www.franciszek-walcz.pl\/index.php?rest_route=\/wp\/v2\/posts\/26973\/revisions"}],"predecessor-version":[{"id":26974,"href":"http:\/\/www.franciszek-walcz.pl\/index.php?rest_route=\/wp\/v2\/posts\/26973\/revisions\/26974"}],"wp:attachment":[{"href":"http:\/\/www.franciszek-walcz.pl\/index.php?rest_route=%2Fwp%2Fv2%2Fmedia&parent=26973"}],"wp:term":[{"taxonomy":"category","embeddable":true,"href":"http:\/\/www.franciszek-walcz.pl\/index.php?rest_route=%2Fwp%2Fv2%2Fcategories&post=26973"},{"taxonomy":"post_tag","embeddable":true,"href":"http:\/\/www.franciszek-walcz.pl\/index.php?rest_route=%2Fwp%2Fv2%2Ftags&post=26973"}],"curies":[{"name":"wp","href":"https:\/\/api.w.org\/{rel}","templated":true}]}}