{"id":2699,"date":"2018-12-22T11:44:33","date_gmt":"2018-12-22T10:44:33","guid":{"rendered":"http:\/\/www.franciszek-walcz.pl\/?p=2699"},"modified":"2018-12-22T11:44:33","modified_gmt":"2018-12-22T10:44:33","slug":"blogoslawiona-jestes-miedzy-niewiastami","status":"publish","type":"post","link":"http:\/\/www.franciszek-walcz.pl\/?p=2699","title":{"rendered":"B\u0142ogos\u0142awiona jeste\u015b mi\u0119dzy niewiastami &#8230;"},"content":{"rendered":"<p>Pe\u0142na pokory i prostoty jest pos\u0142uga Maryi, bezpretensjonalna i naturalnie ludzka. Ona sama jest pe\u0142na pokory, bezpretensjonalna i naturalnie ludzka. Mo\u017ce dlatego w\u0142a\u015bnie tak bardo nas zaskakuje i szokuje Jej osoba? B\u00f3g nie chce od nas nadzwyczajnych ofiar, dar\u00f3w, ca\u0142opale\u0144. On obdarzy\u0142 nas wzajemn\u0105 \u017cyczliwo\u015bci\u0105, serdeczno\u015bci\u0105, da\u0142 cz\u0142owiekowi cz\u0142owieka, da\u0142 mu matk\u0119, da\u0142 mu przyjaci\u00f3\u0142, a jakby tego wszystkiego by\u0142o ma\u0142o da\u0142 mu jeszcze i swojego Syna, Boga-Cz\u0142owieka. Maryja umie przyjmowa\u0107 i umie dawa\u0107, rozumie, przyjmuje i daje w spos\u00f3b naturalny i mo\u017ce r\u00f3wnie\u017c dlatego &#8222;<strong><em>b\u0142ogos\u0142awiona jest mi\u0119dzy niewiastami<\/em><\/strong>.<\/p>\n<p>\u015awi\u0119ta tu\u017c, tu\u017c. W naszych domach przygotowania id\u0105 pe\u0142n\u0105 par\u0105. My ju\u017c te\u017c jeste\u015bmy prawie gotowi. Bo ju\u017c jutro b\u0119dziemy celebrowa\u0107 najwi\u0119ksze \u015bwi\u0119to jakim jest pojawienie si\u0119 nowego \u017cycia. B\u00f3g stanie si\u0119 cz\u0142onkiem naszej rodziny ludzkiej. To odleg\u0142e wydarzenie jakie mia\u0142o miejsce w Betlejem wyry\u0142o w ka\u017cdym z nas szczeg\u00f3lny znak.<\/p>\n<p>Od wczesnych lat naszego dzieci\u0144stwa te dni raczej przywo\u0142uj\u0105 na pami\u0119\u0107 tylko dobre i ciep\u0142e wspomnienia. \u015anieg, szopka, odwiedziny najbli\u017cszej rodziny, smako\u0142yki na stole i choinka, prezenty. Ale ju\u017c dzi\u015b wiemy, \u017ce te wszystkie elementy s\u0105 nic nie warte dop\u00f3ki nie uwierzymy, \u017ce B\u00f3g przychodz\u0105cy w tym ma\u0142ym Cz\u0142owieku jest w tym wszystkim najwa\u017cniejszy. A to jest bardzo trudne.<\/p>\n<p>Bo przecie\u017c jako ludzie materialni \u017cyj\u0105cy w tym \u015bwiecie mamy przygotowa\u0107 miejsce dla Kogo\u015b kogo tak naprawd\u0119 nie znamy fizycznie.Nie b\u0119dziemy Go mogli dotkn\u0105\u0107, przytuli\u0107, porozmawia\u0107. A, \u017ceby tego by\u0142o ma\u0142o, B\u00f3g wybiera nas aby\u015bmy przez swoj\u0105 wiar\u0119 i \u017cycie dali odczu\u0107 innym ze Jezus jest Zbawicielem. Aby On przez nas dotyka\u0142, przytula\u0142 i rozmawia\u0142.<\/p>\n<p>Czy to mo\u017cliwe? Je\u015bli kolejne \u015bwi\u0119ta sp\u0119dzimy tylko przy stole, telewizorze i w\u015br\u00f3d najbli\u017cszych to nie jest mo\u017cliwe. Potraktujmy narodziny Chrystusa tak jak traktuj\u0105 rodzice i najbli\u017csi pojawienie si\u0119 nowego cz\u0142onka rodziny. \u00a0Znajdzmy czas aby poby\u0107 przy tym dziecku, cieszy\u0107 si\u0119 nim. To z pewno\u015bci\u0105 b\u0119dzie to pierwszy krok do tego, aby nauczy\u0107 si\u0119 Go kocha\u0107 i nauczy\u0107 si\u0119 Jego obecno\u015bci. Zafundujmy wi\u0119c sobie w tym roku wyj\u0105tkowy prezent.Chrystusa, kt\u00f3ry niech stanie si\u0119 naszym domownikiem Chrystusa i Jego obecno\u015b\u0107 w naszym domu i w naszym \u017cyciu.<\/p>\n","protected":false},"excerpt":{"rendered":"<p>Pe\u0142na pokory i prostoty jest pos\u0142uga Maryi, bezpretensjonalna i naturalnie ludzka. Ona sama jest pe\u0142na pokory, bezpretensjonalna i naturalnie ludzka. Mo\u017ce dlatego w\u0142a\u015bnie tak bardo nas zaskakuje i szokuje Jej osoba? B\u00f3g nie chce od nas nadzwyczajnych ofiar, dar\u00f3w, ca\u0142opale\u0144. On obdarzy\u0142 nas wzajemn\u0105 \u017cyczliwo\u015bci\u0105, serdeczno\u015bci\u0105, da\u0142 cz\u0142owiekowi cz\u0142owieka, da\u0142 mu matk\u0119, da\u0142 mu przyjaci\u00f3\u0142, a jakby tego wszystkiego by\u0142o ma\u0142o da\u0142 mu jeszcze i swojego Syna, Boga-Cz\u0142owieka. Maryja umie przyjmowa\u0107 i umie dawa\u0107, rozumie, przyjmuje i daje w spos\u00f3b naturalny i mo\u017ce r\u00f3wnie\u017c dlatego &#8222;b\u0142ogos\u0142awiona jest mi\u0119dzy niewiastami. \u015awi\u0119ta tu\u017c, tu\u017c. W naszych domach przygotowania id\u0105 pe\u0142n\u0105 par\u0105. My ju\u017c te\u017c jeste\u015bmy prawie gotowi. Bo ju\u017c jutro b\u0119dziemy celebrowa\u0107 najwi\u0119ksze \u015bwi\u0119to jakim jest pojawienie si\u0119 nowego \u017cycia. B\u00f3g stanie si\u0119 cz\u0142onkiem naszej rodziny ludzkiej. To odleg\u0142e wydarzenie jakie mia\u0142o miejsce w Betlejem wyry\u0142o w ka\u017cdym z nas szczeg\u00f3lny znak. Od wczesnych lat naszego dzieci\u0144stwa te dni raczej przywo\u0142uj\u0105 na&hellip;<\/p>\n<p> <a class=\"more-link\" href=\"http:\/\/www.franciszek-walcz.pl\/?p=2699\">Czytaj dalej<\/a><\/p>\n","protected":false},"author":1,"featured_media":0,"comment_status":"open","ping_status":"open","sticky":false,"template":"","format":"standard","meta":{"footnotes":""},"categories":[5],"tags":[],"class_list":{"0":"post-2699","1":"post","2":"type-post","3":"status-publish","4":"format-standard","6":"category-artykuly"},"brizy_media":[],"_links":{"self":[{"href":"http:\/\/www.franciszek-walcz.pl\/index.php?rest_route=\/wp\/v2\/posts\/2699","targetHints":{"allow":["GET"]}}],"collection":[{"href":"http:\/\/www.franciszek-walcz.pl\/index.php?rest_route=\/wp\/v2\/posts"}],"about":[{"href":"http:\/\/www.franciszek-walcz.pl\/index.php?rest_route=\/wp\/v2\/types\/post"}],"author":[{"embeddable":true,"href":"http:\/\/www.franciszek-walcz.pl\/index.php?rest_route=\/wp\/v2\/users\/1"}],"replies":[{"embeddable":true,"href":"http:\/\/www.franciszek-walcz.pl\/index.php?rest_route=%2Fwp%2Fv2%2Fcomments&post=2699"}],"version-history":[{"count":1,"href":"http:\/\/www.franciszek-walcz.pl\/index.php?rest_route=\/wp\/v2\/posts\/2699\/revisions"}],"predecessor-version":[{"id":2700,"href":"http:\/\/www.franciszek-walcz.pl\/index.php?rest_route=\/wp\/v2\/posts\/2699\/revisions\/2700"}],"wp:attachment":[{"href":"http:\/\/www.franciszek-walcz.pl\/index.php?rest_route=%2Fwp%2Fv2%2Fmedia&parent=2699"}],"wp:term":[{"taxonomy":"category","embeddable":true,"href":"http:\/\/www.franciszek-walcz.pl\/index.php?rest_route=%2Fwp%2Fv2%2Fcategories&post=2699"},{"taxonomy":"post_tag","embeddable":true,"href":"http:\/\/www.franciszek-walcz.pl\/index.php?rest_route=%2Fwp%2Fv2%2Ftags&post=2699"}],"curies":[{"name":"wp","href":"https:\/\/api.w.org\/{rel}","templated":true}]}}