{"id":27150,"date":"2024-05-18T13:14:32","date_gmt":"2024-05-18T11:14:32","guid":{"rendered":"http:\/\/www.franciszek-walcz.pl\/?p=27150"},"modified":"2024-05-18T13:14:32","modified_gmt":"2024-05-18T11:14:32","slug":"zeslanie-ducha-swietego","status":"publish","type":"post","link":"http:\/\/www.franciszek-walcz.pl\/?p=27150","title":{"rendered":"Zes\u0142anie Ducha \u015awi\u0119tego"},"content":{"rendered":"<p><strong>Tekst Ewangelii (<em>J<\/em>\u00a020,19-23):<\/strong>\u00a0Wieczorem owego pierwszego dnia tygodnia, tam gdzie przebywali uczniowie, gdy drzwi by\u0142y zamkni\u0119te z obawy przed \u017bydami, przyszed\u0142 Jezus, stan\u0105\u0142 po\u015brodku i rzek\u0142 do nich: \u00abPok\u00f3j wam!\u00bb A to powiedziawszy, pokaza\u0142 im r\u0119ce i bok. Uradowali si\u0119 zatem uczniowie ujrzawszy Pana. A Jezus znowu rzek\u0142 do nich: \u00abPok\u00f3j wam! Jak Ojciec Mnie pos\u0142a\u0142, tak i Ja was posy\u0142am\u00bb. Po tych s\u0142owach tchn\u0105\u0142 na nich i powiedzia\u0142 im: \u00abWe\u017amijcie Ducha \u015awi\u0119tego! Kt\u00f3rym odpu\u015bcicie grzechy, s\u0105 im odpuszczone, a kt\u00f3rym zatrzymacie, s\u0105 im zatrzymane\u00bb.<\/p>\n<p><strong><em>\u00abWe\u017amijcie Ducha \u015awi\u0119tego\u00bb<\/em><\/strong><\/p>\n<p>W Dzie\u0144 Zes\u0142ania Ducha \u015awi\u0119tego, spe\u0142nia si\u0119 obietnica, kt\u00f3r\u0105 Chrystus z\u0142o\u017cy\u0142 Aposto\u0142om. Wieczorem w dzie\u0144 Paschy tchn\u0105\u0142 na nich i powiedzia\u0142 im: \u00abWe\u017amijcie Ducha \u015awi\u0119tego\u00bb (J 20,22).<br \/>\nDuch, kt\u00f3rego obwieszcza Jezus, stwarza w uczniu now\u0105 jako\u015b\u0107 cz\u0142owiecze\u0144stwa i tworzy jedno\u015b\u0107. Kiedy pycha ludzi prowadzi ich do rzucenia wyzwania Bogu poprzez zbudowanie wie\u017cy Babel, B\u00f3g miesza ich j\u0119zyki i nie mog\u0105 si\u0119 porozumie\u0107. W Zes\u0142anie Ducha \u015awi\u0119tego dzieje si\u0119 odwrotnie: przez \u0142ask\u0119 Ducha, Aposto\u0142owie mog\u0105 by\u0107 zrozumiani przez ludzi najr\u00f3\u017cniejszych narodowo\u015bci i j\u0119zyk\u00f3w.<\/p>\n<p>Duch \u015awi\u0119ty jest wewn\u0119trznym Mistrzem, kt\u00f3ry prowadzi ucznia do prawdy, kt\u00f3ry sk\u0142ania go do czynienia dobra, kt\u00f3ry go pociesza w b\u00f3lu, kt\u00f3ry przemienia go od wewn\u0105trz, daj\u0105c mu now\u0105 si\u0142\u0119 i nowe zdolno\u015bci.<br \/>\nPierwszego dnia Zes\u0142ania ery chrze\u015bcija\u0144skiej, Aposto\u0142owie byli zgromadzeni w towarzystwie Maryi i modlili si\u0119. Skupienie, postawa modlitewna s\u0105 nieodzowne, aby otrzyma\u0107 Ducha. \u00abNagle da\u0142 si\u0119 s\u0142ysze\u0107 z nieba szum, jakby uderzenie gwa\u0142townego wiatru, i nape\u0142ni\u0142 ca\u0142y dom, w kt\u00f3rym przebywali. Ukaza\u0142y si\u0119 im te\u017c j\u0119zyki jakby z ognia, kt\u00f3re si\u0119 rozdzieli\u0142y, i na ka\u017cdym z nich spocz\u0105\u0142 jeden\u00bb (Dz 2,2-3).<br \/>\nWszyscy nape\u0142nili si\u0119 Duchem \u015awi\u0119tym i zacz\u0119li odwa\u017cnie g\u0142osi\u0107. Ci przera\u017ceni ludzie zostali przemienieni w odwa\u017cnych g\u0142osicieli, kt\u00f3rzy nie bali si\u0119 wi\u0119zienia, tortur, ani m\u0119cze\u0144stwa. Nie jest to dziwne; by\u0142a w nich moc Ducha.<\/p>\n<p>Duch \u015awi\u0119ty, Trzecia Osoba Przenaj\u015bwi\u0119tszej Tr\u00f3jcy, jest dusz\u0105 mojej duszy, \u017cyciem mojego \u017cycia, istnieniem mojego istnienia; u\u015bwi\u0119ca mnie, jest go\u015bciem najg\u0142\u0119bszego wn\u0119trza mojej osoby. Aby osi\u0105gn\u0105\u0107 dojrza\u0142o\u015b\u0107 w \u017cyciu wiary, konieczne jest, by relacja z Nim by\u0142a coraz bardziej \u015bwiadoma, bardziej osobista. \u015awi\u0119tuj\u0105c Zes\u0142anie Ducha, otw\u00f3rzmy na o\u015bcie\u017c drzwi naszego wn\u0119trza.<\/p>\n","protected":false},"excerpt":{"rendered":"<p>Tekst Ewangelii (J\u00a020,19-23):\u00a0Wieczorem owego pierwszego dnia tygodnia, tam gdzie przebywali uczniowie, gdy drzwi by\u0142y zamkni\u0119te z obawy przed \u017bydami, przyszed\u0142 Jezus, stan\u0105\u0142 po\u015brodku i rzek\u0142 do nich: \u00abPok\u00f3j wam!\u00bb A to powiedziawszy, pokaza\u0142 im r\u0119ce i bok. Uradowali si\u0119 zatem uczniowie ujrzawszy Pana. A Jezus znowu rzek\u0142 do nich: \u00abPok\u00f3j wam! Jak Ojciec Mnie pos\u0142a\u0142, tak i Ja was posy\u0142am\u00bb. Po tych s\u0142owach tchn\u0105\u0142 na nich i powiedzia\u0142 im: \u00abWe\u017amijcie Ducha \u015awi\u0119tego! Kt\u00f3rym odpu\u015bcicie grzechy, s\u0105 im odpuszczone, a kt\u00f3rym zatrzymacie, s\u0105 im zatrzymane\u00bb. \u00abWe\u017amijcie Ducha \u015awi\u0119tego\u00bb W Dzie\u0144 Zes\u0142ania Ducha \u015awi\u0119tego, spe\u0142nia si\u0119 obietnica, kt\u00f3r\u0105 Chrystus z\u0142o\u017cy\u0142 Aposto\u0142om. Wieczorem w dzie\u0144 Paschy tchn\u0105\u0142 na nich i powiedzia\u0142 im: \u00abWe\u017amijcie Ducha \u015awi\u0119tego\u00bb (J 20,22). Duch, kt\u00f3rego obwieszcza Jezus, stwarza w uczniu now\u0105 jako\u015b\u0107 cz\u0142owiecze\u0144stwa i tworzy jedno\u015b\u0107. Kiedy pycha ludzi prowadzi ich do rzucenia wyzwania Bogu poprzez zbudowanie wie\u017cy Babel, B\u00f3g miesza ich j\u0119zyki i nie mog\u0105 si\u0119 porozumie\u0107. W&hellip;<\/p>\n<p> <a class=\"more-link\" href=\"http:\/\/www.franciszek-walcz.pl\/?p=27150\">Czytaj dalej<\/a><\/p>\n","protected":false},"author":1,"featured_media":0,"comment_status":"closed","ping_status":"closed","sticky":false,"template":"","format":"standard","meta":{"footnotes":""},"categories":[5],"tags":[],"class_list":{"0":"post-27150","1":"post","2":"type-post","3":"status-publish","4":"format-standard","6":"category-artykuly"},"brizy_media":[],"_links":{"self":[{"href":"http:\/\/www.franciszek-walcz.pl\/index.php?rest_route=\/wp\/v2\/posts\/27150","targetHints":{"allow":["GET"]}}],"collection":[{"href":"http:\/\/www.franciszek-walcz.pl\/index.php?rest_route=\/wp\/v2\/posts"}],"about":[{"href":"http:\/\/www.franciszek-walcz.pl\/index.php?rest_route=\/wp\/v2\/types\/post"}],"author":[{"embeddable":true,"href":"http:\/\/www.franciszek-walcz.pl\/index.php?rest_route=\/wp\/v2\/users\/1"}],"replies":[{"embeddable":true,"href":"http:\/\/www.franciszek-walcz.pl\/index.php?rest_route=%2Fwp%2Fv2%2Fcomments&post=27150"}],"version-history":[{"count":1,"href":"http:\/\/www.franciszek-walcz.pl\/index.php?rest_route=\/wp\/v2\/posts\/27150\/revisions"}],"predecessor-version":[{"id":27151,"href":"http:\/\/www.franciszek-walcz.pl\/index.php?rest_route=\/wp\/v2\/posts\/27150\/revisions\/27151"}],"wp:attachment":[{"href":"http:\/\/www.franciszek-walcz.pl\/index.php?rest_route=%2Fwp%2Fv2%2Fmedia&parent=27150"}],"wp:term":[{"taxonomy":"category","embeddable":true,"href":"http:\/\/www.franciszek-walcz.pl\/index.php?rest_route=%2Fwp%2Fv2%2Fcategories&post=27150"},{"taxonomy":"post_tag","embeddable":true,"href":"http:\/\/www.franciszek-walcz.pl\/index.php?rest_route=%2Fwp%2Fv2%2Ftags&post=27150"}],"curies":[{"name":"wp","href":"https:\/\/api.w.org\/{rel}","templated":true}]}}