{"id":27245,"date":"2024-05-25T21:44:37","date_gmt":"2024-05-25T19:44:37","guid":{"rendered":"http:\/\/www.franciszek-walcz.pl\/?p=27245"},"modified":"2024-05-25T21:44:37","modified_gmt":"2024-05-25T19:44:37","slug":"27245","status":"publish","type":"post","link":"http:\/\/www.franciszek-walcz.pl\/?p=27245","title":{"rendered":""},"content":{"rendered":"<p align=\"right\"><span style=\"font-family: Arial;\"><span style=\"font-size: medium;\">Warszawa, 23 maja 2024 roku<\/span><\/span><\/p>\n<p><span style=\"font-family: Arial;\"><span style=\"font-size: medium;\">L. dz. 465\/DP\/2024<\/span><\/span><\/p>\n<p>&nbsp;<\/p>\n<p align=\"center\"><span style=\"font-family: Arial;\"><span style=\"font-size: medium;\"><b>DYSPENSA<\/b><\/span><\/span><\/p>\n<p align=\"justify\"><span style=\"font-family: Arial;\"><span style=\"font-size: medium;\">Bior\u0105c pod uwag\u0119 dobro duchowe wiernych, a tak\u017ce fakt, \u017ce czas tradycyjnej Oktawy Bo\u017cego Cia\u0142a sprzyja umacnianiu wzajemnych relacji poprzez organizowane spotkania w gronie rodziny i przyjaci\u00f3\u0142, na podstawie kan. 87 \u00a71 Kodeksu Prawa Kanonicznego niniejszym udzielam wszystkim wiernym Ordynariatu Polowego w Polsce dyspensy od obowi\u0105zku zachowania wstrzemi\u0119\u017aliwo\u015bci od spo\u017cywania pokarm\u00f3w mi\u0119snych, wynikaj\u0105cego z\u00a0kan.\u00a01251 KPK, <\/span><\/span><span style=\"font-family: Arial;\"><span style=\"font-size: medium;\">w pi\u0105tek 31 maja 2024 roku.<\/span><\/span><\/p>\n<p align=\"justify\"><span style=\"font-family: Arial;\"><span style=\"font-size: medium;\">Jednocze\u015bnie osoby korzystaj\u0105ce z dyspensy zach\u0119cam do modlitwy<br \/>\ni podj\u0119cia uczynk\u00f3w chrze\u015bcija\u0144skiego mi\u0142osierdzia. <\/span><\/span><b> <\/b><\/p>\n<p align=\"justify\"><span style=\"font-family: Arial;\"><span style=\"font-size: medium;\"><b><br \/>\nZ pasterskim b\u0142ogos\u0142awie\u0144stwem<\/b><\/span><\/span><\/p>\n<p><span style=\"font-family: Arial;\"><span style=\"font-size: medium;\"><b>bp Wies\u0142aw LECHOWICZ <\/b><\/span><\/span><\/p>\n<p align=\"center\"><span style=\"font-family: Arial;\"><span style=\"font-size: medium;\"><b>ks. mjr dr Rafa\u0142 KANIECKI<\/b><\/span><\/span><\/p>\n<p align=\"center\"><span style=\"font-family: Arial;\"><span style=\"font-size: medium;\">kanclerz<\/span><\/span><\/p>\n<p align=\"justify\">\n","protected":false},"excerpt":{"rendered":"<p>Warszawa, 23 maja 2024 roku L. dz. 465\/DP\/2024 &nbsp; DYSPENSA Bior\u0105c pod uwag\u0119 dobro duchowe wiernych, a tak\u017ce fakt, \u017ce czas tradycyjnej Oktawy Bo\u017cego Cia\u0142a sprzyja umacnianiu wzajemnych relacji poprzez organizowane spotkania w gronie rodziny i przyjaci\u00f3\u0142, na podstawie kan. 87 \u00a71 Kodeksu Prawa Kanonicznego niniejszym udzielam wszystkim wiernym Ordynariatu Polowego w Polsce dyspensy od obowi\u0105zku zachowania wstrzemi\u0119\u017aliwo\u015bci od spo\u017cywania pokarm\u00f3w mi\u0119snych, wynikaj\u0105cego z\u00a0kan.\u00a01251 KPK, w pi\u0105tek 31 maja 2024 roku. Jednocze\u015bnie osoby korzystaj\u0105ce z dyspensy zach\u0119cam do modlitwy i podj\u0119cia uczynk\u00f3w chrze\u015bcija\u0144skiego mi\u0142osierdzia. Z pasterskim b\u0142ogos\u0142awie\u0144stwem bp Wies\u0142aw LECHOWICZ ks. mjr dr Rafa\u0142 KANIECKI kanclerz<\/p>\n","protected":false},"author":1,"featured_media":0,"comment_status":"closed","ping_status":"closed","sticky":false,"template":"","format":"standard","meta":{"footnotes":""},"categories":[5],"tags":[],"class_list":{"0":"post-27245","1":"post","2":"type-post","3":"status-publish","4":"format-standard","6":"category-artykuly"},"brizy_media":[],"_links":{"self":[{"href":"http:\/\/www.franciszek-walcz.pl\/index.php?rest_route=\/wp\/v2\/posts\/27245","targetHints":{"allow":["GET"]}}],"collection":[{"href":"http:\/\/www.franciszek-walcz.pl\/index.php?rest_route=\/wp\/v2\/posts"}],"about":[{"href":"http:\/\/www.franciszek-walcz.pl\/index.php?rest_route=\/wp\/v2\/types\/post"}],"author":[{"embeddable":true,"href":"http:\/\/www.franciszek-walcz.pl\/index.php?rest_route=\/wp\/v2\/users\/1"}],"replies":[{"embeddable":true,"href":"http:\/\/www.franciszek-walcz.pl\/index.php?rest_route=%2Fwp%2Fv2%2Fcomments&post=27245"}],"version-history":[{"count":1,"href":"http:\/\/www.franciszek-walcz.pl\/index.php?rest_route=\/wp\/v2\/posts\/27245\/revisions"}],"predecessor-version":[{"id":27246,"href":"http:\/\/www.franciszek-walcz.pl\/index.php?rest_route=\/wp\/v2\/posts\/27245\/revisions\/27246"}],"wp:attachment":[{"href":"http:\/\/www.franciszek-walcz.pl\/index.php?rest_route=%2Fwp%2Fv2%2Fmedia&parent=27245"}],"wp:term":[{"taxonomy":"category","embeddable":true,"href":"http:\/\/www.franciszek-walcz.pl\/index.php?rest_route=%2Fwp%2Fv2%2Fcategories&post=27245"},{"taxonomy":"post_tag","embeddable":true,"href":"http:\/\/www.franciszek-walcz.pl\/index.php?rest_route=%2Fwp%2Fv2%2Ftags&post=27245"}],"curies":[{"name":"wp","href":"https:\/\/api.w.org\/{rel}","templated":true}]}}