{"id":27267,"date":"2024-05-25T21:57:17","date_gmt":"2024-05-25T19:57:17","guid":{"rendered":"http:\/\/www.franciszek-walcz.pl\/?p=27267"},"modified":"2024-05-25T21:59:23","modified_gmt":"2024-05-25T19:59:23","slug":"swieto-trojcy-przenajswietszej","status":"publish","type":"post","link":"http:\/\/www.franciszek-walcz.pl\/?p=27267","title":{"rendered":"\u015awi\u0119to Tr\u00f3jcy Przenaj\u015bwi\u0119tszej"},"content":{"rendered":"<p class=\"western\">Tekst Ewangelii (Mt\u00a028,16-20):\u00a0Jedenastu za\u015b uczni\u00f3w uda\u0142o si\u0119 do Galilei na g\u00f3r\u0119, tam gdzie Jezus im poleci\u0142. A gdy Go ujrzeli, oddali Mu pok\u0142on. Niekt\u00f3rzy jednak w\u0105tpili. Wtedy Jezus podszed\u0142 do nich i przem\u00f3wi\u0142 tymi s\u0142owami: \u00abDana Mi jest wszelka w\u0142adza w niebie i na ziemi. Id\u017acie wi\u0119c i nauczajcie wszystkie narody, udzielaj\u0105c im chrztu w imi\u0119 Ojca i Syna, i Ducha \u015awi\u0119tego. Uczcie je zachowywa\u0107 wszystko, co wam przykaza\u0142em. A oto Ja jestem z wami przez wszystkie dni, a\u017c do sko\u0144czenia \u015bwiata\u00bb.<\/p>\n<p class=\"western\"><strong>\u00abId\u017acie wi\u0119c i nauczajcie wszystkie narody, udzielaj\u0105c im chrztu w imi\u0119 Ojca i Syna, i Ducha \u015awi\u0119tego\u00bb<\/strong><\/p>\n<p class=\"western\">Dzisiaj liturgia zaprasza nas do adoracji Przenaj\u015bwi\u0119tszej Tr\u00f3jcy, naszego Boga, kt\u00f3ry jest Ojcem, Synem i Duchem \u015awi\u0119tym. Jedyny B\u00f3g w trzech Osobach, w imi\u0119 kt\u00f3rego zostali\u015bmy ochrzczeni. Przez \u0142ask\u0119 Chrztu jeste\u015bmy wezwani do udzia\u0142u w \u017cyciu Naj\u015bwi\u0119tszej Tr\u00f3jcy, tutaj nisko w ciemno\u015bci wiary i potem, po \u015bmierci, w \u017cyciu wiecznym. W Sakramencie Chrztu otrzymali\u015bmy udzia\u0142 w \u017cyciu bo\u017cym, tak by\u015bmy si\u0119 stali synami Boga Ojca, bra\u0107mi Chrystusa i \u015bwi\u0105tyniami Ducha \u015awi\u0119tego. Przez Chrzest rozpocz\u0119\u0142o si\u0119 nasze chrze\u015bcija\u0144skie \u017cycie, otrzymali\u015bmy powo\u0142anie do \u015bwi\u0119to\u015bci. Chrzest sprawia, \u017ce nale\u017cymy do Tego, kt\u00f3ry Sam jest \u015awi\u0119ty.<\/p>\n<p>Dar \u015bwi\u0119to\u015bci otrzymany w Chrzcie \u015awi\u0119tym wymaga wierno\u015bci ewangelicznemu nawr\u00f3ceniu, na kt\u00f3re ma by\u0107 nastawione ca\u0142e \u017cycie syn\u00f3w Boga: \u00abAlbowiem wol\u0105 Bo\u017c\u0105 jest wasze u\u015bwi\u0119cenie\u00bb (1Tes 4,3). To zobowi\u0105zanie dotyczy wszystkich ochrzczonych. \u00abWszyscy chrze\u015bcijanie jakiegokolwiek stanu i zawodu powo\u0142ani s\u0105 do pe\u0142ni \u017cycia chrze\u015bcija\u0144skiego i do doskona\u0142o\u015bci mi\u0142o\u015bci\u00bb (Konstucja dogmatyczna o Ko\u015bciele, Lumen gentium, n. 40).<\/p>\n<p>Je\u015bli nasz Chrzest by\u0142 prawdziwym wej\u015bciem do \u015bwi\u0119to\u015bci Boga, nie mo\u017cemy zadowala\u0107 si\u0119 w \u017cyciu chrze\u015bcijanina mierno\u015bci\u0105, rutyn\u0105 i powierzchowno\u015bci\u0105. Jeste\u015bmy wezwani do doskona\u0142o\u015bci w mi\u0142o\u015bci, poniewa\u017c Chrzest wprowadzi\u0142 nas w \u017cycie w blisko\u015bci z mi\u0142o\u015bci\u0105 Boga.<\/p>\n<p>Z g\u0142\u0119bok\u0105 wdzi\u0119czno\u015bci\u0105 za ten dar naszego Boga, kt\u00f3ry zaprosi\u0142 nas do udzia\u0142u w swej mi\u0142o\u015bci, adorujmy Go i wychwalajmy, dzisiaj i na wieki. \u00abNiech b\u0119dzie b\u0142ogos\u0142awiony B\u00f3g Ojciec, Syn Bo\u017cy i Duch \u015awi\u0119ty, kt\u00f3ry zmi\u0142owa\u0142 si\u0119 nad nami\u00bb.<\/p>\n","protected":false},"excerpt":{"rendered":"<p>Tekst Ewangelii (Mt\u00a028,16-20):\u00a0Jedenastu za\u015b uczni\u00f3w uda\u0142o si\u0119 do Galilei na g\u00f3r\u0119, tam gdzie Jezus im poleci\u0142. A gdy Go ujrzeli, oddali Mu pok\u0142on. Niekt\u00f3rzy jednak w\u0105tpili. Wtedy Jezus podszed\u0142 do nich i przem\u00f3wi\u0142 tymi s\u0142owami: \u00abDana Mi jest wszelka w\u0142adza w niebie i na ziemi. Id\u017acie wi\u0119c i nauczajcie wszystkie narody, udzielaj\u0105c im chrztu w imi\u0119 Ojca i Syna, i Ducha \u015awi\u0119tego. Uczcie je zachowywa\u0107 wszystko, co wam przykaza\u0142em. A oto Ja jestem z wami przez wszystkie dni, a\u017c do sko\u0144czenia \u015bwiata\u00bb. \u00abId\u017acie wi\u0119c i nauczajcie wszystkie narody, udzielaj\u0105c im chrztu w imi\u0119 Ojca i Syna, i Ducha \u015awi\u0119tego\u00bb Dzisiaj liturgia zaprasza nas do adoracji Przenaj\u015bwi\u0119tszej Tr\u00f3jcy, naszego Boga, kt\u00f3ry jest Ojcem, Synem i Duchem \u015awi\u0119tym. Jedyny B\u00f3g w trzech Osobach, w imi\u0119 kt\u00f3rego zostali\u015bmy ochrzczeni. Przez \u0142ask\u0119 Chrztu jeste\u015bmy wezwani do udzia\u0142u w \u017cyciu Naj\u015bwi\u0119tszej Tr\u00f3jcy, tutaj nisko w ciemno\u015bci wiary i potem, po \u015bmierci, w \u017cyciu wiecznym. W&hellip;<\/p>\n<p> <a class=\"more-link\" href=\"http:\/\/www.franciszek-walcz.pl\/?p=27267\">Czytaj dalej<\/a><\/p>\n","protected":false},"author":1,"featured_media":0,"comment_status":"closed","ping_status":"closed","sticky":false,"template":"","format":"standard","meta":{"footnotes":""},"categories":[5],"tags":[],"class_list":{"0":"post-27267","1":"post","2":"type-post","3":"status-publish","4":"format-standard","6":"category-artykuly"},"brizy_media":[],"_links":{"self":[{"href":"http:\/\/www.franciszek-walcz.pl\/index.php?rest_route=\/wp\/v2\/posts\/27267","targetHints":{"allow":["GET"]}}],"collection":[{"href":"http:\/\/www.franciszek-walcz.pl\/index.php?rest_route=\/wp\/v2\/posts"}],"about":[{"href":"http:\/\/www.franciszek-walcz.pl\/index.php?rest_route=\/wp\/v2\/types\/post"}],"author":[{"embeddable":true,"href":"http:\/\/www.franciszek-walcz.pl\/index.php?rest_route=\/wp\/v2\/users\/1"}],"replies":[{"embeddable":true,"href":"http:\/\/www.franciszek-walcz.pl\/index.php?rest_route=%2Fwp%2Fv2%2Fcomments&post=27267"}],"version-history":[{"count":3,"href":"http:\/\/www.franciszek-walcz.pl\/index.php?rest_route=\/wp\/v2\/posts\/27267\/revisions"}],"predecessor-version":[{"id":27281,"href":"http:\/\/www.franciszek-walcz.pl\/index.php?rest_route=\/wp\/v2\/posts\/27267\/revisions\/27281"}],"wp:attachment":[{"href":"http:\/\/www.franciszek-walcz.pl\/index.php?rest_route=%2Fwp%2Fv2%2Fmedia&parent=27267"}],"wp:term":[{"taxonomy":"category","embeddable":true,"href":"http:\/\/www.franciszek-walcz.pl\/index.php?rest_route=%2Fwp%2Fv2%2Fcategories&post=27267"},{"taxonomy":"post_tag","embeddable":true,"href":"http:\/\/www.franciszek-walcz.pl\/index.php?rest_route=%2Fwp%2Fv2%2Ftags&post=27267"}],"curies":[{"name":"wp","href":"https:\/\/api.w.org\/{rel}","templated":true}]}}