{"id":27295,"date":"2024-05-29T22:29:41","date_gmt":"2024-05-29T20:29:41","guid":{"rendered":"http:\/\/www.franciszek-walcz.pl\/?p=27295"},"modified":"2024-05-29T22:29:41","modified_gmt":"2024-05-29T20:29:41","slug":"uroczystosc-najswietszego-ciala-i-krwi-panskiej","status":"publish","type":"post","link":"http:\/\/www.franciszek-walcz.pl\/?p=27295","title":{"rendered":"Uroczysto\u015b\u0107 Naj\u015bwi\u0119tszego Cia\u0142a i Krwi Pa\u0144skiej"},"content":{"rendered":"<p><em>W pierwszy dzie\u0144 Prza\u015bnik\u00f3w, kiedy ofiarowano Pasch\u0119, zapytali Jezusa Jego uczniowie: \u201eGdzie chcesz, aby\u015bmy poszli poczyni\u0107 przygotowania, \u017ceby\u015b m\u00f3g\u0142 spo\u017cy\u0107 Pasch\u0119?\u201d I pos\u0142a\u0142 dw\u00f3ch spo\u015br\u00f3d swoich uczni\u00f3w z tym poleceniem: \u201eId\u017acie do miasta, a spotka si\u0119 z wami cz\u0142owiek, nios\u0105cy dzban wody. Id\u017acie za nim i tam, gdzie wejdzie, powiedzcie gospodarzowi: \u00abNauczyciel pyta: Gdzie jest dla Mnie izba, w kt\u00f3rej m\u00f3g\u0142bym spo\u017cy\u0107 Pasch\u0119 z moimi uczniami?\u00bb On wska\u017ce wam na g\u00f3rze sal\u0119 du\u017c\u0105, us\u0142an\u0105 i gotow\u0105. Tam przygotujcie dla nas\u201d. Uczniowie wybrali si\u0119 i przyszli do miasta, gdzie znale\u017ali, tak jak im powiedzia\u0142, i przygotowali Pasch\u0119. A gdy jedli, wzi\u0105\u0142 chleb, odm\u00f3wi\u0142 b\u0142ogos\u0142awie\u0144stwo, po\u0142ama\u0142 go i da\u0142 im m\u00f3wi\u0105c: \u201eBierzcie, to jest Cia\u0142o moje\u201d. Potem wzi\u0105\u0142 kielich i odm\u00f3wiwszy dzi\u0119kczynienie da\u0142 im, i pili z niego wszyscy. I rzek\u0142 do nich: \u201eTo jest moja Krew Przymierza, kt\u00f3ra za wielu b\u0119dzie wylana. Zaprawd\u0119 powiadam wam: Odt\u0105d nie b\u0119d\u0119 ju\u017c pi\u0142 z owocu winnego krzewu a\u017c do owego dnia, kiedy pi\u0107 go b\u0119d\u0119 nowy w kr\u00f3lestwie Bo\u017cym\u201d. Po od\u015bpiewaniu hymnu wyszli w stron\u0119 G\u00f3ry Oliwnej (Mk 14,12-16.22-26)<\/em>.<\/p>\n<p>Ksi\u0119\u017ca cz\u0119sto na kazaniach przy okazji uroczysto\u015bci Bo\u017cego Cia\u0142a opowiadaj\u0105 histori\u0119 o jednym wiejskim proboszczu, kt\u00f3ry przygotowywa\u0142 w swojej parafii procesj\u0119 Bo\u017cego Cia\u0142a. Nabiega\u0142 si\u0119 przy tym, ale zadba\u0142 o wszystko pi\u0119knie. By\u0142y przygotowane dziewczynki, kt\u00f3re mia\u0142y sypa\u0107 kwiatki, byli te\u017c panowie, kt\u00f3rzy nie\u015bli baldachim, by\u0142y osoby do niesienia figur i chor\u0105gwi. By\u0142a te\u017c przygotowana asysta ministrant\u00f3w. Zapomnia\u0142 jednak o pewnej czynno\u015bci. Gdy wyruszali ju\u017c z procesj\u0105 jeden ministrant pr\u00f3bowa\u0142 co\u015b powiedzie\u0107 ksi\u0119dzu proboszczowi, ale ten odburkn\u0105\u0142 do niego, aby mu nie zawraca\u0142 g\u0142owy. P\u00f3\u017aniej jeszcze kilkakrotnie pr\u00f3bowa\u0142 co\u015b powiedzie\u0107 swojemu proboszczowi, ale ten nie dawa\u0142 mu takiej mo\u017cliwo\u015bci. W ko\u0144cu ch\u0142opiec nie wytrzyma\u0142, podbieg\u0142 i g\u0142o\u015bno krzykn\u0105\u0142: ksi\u0119\u017ce proboszczu, zapomnia\u0142 ksi\u0105dz w\u0142o\u017cy\u0107 do monstrancji samego Pana Jezusa\u2026 Z tego wszystkiego zapomnia\u0142 o jednej czynno\u015bci, o wystawieniu Naj\u015bwi\u0119tszego Sakramentu. Zapomnia\u0142 o najwa\u017cniejszym. Bo dzi\u015b najwa\u017cniejszy jest tu Pan Jezus.<\/p>\n<p>W Ewangelii s\u0142yszymy dzi\u015b polecenie Pana Jezusa, kt\u00f3ry posy\u0142a uczni\u00f3w, aby przygotowali wszystko do pierwszej Mszy \u015bwi\u0119tej, do Ostatniej Wieczerzy. Mieli przygotowa\u0107 na Eucharysti\u0119\u00a0sal\u0119 du\u017c\u0105, us\u0142an\u0105 i gotow\u0105\u00a0(Mk 14, 15).<\/p>\n<p>Eucharystia w Ko\u015bciele jest sercem. Jest \u017arenic\u0105 oka Ko\u015bcio\u0142a. Ko\u015bci\u00f3\u0142 \u017cyje dzi\u0119ki Eucharystii. W niej zawiera si\u0119 ca\u0142e dobro duchowe Ko\u015bcio\u0142a . Eucharystia stanowi Ko\u015bci\u00f3\u0142. Nale\u017cy do jego istoty. Od pocz\u0105tku te\u017c Eucharystia jest najwa\u017cniejsz\u0105 czynno\u015bci\u0105 Ko\u015bcio\u0142a.<\/p>\n<p>Dlatego te\u017c chrze\u015bcijanie od pocz\u0105tku dok\u0142adali ju\u017c stara\u0144, aby sprawowa\u0107 Eucharysti\u0119 i pi\u0119knie i godnie. Zawsze starannie przygotowywali Msz\u0119 \u015bwi\u0119t\u0105 i do niej si\u0119 te\u017c starannie przygotowywali. Trzeba pami\u0119ta\u0107, \u017ce na pocz\u0105tku w Cesarstwie Rzymskim i w Izraelu niedziela \u2013 pierwszy dzie\u0144 tygodnia \u2013 by\u0142 zwyczajnym dniem pracuj\u0105cym. St\u0105d te\u017c chrze\u015bcijanie potrzebowali szczeg\u00f3lnej mobilizacji, aby znale\u017a\u0107 czas i p\u00f3j\u015b\u0107 na Eucharysti\u0119. Msz\u0119 \u015bwi\u0119t\u0105 na pocz\u0105tku musieli najcz\u0119\u015bciej sprawowa\u0107 w nocy. Albo by\u0142a to noc po szabacie albo noc po pierwszym dniu tygodnia. Dodatkowo musieli jeszcze uwa\u017ca\u0107, bo by\u0142o to zakazane a oni prze\u015bladowani. Ale odwa\u017cnie przychodzili.<\/p>\n<p>Warto przy tej okazji przytoczy\u0107 histori\u0119 chrze\u015bcijan m\u0119czennik\u00f3w z Abiteny z IV wieku, w P\u00f3\u0142nocnej Afryce (dzi\u015b Tunezja), kt\u00f3rzy zostali zatrzymani podczas sprawowania Mszy \u015bwi\u0119tej w prywatnym domu. Tak bowiem wtedy sprawowali, w domu zacnych chrze\u015bcijan mieli wyznaczon\u0105 jedn\u0105 sal\u0119. \u017bo\u0142nierze powiedzieli do nich: Zakazali\u015bmy wam tego, a wy nadal to robicie? W odpowiedzi kap\u0142an Saturnin powiedzia\u0142:\u00a0Nie mo\u017cemy istnie\u0107 bez niedzieli, bez Dnia Pa\u0144skiego, bez tego, co z naszym Panem jest zwi\u0105zane.<\/p>\n<p>A dzisiaj ilu z nas ze spokojem mo\u017ce stwierdzi\u0107, \u017ce my nie potrafimy \u017cy\u0107 bez niedzieli, bez tego, co zwi\u0105zane jest z Panem.<\/p>\n<p>Zwr\u00f3\u0107my dzi\u015b uwag\u0119 na s\u0142owa Jezusa z Ewangelii: Przygotujcie\u00a0sal\u0119 du\u017c\u0105, us\u0142an\u0105 i gotow\u0105\u00a0(Mk 14, 15). One pokazuj\u0105, \u017ce Jezusowi zale\u017cy na odpowiednim przygotowaniu do Mszy \u015bwi\u0119tej. Trzeba przygotowa\u0107 odpowiednie miejsce, na tym miejscu ma te\u017c by\u0107 wszystko nale\u017cycie przygotowane. Czyli trzeba przygotowa\u0107 ko\u015bci\u00f3\u0142 jako miejsce celebracji. Ale te\u017c trzeba przygotowa\u0107 siebie. Musimy przygotowa\u0107 nasze serca przez spowied\u017a \u015bwi\u0119t\u0105, musimy r\u00f3wnie\u017c jako\u015b zewn\u0119trznie wygl\u0105da\u0107. Nasz ubi\u00f3r ma by\u0107 od\u015bwi\u0119tny.<\/p>\n<p>Sala du\u017ca, us\u0142ana i gotowa (por. Mk 14, 15). To ma by\u0107 nasz ko\u015bci\u00f3\u0142 parafialny. Nie brakuje dyskusji, jak maj\u0105 wygl\u0105da\u0107 i jak maj\u0105 by\u0107 wyposa\u017cone nasze ko\u015bcio\u0142y. My\u015bl\u0119, \u017ce w tej kwestii warto wzi\u0105\u0107 pod uwag\u0119 powiedzenie:\u00a0Historia magistra vitae est\u00a0[Historia jest nauczycielk\u0105 \u017cycia]. Ludzie \u015bredniowiecza budowali ko\u015bcio\u0142y strzeliste, wzniesione do Boga, aby pokre\u015bli\u0107, \u017ce cz\u0142owiek ma by\u0107 zwr\u00f3cony do Boga. Ludzie baroku budowali pi\u0119kne ko\u015bcio\u0142y op\u0142ywaj\u0105ce w bogactwa. Zawsze by\u0142y one dostojne. I to jest wynik wiary. Przekonanie, \u017ce ko\u015bci\u00f3\u0142 to dom Boga i brama do nieba.<\/p>\n<p>Ciekawe jest, \u017ce bogacze twierdz\u0105, \u017ce ko\u015bcio\u0142y maj\u0105 by\u0107 ubogie, a oni sami op\u0142ywaj\u0105 w bogactwa i \u017cyj\u0105 w pa\u0142acach. A ubodzy za\u015b maj\u0105 ma\u0142o w domach, a chc\u0105 za to, aby w ko\u015bciele by\u0142o bogato, \u0142adnie, godnie. Czy B\u00f3g potrzebuje bogatych wn\u0119trz w ko\u015bcio\u0142ach? To bardziej kwestia naszej wiary, naszego podej\u015bcia. Jak nam na kim\u015b zale\u017cy, to nasz stosunek do niego jest inny, szczeg\u00f3lny. Przez analogi\u0119 to si\u0119 tyczy r\u00f3wnie\u017c Pana Boga.<\/p>\n<p>R\u00f3wnie wa\u017cne s\u0105 nasze serce, z kt\u00f3rymi przychodzimy na Eucharysti\u0119. Maj\u0105 by\u0107, w stanie \u0142aski u\u015bwi\u0119caj\u0105cej. Oto pewna pani , kiedy idzie w go\u015bci, to ju\u017c od drzwi m\u00f3wi: Nie stawiajcie mi talerzyka, bo nie b\u0119d\u0119 jad\u0142a. Bez sensu. Kto\u015b si\u0119 naszykuje, a ona nie chce nawet spr\u00f3bowa\u0107.<\/p>\n<p>Dlatego nie mo\u017cna gardzi\u0107 Komuni\u0105 \u015bwi\u0119t\u0105. Pomy\u015ble\u0107 zawsze o tym, \u017ce idziemy na Msze \u015bwi\u0119t\u0105 i si\u0119 do tego przygotowa\u0107.<\/p>\n<p>W dzisiejsz\u0105 uroczysto\u015b\u0107 chodzi o to, aby nie przegapi\u0107 Tego, kt\u00f3ry jest najwa\u017cniejszy \u2013 Chrystusa. Pewien ojciec duchowny , kt\u00f3ry \u0107wiczy\u0142 kleryk\u00f3w w asystach, aby \u0142adnie przy biskupie s\u0142u\u017cyli przy o\u0142tarzu, mia\u0142 w zwyczaju m\u00f3wi\u0107: Staraj si\u0119 wszystko \u0142adnie robi\u0107, ale najwa\u017cniejsze jest, aby\u015b tym, co robisz podczas Mszy \u015bwi\u0119tej potrafi\u0142 si\u0119 modli\u0107.<\/p>\n<p>Nie stra\u0107my tego, co najwa\u017cniejsze. Ukochajmy Eucharysti\u0119. I zawsze troszczmy si\u0119 o to, aby dba\u0107 o t\u0119 ewangeliczn\u0105 sal\u0119 na g\u00f3rze:\u00a0du\u017c\u0105, us\u0142an\u0105 i gotow\u0105<\/p>\n","protected":false},"excerpt":{"rendered":"<p>W pierwszy dzie\u0144 Prza\u015bnik\u00f3w, kiedy ofiarowano Pasch\u0119, zapytali Jezusa Jego uczniowie: \u201eGdzie chcesz, aby\u015bmy poszli poczyni\u0107 przygotowania, \u017ceby\u015b m\u00f3g\u0142 spo\u017cy\u0107 Pasch\u0119?\u201d I pos\u0142a\u0142 dw\u00f3ch spo\u015br\u00f3d swoich uczni\u00f3w z tym poleceniem: \u201eId\u017acie do miasta, a spotka si\u0119 z wami cz\u0142owiek, nios\u0105cy dzban wody. Id\u017acie za nim i tam, gdzie wejdzie, powiedzcie gospodarzowi: \u00abNauczyciel pyta: Gdzie jest dla Mnie izba, w kt\u00f3rej m\u00f3g\u0142bym spo\u017cy\u0107 Pasch\u0119 z moimi uczniami?\u00bb On wska\u017ce wam na g\u00f3rze sal\u0119 du\u017c\u0105, us\u0142an\u0105 i gotow\u0105. Tam przygotujcie dla nas\u201d. Uczniowie wybrali si\u0119 i przyszli do miasta, gdzie znale\u017ali, tak jak im powiedzia\u0142, i przygotowali Pasch\u0119. A gdy jedli, wzi\u0105\u0142 chleb, odm\u00f3wi\u0142 b\u0142ogos\u0142awie\u0144stwo, po\u0142ama\u0142 go i da\u0142 im m\u00f3wi\u0105c: \u201eBierzcie, to jest Cia\u0142o moje\u201d. Potem wzi\u0105\u0142 kielich i odm\u00f3wiwszy dzi\u0119kczynienie da\u0142 im, i pili z niego wszyscy. I rzek\u0142 do nich: \u201eTo jest moja Krew Przymierza, kt\u00f3ra za wielu b\u0119dzie wylana. Zaprawd\u0119 powiadam wam: Odt\u0105d nie b\u0119d\u0119 ju\u017c pi\u0142 z&hellip;<\/p>\n<p> <a class=\"more-link\" href=\"http:\/\/www.franciszek-walcz.pl\/?p=27295\">Czytaj dalej<\/a><\/p>\n","protected":false},"author":1,"featured_media":0,"comment_status":"closed","ping_status":"closed","sticky":false,"template":"","format":"standard","meta":{"footnotes":""},"categories":[5],"tags":[],"class_list":{"0":"post-27295","1":"post","2":"type-post","3":"status-publish","4":"format-standard","6":"category-artykuly"},"brizy_media":[],"_links":{"self":[{"href":"http:\/\/www.franciszek-walcz.pl\/index.php?rest_route=\/wp\/v2\/posts\/27295","targetHints":{"allow":["GET"]}}],"collection":[{"href":"http:\/\/www.franciszek-walcz.pl\/index.php?rest_route=\/wp\/v2\/posts"}],"about":[{"href":"http:\/\/www.franciszek-walcz.pl\/index.php?rest_route=\/wp\/v2\/types\/post"}],"author":[{"embeddable":true,"href":"http:\/\/www.franciszek-walcz.pl\/index.php?rest_route=\/wp\/v2\/users\/1"}],"replies":[{"embeddable":true,"href":"http:\/\/www.franciszek-walcz.pl\/index.php?rest_route=%2Fwp%2Fv2%2Fcomments&post=27295"}],"version-history":[{"count":1,"href":"http:\/\/www.franciszek-walcz.pl\/index.php?rest_route=\/wp\/v2\/posts\/27295\/revisions"}],"predecessor-version":[{"id":27296,"href":"http:\/\/www.franciszek-walcz.pl\/index.php?rest_route=\/wp\/v2\/posts\/27295\/revisions\/27296"}],"wp:attachment":[{"href":"http:\/\/www.franciszek-walcz.pl\/index.php?rest_route=%2Fwp%2Fv2%2Fmedia&parent=27295"}],"wp:term":[{"taxonomy":"category","embeddable":true,"href":"http:\/\/www.franciszek-walcz.pl\/index.php?rest_route=%2Fwp%2Fv2%2Fcategories&post=27295"},{"taxonomy":"post_tag","embeddable":true,"href":"http:\/\/www.franciszek-walcz.pl\/index.php?rest_route=%2Fwp%2Fv2%2Ftags&post=27295"}],"curies":[{"name":"wp","href":"https:\/\/api.w.org\/{rel}","templated":true}]}}