{"id":27573,"date":"2024-06-29T10:36:53","date_gmt":"2024-06-29T08:36:53","guid":{"rendered":"http:\/\/www.franciszek-walcz.pl\/?p=27573"},"modified":"2024-06-29T10:38:26","modified_gmt":"2024-06-29T08:38:26","slug":"piotr-i-pawel","status":"publish","type":"post","link":"http:\/\/www.franciszek-walcz.pl\/?p=27573","title":{"rendered":"PIOTR I PAWE\u0141"},"content":{"rendered":"<p class=\"western\">Dzi\u015b Ko\u015bci\u00f3\u0142 stawia przed nami dwie wielkie postaci! \u015aw. Piotr i \u015bw. Pawe\u0142! Ich dzia\u0142alno\u015b\u0107 sta\u0142a si\u0119 fundamentem Ko\u015bcio\u0142a!<br \/>\nJakie by\u0142y pocz\u0105tki? Jak si\u0119 to sta\u0142o, \u017ce dzi\u015b ca\u0142y Ko\u015bci\u00f3\u0142 wspomnienie ich postaci podni\u00f3s\u0142 do rangi uroczysto\u015bci?<\/p>\n<p class=\"western\"><b>Kiedy przenie\u015bliby\u015bmy si\u0119 do kraju Jezusa, jeszcze przed rozpocz\u0119ciem publicznej dzia\u0142alno\u015bci, zobaczyliby\u015bmy<\/b>\u00a0niewykszta\u0142conego 30-letniego rybaka, m\u0119\u017ca, ci\u0119\u017cko pracuj\u0105cego na utrzymanie domu o imieniu Szymon.<\/p>\n<p class=\"western\">Zobaczyliby\u015bmy te\u017c intelektualist\u0119 o imieniu Szawe\u0142, jak zdobywa wiedz\u0119 i uczy si\u0119 w\u0142ada\u0107 wieloma j\u0119zykami, wpatrzony w wielkiego swojego mistrza Gemaliela.<\/p>\n<p class=\"western\"><b>Czy kt\u00f3ry\u015b z nich m\u00f3g\u0142 przypuszcza\u0107, \u017ce stanie si\u0119 fundamentem NOWEJ RELIGII, ZA\u0141O\u017bONEJ PRZEZ MESJASZA?\u00a0<\/b>Jeden p\u0119dzi\u0142 spokojne \u017cycie prostego obywatela, g\u0142owy rodziny. Drugi zaj\u0119ty zdobywaniem wiedzy\u2026<\/p>\n<p class=\"western\"><b>Jak si\u0119 to sta\u0142o, \u017ce wyrwani z w\u0142asnych codziennych zaj\u0119\u0107 poszli na ca\u0142y \u015bwiat g\u0142osi\u0107 Chrystusa, dzie\u0144 po dniu ryzykuj\u0105c utrat\u0119 \u017cycia!?<\/b><\/p>\n<p class=\"western\">Kiedy\u015b nast\u0105pi\u0142 dzie\u0144, kiedy podczas pracy\u00a0<b>pewien rybak z Betsaidy<\/b>\u00a0us\u0142ysza\u0142 od przechodz\u0105cego Chrystusa:\u00a0<em>\u201eP\u00f3jd\u017a za Mn\u0105\u201d<\/em>. Zostawi\u0142 prac\u0119, rodzin\u0119 i poszed\u0142 za Jezusem! Chrystus powo\u0142a\u0142 go do grona Dwunastu Aposto\u0142\u00f3w. By\u0142 Bo\u017cym sza\u0144cem, kt\u00f3ry chodzi\u0142 po wodzie! Nada\u0142 mu symboliczne imi\u0119 Piotr,\u00a0<em>Ska\u0142a<\/em>! Spo\u015br\u00f3d tych Dwunastu, to on mia\u0142 umacnia\u0107 pozosta\u0142ych. I tak zosta\u0142 pierwszym papie\u017cem!\u00a0<em>\u201eTy jeste\u015b Piotr \u2013 Opoka, i na tej opoce zbuduj\u0119 sw\u00f3j Ko\u015bci\u00f3\u0142, a bramy piekielne go nie przemog\u0105. Tobie dam klucze kr\u00f3lestwa niebieskiego\u201d\u00a0<\/em>\u2013 us\u0142ysza\u0142 z ust Mistrza z Nazaretu!<\/p>\n<p class=\"western\">Po zmartwychwstaniu Chrystusa jeden z \u017cydowskich intelektualist\u00f3w, ZAPALENIEC w kultywowaniu religii moj\u017ceszowej, udawa\u0142 si\u0119 do Damaszku\u00a0<em>\u201edysz\u0105c rz\u0105dz\u0105 zabijania\u201d\u00a0<\/em>chrze\u015bcijan. Tam zosta\u0142 ol\u015bniony przez widzenie Chrystusa, jako o\u015blepiaj\u0105cej \u015bwiat\u0142o\u015bci. Od tego wydarzenia wielki ewangelizator, nauczyciel pogan, podr\u00f3\u017cnik w sprawie Ewangelii. Dalej ZAPALENIEC, ale tym razem w pozyskiwaniu uczni\u00f3w dla Chrystusa, a nie w ich zabijaniu.<\/p>\n<p class=\"western\">Dzi\u015b wpatrujemy si\u0119 w dwie wielkie postaci pierwotnego Ko\u015bcio\u0142a! PIERWSZY PAPIE\u017b I APOSTO\u0141 NAROD\u00d3W.<\/p>\n<p class=\"western\">Na ich przyk\u0142adzie B\u00f3g pokazuje, \u017ce pos\u0142uguje si\u0119 narz\u0119dziami niedoskona\u0142ymi\u2026Zab\u00f3jca chrze\u015bcijan i rybak, kt\u00f3ry \u015bmia\u0142 poucza\u0107 Mistrza\u2026, \u017ce nie przyjdzie Mu umrze\u0107 na krzy\u017cu\u2026, kt\u00f3ry trzy razy publicznie zapar\u0142 si\u0119 Jezusa! Porywczy\u2026 o charakterze sangwinika\u2026<\/p>\n<p class=\"western\">Obaj do ko\u0144ca \u017cycia uczyli si\u0119 wiary\u2026 uczyli si\u0119 cierpie\u0107 i znosi\u0107 przeciwno\u015bci DLA TEJ MI\u0141O\u015aCI, KT\u00d3REJ NA IMI\u0118\u00a0<b>JEZUS CHRYSTUS<\/b>.<\/p>\n<p class=\"western\">Wype\u0142nili s\u0142owa Jezusa:\u00a0<em>\u201eId\u017acie na ca\u0142y \u015bwiat i czy\u0144cie uczniami wszystkie narody\u201d<\/em>.\u00a0<b>Kto wie, mo\u017ce gdyby nie ich apostolska dzia\u0142alno\u015b\u0107, nie byliby\u015bmy dzi\u015b chrze\u015bcijanami?<\/b><\/p>\n<p class=\"western\">Swoim \u017cyciem daj\u0105 nam przyk\u0142ad\u00a0<b>radykalizmu wiary<\/b>! Jak p\u00f3j\u015b\u0107 ca\u0142kowicie za Chrystusem, do ko\u0144ca \u017cycia! Ucz\u0105 jak wype\u0142ni\u0107 s\u0142owa z Apokalipsy \u015bw. Jana:\u00a0<em>\u201eB\u0105d\u017a wierny a\u017c do \u015bmierci, a dam ci wieniec \u017cycia\u201d<\/em>.<\/p>\n<p class=\"western\">Ostatecznie z tej gorliwej apostolskiej mi\u0142o\u015bci obaj zgin\u0119li \u015bmierci\u0105 m\u0119cze\u0144sk\u0105.\u00a0<b>\u015aw. Pawe\u0142 zosta\u0142 \u015bci\u0119ty mieczem\u00a0<\/b>w Rzymie.\u00a0<b>\u015aw. Piotr umar\u0142 przez ukrzy\u017cowanie<\/b>\u00a0g\u0142ow\u0105 w d\u00f3\u0142, poniewa\u017c powiedzia\u0142, \u017ce nie jest godny umiera\u0107 jak Jego Pan!<\/p>\n<p class=\"western\">Na wierze Piotra \u2013 NA SKALE Jezus zbudowa\u0142 sw\u00f3j Ko\u015bci\u00f3\u0142, a nie na piasku\u2026 i wzmocni\u0142 dzia\u0142alno\u015bci\u0105 \u015bw. Paw\u0142a i innych aposto\u0142\u00f3w, skropi\u0142 krwi\u0105 m\u0119czennik\u00f3w\u2026 I tak trwa ten Ko\u015bci\u00f3\u0142 ju\u017c 2000 lat, cho\u0107 tak wiele razy i na wszelakie sposoby pr\u00f3bowano go zniszczy\u0107 i wykorzeni\u0107 z serc ludzi, bo jak m\u00f3wi\u0142 Chrystus w jednej z przypowie\u015bci:<\/p>\n<p class=\"western\">\u201e<em>Spad\u0142 deszcz, wezbra\u0142y potoki, zerwa\u0142y si\u0119 wichry i uderzy\u0142y w ten dom. On jednak nie run\u0105\u0142, bo na skale by\u0142 utwierdzony\u201d<\/em>.<\/p>\n<p class=\"western\">Podczas pielgrzymki do Polski papie\u017c Benedykt XVI powiedzia\u0142: \u201eDrodzy Przyjaciele (\u2026). Nie l\u0119kajcie si\u0119 budowa\u0107 w Ko\u015bciele i z Ko\u015bcio\u0142em! B\u0105d\u017acie dumni z mi\u0142o\u015bci do Piotra i do Ko\u015bcio\u0142a, kt\u00f3ry zosta\u0142 mu powierzony! (\u2026) Jedna jest ska\u0142a, na kt\u00f3rej warto budowa\u0107 dom. T\u0105 ska\u0142\u0105 jest Chrystus. Jedna jest ska\u0142a, na kt\u00f3rej warto oprze\u0107 wszystko. T\u0105 ska\u0142\u0105 jest ten, do kt\u00f3rego Chrystus rzek\u0142:\u00a0<em>\u201eTy jeste\u015b Piotr, czyli Ska\u0142a, i na tej skale zbuduj\u0119 Ko\u015bci\u00f3\u0142 m\u00f3j\u201d.<\/em><\/p>\n","protected":false},"excerpt":{"rendered":"<p>Dzi\u015b Ko\u015bci\u00f3\u0142 stawia przed nami dwie wielkie postaci! \u015aw. Piotr i \u015bw. Pawe\u0142! Ich dzia\u0142alno\u015b\u0107 sta\u0142a si\u0119 fundamentem Ko\u015bcio\u0142a! Jakie by\u0142y pocz\u0105tki? Jak si\u0119 to sta\u0142o, \u017ce dzi\u015b ca\u0142y Ko\u015bci\u00f3\u0142 wspomnienie ich postaci podni\u00f3s\u0142 do rangi uroczysto\u015bci? Kiedy przenie\u015bliby\u015bmy si\u0119 do kraju Jezusa, jeszcze przed rozpocz\u0119ciem publicznej dzia\u0142alno\u015bci, zobaczyliby\u015bmy\u00a0niewykszta\u0142conego 30-letniego rybaka, m\u0119\u017ca, ci\u0119\u017cko pracuj\u0105cego na utrzymanie domu o imieniu Szymon. Zobaczyliby\u015bmy te\u017c intelektualist\u0119 o imieniu Szawe\u0142, jak zdobywa wiedz\u0119 i uczy si\u0119 w\u0142ada\u0107 wieloma j\u0119zykami, wpatrzony w wielkiego swojego mistrza Gemaliela. Czy kt\u00f3ry\u015b z nich m\u00f3g\u0142 przypuszcza\u0107, \u017ce stanie si\u0119 fundamentem NOWEJ RELIGII, ZA\u0141O\u017bONEJ PRZEZ MESJASZA?\u00a0Jeden p\u0119dzi\u0142 spokojne \u017cycie prostego obywatela, g\u0142owy rodziny. Drugi zaj\u0119ty zdobywaniem wiedzy\u2026 Jak si\u0119 to sta\u0142o, \u017ce wyrwani z w\u0142asnych codziennych zaj\u0119\u0107 poszli na ca\u0142y \u015bwiat g\u0142osi\u0107 Chrystusa, dzie\u0144 po dniu ryzykuj\u0105c utrat\u0119 \u017cycia!? Kiedy\u015b nast\u0105pi\u0142 dzie\u0144, kiedy podczas pracy\u00a0pewien rybak z Betsaidy\u00a0us\u0142ysza\u0142 od przechodz\u0105cego Chrystusa:\u00a0\u201eP\u00f3jd\u017a za Mn\u0105\u201d. Zostawi\u0142 prac\u0119, rodzin\u0119 i poszed\u0142 za Jezusem!&hellip;<\/p>\n<p> <a class=\"more-link\" href=\"http:\/\/www.franciszek-walcz.pl\/?p=27573\">Czytaj dalej<\/a><\/p>\n","protected":false},"author":1,"featured_media":0,"comment_status":"closed","ping_status":"closed","sticky":false,"template":"","format":"standard","meta":{"footnotes":""},"categories":[5],"tags":[],"class_list":{"0":"post-27573","1":"post","2":"type-post","3":"status-publish","4":"format-standard","6":"category-artykuly"},"brizy_media":[],"_links":{"self":[{"href":"http:\/\/www.franciszek-walcz.pl\/index.php?rest_route=\/wp\/v2\/posts\/27573","targetHints":{"allow":["GET"]}}],"collection":[{"href":"http:\/\/www.franciszek-walcz.pl\/index.php?rest_route=\/wp\/v2\/posts"}],"about":[{"href":"http:\/\/www.franciszek-walcz.pl\/index.php?rest_route=\/wp\/v2\/types\/post"}],"author":[{"embeddable":true,"href":"http:\/\/www.franciszek-walcz.pl\/index.php?rest_route=\/wp\/v2\/users\/1"}],"replies":[{"embeddable":true,"href":"http:\/\/www.franciszek-walcz.pl\/index.php?rest_route=%2Fwp%2Fv2%2Fcomments&post=27573"}],"version-history":[{"count":2,"href":"http:\/\/www.franciszek-walcz.pl\/index.php?rest_route=\/wp\/v2\/posts\/27573\/revisions"}],"predecessor-version":[{"id":27575,"href":"http:\/\/www.franciszek-walcz.pl\/index.php?rest_route=\/wp\/v2\/posts\/27573\/revisions\/27575"}],"wp:attachment":[{"href":"http:\/\/www.franciszek-walcz.pl\/index.php?rest_route=%2Fwp%2Fv2%2Fmedia&parent=27573"}],"wp:term":[{"taxonomy":"category","embeddable":true,"href":"http:\/\/www.franciszek-walcz.pl\/index.php?rest_route=%2Fwp%2Fv2%2Fcategories&post=27573"},{"taxonomy":"post_tag","embeddable":true,"href":"http:\/\/www.franciszek-walcz.pl\/index.php?rest_route=%2Fwp%2Fv2%2Ftags&post=27573"}],"curies":[{"name":"wp","href":"https:\/\/api.w.org\/{rel}","templated":true}]}}