{"id":27618,"date":"2024-07-06T11:33:00","date_gmt":"2024-07-06T09:33:00","guid":{"rendered":"http:\/\/www.franciszek-walcz.pl\/?p=27618"},"modified":"2024-07-06T11:36:51","modified_gmt":"2024-07-06T09:36:51","slug":"xiv-niedziela-okresu-zwyklego-2","status":"publish","type":"post","link":"http:\/\/www.franciszek-walcz.pl\/?p=27618","title":{"rendered":"XIV Niedziela okresu zwyk\u0142ego"},"content":{"rendered":"<p class=\"western\">Tekst Ewangelii (Mk\u00a06,1-6):\u00a0Wyszed\u0142 stamt\u0105d i przyszed\u0142 do swego rodzinnego miasta. A towarzyszyli Mu Jego uczniowie. Gdy nadszed\u0142 szabat, zacz\u0105\u0142 naucza\u0107 w synagodze; a wielu, przys\u0142uchuj\u0105c si\u0119, pyta\u0142o ze zdziwieniem: \u00abSk\u0105d On to ma? I co za m\u0105dro\u015b\u0107, kt\u00f3ra Mu jest dana? I takie cuda dziej\u0105 si\u0119 przez Jego r\u0119ce! Czy nie jest to cie\u015bla, syn Maryi, a brat Jakuba, J\u00f3zefa, Judy i Szymona? Czy\u017c nie \u017cyj\u0105 tu u nas tak\u017ce Jego siostry?\u00bb I pow\u0105tpiewali o Nim. A Jezus m\u00f3wi\u0142 im: \u00abTylko w swojej ojczy\u017anie, w\u015br\u00f3d swoich krewnych i w swoim domu mo\u017ce by\u0107 prorok tak lekcewa\u017cony\u00bb. I nie m\u00f3g\u0142 tam zdzia\u0142a\u0107 \u017cadnego cudu, jedynie na kilku chorych po\u0142o\u017cy\u0142 r\u0119ce i uzdrowi\u0142 ich. Dziwi\u0142 si\u0119 te\u017c ich niedowiarstwu. Potem obchodzi\u0142 okoliczne wsie i naucza\u0142.<\/p>\n<p class=\"western\"><strong>Jezus lekcewa\u017cony w Nazarecie<\/strong><\/p>\n<p class=\"western\">Dzisiaj liturgia pomaga nam odkry\u0107 uczucia Serca Jezusa: \u00abDziwi\u0142 si\u0119 te\u017c ich niedowiarstwu\u00bb . Bez w\u0105tpienia uczni\u00f3w musia\u0142 zdziwi\u0107 brak wiary wsp\u00f3\u0142mieszka\u0144c\u00f3w ich Mistrza i jego reakcja. Wydawa\u0142o si\u0119 najbardziej normalne, by sprawy potoczy\u0142y si\u0119 zupe\u0142nie inaczej: przybyli do ziemi, w kt\u00f3rej tyle lat go widywano, opowiadano o rzeczach, kt\u00f3rych dokona\u0142 i logiczn\u0105 konsekwencj\u0105 by\u0142oby przyj\u0119cie go tam z mi\u0142o\u015bci\u0105 i zaufaniem, nawet wi\u0119kszym w s\u0142uchaniu jego nauk. Mimo tego, nie sta\u0142o si\u0119 tak, lecz zupe\u0142nie odwrotnie: \u00abI pow\u0105tpiewali o Nim\u00bb .<\/p>\n<p>Zdziwienie Jezusa postaw\u0105 jego wsp\u00f3\u0142ziomk\u00f3w ukazuje jego serce pe\u0142ne ufno\u015bci w cz\u0142owieka, kt\u00f3re oczekuje odpowiedzi i jest nieoboj\u0119tne wobec jej braku, poniewa\u017c jest to serce pragn\u0105ce naszego dobra. Bardzo dobrze wyra\u017ca to \u015awi\u0119ty Bernard, kiedy pisze: \u00abPrzyszed\u0142 Syn Bo\u017cy i uczyni\u0142 takie cuda na \u015bwiecie, \u017ce wyrwa\u0142 nasze rozumienie ze wszystkiego co ziemskie, tak, aby\u015bmy je medytowali i nigdy nie przestali tych cud\u00f3w rozwa\u017ca\u0107. Pozostawi\u0142 nam niesko\u0144czone horyzonty dla uciechy inteligencji, rzek\u0119 tak obfit\u0105 w idee, \u017ce niemo\u017cliwe jest przez ni\u0105 przebrn\u0105\u0107. Czy jest kto\u015b, kto pojmie dlaczego najwy\u017cszy majestat chcia\u0142 umrze\u0107, aby da\u0107 nam \u017cycie, us\u0142u\u017cy\u0107 nam, aby\u015bmy panowali, \u017cy\u0107 na wygnaniu, by przywr\u00f3ci\u0107 nam ojczyzn\u0119, upodli\u0107 si\u0119, uni\u017cy\u0107 do tego, co najpospolitsze, aby wywy\u017cszy\u0107 nas ponad wszystko?\u00bb.<\/p>\n<p>Mo\u017cna tylko przypuszcza\u0107, jak zmieni\u0142oby si\u0119 \u017cycie mieszka\u0144c\u00f3w Nazaretu, gdyby podeszli do Jezusa z wiar\u0105. Dlatego powinni\u015bmy prosi\u0107 Go dzie\u0144 za dniem, tak jak jego uczniowie: \u00abPanie, przymn\u00f3\u017c nam wiary\u00bb , aby\u015bmy otwierali si\u0119 bardziej i bardziej na Jego mi\u0142o\u015b\u0107 do nas.<\/p>\n","protected":false},"excerpt":{"rendered":"<p>Tekst Ewangelii (Mk\u00a06,1-6):\u00a0Wyszed\u0142 stamt\u0105d i przyszed\u0142 do swego rodzinnego miasta. A towarzyszyli Mu Jego uczniowie. Gdy nadszed\u0142 szabat, zacz\u0105\u0142 naucza\u0107 w synagodze; a wielu, przys\u0142uchuj\u0105c si\u0119, pyta\u0142o ze zdziwieniem: \u00abSk\u0105d On to ma? I co za m\u0105dro\u015b\u0107, kt\u00f3ra Mu jest dana? I takie cuda dziej\u0105 si\u0119 przez Jego r\u0119ce! Czy nie jest to cie\u015bla, syn Maryi, a brat Jakuba, J\u00f3zefa, Judy i Szymona? Czy\u017c nie \u017cyj\u0105 tu u nas tak\u017ce Jego siostry?\u00bb I pow\u0105tpiewali o Nim. A Jezus m\u00f3wi\u0142 im: \u00abTylko w swojej ojczy\u017anie, w\u015br\u00f3d swoich krewnych i w swoim domu mo\u017ce by\u0107 prorok tak lekcewa\u017cony\u00bb. I nie m\u00f3g\u0142 tam zdzia\u0142a\u0107 \u017cadnego cudu, jedynie na kilku chorych po\u0142o\u017cy\u0142 r\u0119ce i uzdrowi\u0142 ich. Dziwi\u0142 si\u0119 te\u017c ich niedowiarstwu. Potem obchodzi\u0142 okoliczne wsie i naucza\u0142. Jezus lekcewa\u017cony w Nazarecie Dzisiaj liturgia pomaga nam odkry\u0107 uczucia Serca Jezusa: \u00abDziwi\u0142 si\u0119 te\u017c ich niedowiarstwu\u00bb . Bez w\u0105tpienia uczni\u00f3w musia\u0142 zdziwi\u0107 brak wiary wsp\u00f3\u0142mieszka\u0144c\u00f3w ich&hellip;<\/p>\n<p> <a class=\"more-link\" href=\"http:\/\/www.franciszek-walcz.pl\/?p=27618\">Czytaj dalej<\/a><\/p>\n","protected":false},"author":1,"featured_media":0,"comment_status":"closed","ping_status":"closed","sticky":false,"template":"","format":"standard","meta":{"footnotes":""},"categories":[5],"tags":[],"class_list":{"0":"post-27618","1":"post","2":"type-post","3":"status-publish","4":"format-standard","6":"category-artykuly"},"brizy_media":[],"_links":{"self":[{"href":"http:\/\/www.franciszek-walcz.pl\/index.php?rest_route=\/wp\/v2\/posts\/27618","targetHints":{"allow":["GET"]}}],"collection":[{"href":"http:\/\/www.franciszek-walcz.pl\/index.php?rest_route=\/wp\/v2\/posts"}],"about":[{"href":"http:\/\/www.franciszek-walcz.pl\/index.php?rest_route=\/wp\/v2\/types\/post"}],"author":[{"embeddable":true,"href":"http:\/\/www.franciszek-walcz.pl\/index.php?rest_route=\/wp\/v2\/users\/1"}],"replies":[{"embeddable":true,"href":"http:\/\/www.franciszek-walcz.pl\/index.php?rest_route=%2Fwp%2Fv2%2Fcomments&post=27618"}],"version-history":[{"count":2,"href":"http:\/\/www.franciszek-walcz.pl\/index.php?rest_route=\/wp\/v2\/posts\/27618\/revisions"}],"predecessor-version":[{"id":27631,"href":"http:\/\/www.franciszek-walcz.pl\/index.php?rest_route=\/wp\/v2\/posts\/27618\/revisions\/27631"}],"wp:attachment":[{"href":"http:\/\/www.franciszek-walcz.pl\/index.php?rest_route=%2Fwp%2Fv2%2Fmedia&parent=27618"}],"wp:term":[{"taxonomy":"category","embeddable":true,"href":"http:\/\/www.franciszek-walcz.pl\/index.php?rest_route=%2Fwp%2Fv2%2Fcategories&post=27618"},{"taxonomy":"post_tag","embeddable":true,"href":"http:\/\/www.franciszek-walcz.pl\/index.php?rest_route=%2Fwp%2Fv2%2Ftags&post=27618"}],"curies":[{"name":"wp","href":"https:\/\/api.w.org\/{rel}","templated":true}]}}