{"id":27653,"date":"2024-07-13T10:40:57","date_gmt":"2024-07-13T08:40:57","guid":{"rendered":"http:\/\/www.franciszek-walcz.pl\/?p=27653"},"modified":"2024-07-13T10:41:05","modified_gmt":"2024-07-13T08:41:05","slug":"xv-niedziela-okresu-zwyklego","status":"publish","type":"post","link":"http:\/\/www.franciszek-walcz.pl\/?p=27653","title":{"rendered":"XV Niedziela okresu zwyk\u0142ego"},"content":{"rendered":"<p class=\"western\">Tekst Ewangelii (Mk\u00a06,7-13):\u00a0Nast\u0119pnie przywo\u0142a\u0142 do siebie Dwunastu i zacz\u0105\u0142 rozsy\u0142a\u0107 ich po dw\u00f3ch. Da\u0142 im te\u017c w\u0142adz\u0119 nad duchami nieczystymi i przykaza\u0142 im, \u017ceby nic z sob\u0105 nie brali na drog\u0119 pr\u00f3cz laski: ani chleba, ani torby, ani pieni\u0119dzy w trzosie. \u00abAle id\u017acie obuci w sanda\u0142y i nie wdziewajcie dw\u00f3ch sukien!\u00bb I m\u00f3wi\u0142 do nich: \u00abGdy do jakiego domu wejdziecie, zosta\u0144cie tam, a\u017c stamt\u0105d wyjdziecie. Je\u015bli w jakim miejscu was nie przyjm\u0105 i nie b\u0119d\u0105 s\u0142ucha\u0107, wychodz\u0105c stamt\u0105d strz\u0105\u015bnijcie proch z n\u00f3g waszych na \u015bwiadectwo dla nich!\u00bb Oni wi\u0119c wyszli i wzywali do nawr\u00f3cenia. Wyrzucali te\u017c wiele z\u0142ych duch\u00f3w oraz wielu chorych namaszczali olejem i uzdrawiali.<\/p>\n<p class=\"western\"><strong>\u00abJezus przywo\u0142a\u0142 do siebie Dwunastu i zacz\u0105\u0142 rozsy\u0142a\u0107 ich po dw\u00f3ch\u00bb<\/strong><\/p>\n<p class=\"western\">Dzisiaj, w XV Niedziel\u0119 okresu zwyk\u0142ego czytamy w Ewangelii, \u017ce Jezus posy\u0142a Dwunastu po dw\u00f3ch, aby g\u0142osili. Do tej pory towarzyszyli Mistrzowi na drogach Galilei, lecz teraz oto przyszed\u0142 czas, aby rozpocz\u0105\u0107 szerzenie Ewangelii, o tym, \u017ce B\u00f3g Ojciec kocha nas niesko\u0144czon\u0105 mi\u0142o\u015bci\u0105 i przywraca nas do \u017cycia, by\u015bmy byli szcz\u0119\u015bliwi a\u017c do wieczno\u015bci. Nowina ta jest skierowana do wszystkich. Nikt nie pozostaje na marginesie wyzwalaj\u0105cej nauki Jezusa. Nikt nie jest wy\u0142\u0105czony z Mi\u0142o\u015bci Boga. Trzeba dotrze\u0107 a\u017c na kra\u0144ce \u015bwiata. Trzeba g\u0142osi\u0107 ludziom rado\u015b\u0107 pe\u0142nego i uniwersalnego zbawienia dzi\u0119ki Jezusowi Chrystusowi Synowi Bo\u017cemu, kt\u00f3ry dla nas sta\u0142 si\u0119 cz\u0142owiekiem, kt\u00f3ry umar\u0142 i zmartwychwsta\u0142 i jest obecny w Ko\u015bciele.<\/p>\n<p>Wyposa\u017ceni we \u00abw\u0142adz\u0119 nad duchami nieczystymi\u00bb i ze znikomym baga\u017cem \u2014 tak rozpoczynaj\u0105 misj\u0119 Ko\u015bcio\u0142a. Skuteczno\u015b\u0107 ich ewangelizacyjnego g\u0142oszenia nie pochodzi\u0142a od ludzkich czy materialnych wp\u0142yw\u00f3w, lecz z mocy Boga i szczero\u015bci wiary i \u015bwiadectwa \u017cycia g\u0142osicieli.<\/p>\n<p>Na pocz\u0105tku XXI wieku Dobra Nowina nie dotar\u0142a jeszcze wsz\u0119dzie, ani nie jest tak silne jej oddzia\u0142ywanie. Trzeba g\u0142osi\u0107 nawr\u00f3cenie i pokonywa\u0107 wiele z\u0142ych duch\u00f3w.<\/p>\n<p>A ci, kt\u00f3rzy otrzymali\u015bmy, czy potrafimy doceni\u0107 Dobr\u0105 Nowin\u0119? Czy jeste\u015bmy jej \u015bwiadomi? Czy jeste\u015bmy wdzi\u0119czni? Czujmy si\u0119 pos\u0142ani, b\u0105d\u017amy misjonarzami przynaglonymi do g\u0142oszenia, przede wszystkim, przyk\u0142adem \u017cycia, a je\u015bli trzeba, to i s\u0142owem, aby Dobrej Nowiny nie zabrak\u0142o tym, kt\u00f3rych B\u00f3g postawi\u0142 na naszej drodze.<\/p>\n","protected":false},"excerpt":{"rendered":"<p>Tekst Ewangelii (Mk\u00a06,7-13):\u00a0Nast\u0119pnie przywo\u0142a\u0142 do siebie Dwunastu i zacz\u0105\u0142 rozsy\u0142a\u0107 ich po dw\u00f3ch. Da\u0142 im te\u017c w\u0142adz\u0119 nad duchami nieczystymi i przykaza\u0142 im, \u017ceby nic z sob\u0105 nie brali na drog\u0119 pr\u00f3cz laski: ani chleba, ani torby, ani pieni\u0119dzy w trzosie. \u00abAle id\u017acie obuci w sanda\u0142y i nie wdziewajcie dw\u00f3ch sukien!\u00bb I m\u00f3wi\u0142 do nich: \u00abGdy do jakiego domu wejdziecie, zosta\u0144cie tam, a\u017c stamt\u0105d wyjdziecie. Je\u015bli w jakim miejscu was nie przyjm\u0105 i nie b\u0119d\u0105 s\u0142ucha\u0107, wychodz\u0105c stamt\u0105d strz\u0105\u015bnijcie proch z n\u00f3g waszych na \u015bwiadectwo dla nich!\u00bb Oni wi\u0119c wyszli i wzywali do nawr\u00f3cenia. Wyrzucali te\u017c wiele z\u0142ych duch\u00f3w oraz wielu chorych namaszczali olejem i uzdrawiali. \u00abJezus przywo\u0142a\u0142 do siebie Dwunastu i zacz\u0105\u0142 rozsy\u0142a\u0107 ich po dw\u00f3ch\u00bb Dzisiaj, w XV Niedziel\u0119 okresu zwyk\u0142ego czytamy w Ewangelii, \u017ce Jezus posy\u0142a Dwunastu po dw\u00f3ch, aby g\u0142osili. Do tej pory towarzyszyli Mistrzowi na drogach Galilei, lecz teraz oto przyszed\u0142 czas, aby rozpocz\u0105\u0107 szerzenie&hellip;<\/p>\n<p> <a class=\"more-link\" href=\"http:\/\/www.franciszek-walcz.pl\/?p=27653\">Czytaj dalej<\/a><\/p>\n","protected":false},"author":1,"featured_media":0,"comment_status":"closed","ping_status":"closed","sticky":false,"template":"","format":"standard","meta":{"footnotes":""},"categories":[5],"tags":[],"class_list":{"0":"post-27653","1":"post","2":"type-post","3":"status-publish","4":"format-standard","6":"category-artykuly"},"brizy_media":[],"_links":{"self":[{"href":"http:\/\/www.franciszek-walcz.pl\/index.php?rest_route=\/wp\/v2\/posts\/27653","targetHints":{"allow":["GET"]}}],"collection":[{"href":"http:\/\/www.franciszek-walcz.pl\/index.php?rest_route=\/wp\/v2\/posts"}],"about":[{"href":"http:\/\/www.franciszek-walcz.pl\/index.php?rest_route=\/wp\/v2\/types\/post"}],"author":[{"embeddable":true,"href":"http:\/\/www.franciszek-walcz.pl\/index.php?rest_route=\/wp\/v2\/users\/1"}],"replies":[{"embeddable":true,"href":"http:\/\/www.franciszek-walcz.pl\/index.php?rest_route=%2Fwp%2Fv2%2Fcomments&post=27653"}],"version-history":[{"count":2,"href":"http:\/\/www.franciszek-walcz.pl\/index.php?rest_route=\/wp\/v2\/posts\/27653\/revisions"}],"predecessor-version":[{"id":27655,"href":"http:\/\/www.franciszek-walcz.pl\/index.php?rest_route=\/wp\/v2\/posts\/27653\/revisions\/27655"}],"wp:attachment":[{"href":"http:\/\/www.franciszek-walcz.pl\/index.php?rest_route=%2Fwp%2Fv2%2Fmedia&parent=27653"}],"wp:term":[{"taxonomy":"category","embeddable":true,"href":"http:\/\/www.franciszek-walcz.pl\/index.php?rest_route=%2Fwp%2Fv2%2Fcategories&post=27653"},{"taxonomy":"post_tag","embeddable":true,"href":"http:\/\/www.franciszek-walcz.pl\/index.php?rest_route=%2Fwp%2Fv2%2Ftags&post=27653"}],"curies":[{"name":"wp","href":"https:\/\/api.w.org\/{rel}","templated":true}]}}