{"id":27689,"date":"2024-07-20T10:26:38","date_gmt":"2024-07-20T08:26:38","guid":{"rendered":"http:\/\/www.franciszek-walcz.pl\/?p=27689"},"modified":"2024-07-20T10:26:38","modified_gmt":"2024-07-20T08:26:38","slug":"xvi-niedziela-okresu-zwyklego","status":"publish","type":"post","link":"http:\/\/www.franciszek-walcz.pl\/?p=27689","title":{"rendered":"XVI Niedziela okresu zwyk\u0142ego"},"content":{"rendered":"<p class=\"western\">Tekst Ewangelii (Mk\u00a06,30-34):\u00a0Wtedy Aposto\u0142owie zebrali si\u0119 u Jezusa i opowiedzieli Mu wszystko, co zdzia\u0142ali i czego nauczali. A On rzek\u0142 do nich: \u00abP\u00f3jd\u017acie wy sami osobno na miejsce pustynne i wypocznijcie nieco!\u00bb. Tak wielu bowiem przychodzi\u0142o i odchodzi\u0142o, \u017ce nawet na posi\u0142ek nie mieli czasu. Odp\u0142yn\u0119li wi\u0119c \u0142odzi\u0105 na miejsce pustynne, osobno. Lecz widziano ich odp\u0142ywaj\u0105cych. Wielu zauwa\u017cy\u0142o to i zbiegli si\u0119 tam pieszo ze wszystkich miast, a nawet ich uprzedzili. Gdy Jezus wysiad\u0142, ujrza\u0142 wielki t\u0142um. Zlitowa\u0142 si\u0119 nad nimi, byli bowiem jak owce nie maj\u0105ce pasterza. I zacz\u0105\u0142 ich naucza\u0107.<\/p>\n<p class=\"western\"><strong>\u00abP\u00f3jd\u017acie wy sami osobno na miejsce pustynne i wypocznijcie nieco!\u00bb<\/strong><\/p>\n<p class=\"western\">Dzisiaj Ewangelia zaprasza nas do odkrycia, jak wa\u017cne jest odpoczywanie w Panu. Aposto\u0142owie powracali z misji, kt\u00f3r\u0105 Jezus im zleci\u0142. Wyrzucali z\u0142e duchy, uzdrawiali chorych i g\u0142osili Ewangeli\u0119. Byli zm\u0119czeni i Jezus im wtedy m\u00f3wi \u00abP\u00f3jd\u017acie wy sami osobno na miejsce pustynne i wypocznijcie nieco\u00bb (Mk 6,31).<\/p>\n<p>Jedn\u0105 z pokus, kt\u00f3rej mo\u017ce ulec ka\u017cdy chrze\u015bcijanin, jest ch\u0119\u0107 robienia wielu rzeczy i zaniedbywanie kontaktu z Panem. Katechizm przypomina, \u017ce w godzinie modlitwy jednym z najwi\u0119kszych niebezpiecze\u0144stw jest my\u015blenie, \u017ce jest wiele rzeczy pilniejszych i przez to zaniedbywanie relacji z Bogiem. Dlatego Jezus uczy Aposto\u0142\u00f3w, kt\u00f3rzy ci\u0119\u017cko pracowali, \u017ce skoro s\u0105 zm\u0119czeni i zadowoleni z efekt\u00f3w, powinni odpocz\u0105\u0107. I podkre\u015bla \u00abodp\u0142yn\u0119li wi\u0119c \u0142odzi\u0105 na miejsce pustynne, osobno\u00bb . Aby dobrze si\u0119 modli\u0107 potrzeba przynajmniej dw\u00f3ch rzeczy: po pierwsze by\u0107 z Jezusem, bo jest osob\u0105, z kt\u00f3r\u0105 b\u0119dziemy rozmawia\u0107. Upewnijmy si\u0119, \u017ce jeste\u015bmy z Nim. Dlatego modlitwa zaczyna si\u0119 dopiero, i generalnie w tym jest natrudniejsza, od aktu stani\u0119cia w obecno\u015bci Boga. Zda\u0107 sobie spraw\u0119, \u017ce jeste\u015bmy z Nim. Druga potrzebna rzecz to samotno\u015b\u0107. Wybieramy j\u0105 wtedy, kiedy chcemy rozpocz\u0105\u0107 g\u0142\u0119bok\u0105 i osobist\u0105 rozmow\u0119 z kim\u015b.<\/p>\n<p>\u015awi\u0119ty Piotr Julian Eymard radzi\u0142 odpoczynek w Jezusie po przyj\u0119ciu Komunii \u015awi\u0119tej. I przestrzega\u0142 przed pokus\u0105 wype\u0142niania tej chwili \u0142aski wieloma s\u0142owami wyuczonymi na pami\u0119\u0107. M\u00f3wi\u0142, \u017ce po przyj\u0119ciu Cia\u0142a Chrystusa najlepiej jest by\u0107 chwil\u0119 w milczeniu, aby odzyska\u0107 si\u0142y i pozwoli\u0107, by Jezus m\u00f3wi\u0142 w ciszy naszego serca. Czasem lepiej jest pos\u0142ucha\u0107 co nam radzi i do czego nas zach\u0119ca ni\u017c obja\u015bnia\u0107 Mu nasze plany.<\/p>\n","protected":false},"excerpt":{"rendered":"<p>Tekst Ewangelii (Mk\u00a06,30-34):\u00a0Wtedy Aposto\u0142owie zebrali si\u0119 u Jezusa i opowiedzieli Mu wszystko, co zdzia\u0142ali i czego nauczali. A On rzek\u0142 do nich: \u00abP\u00f3jd\u017acie wy sami osobno na miejsce pustynne i wypocznijcie nieco!\u00bb. Tak wielu bowiem przychodzi\u0142o i odchodzi\u0142o, \u017ce nawet na posi\u0142ek nie mieli czasu. Odp\u0142yn\u0119li wi\u0119c \u0142odzi\u0105 na miejsce pustynne, osobno. Lecz widziano ich odp\u0142ywaj\u0105cych. Wielu zauwa\u017cy\u0142o to i zbiegli si\u0119 tam pieszo ze wszystkich miast, a nawet ich uprzedzili. Gdy Jezus wysiad\u0142, ujrza\u0142 wielki t\u0142um. Zlitowa\u0142 si\u0119 nad nimi, byli bowiem jak owce nie maj\u0105ce pasterza. I zacz\u0105\u0142 ich naucza\u0107. \u00abP\u00f3jd\u017acie wy sami osobno na miejsce pustynne i wypocznijcie nieco!\u00bb Dzisiaj Ewangelia zaprasza nas do odkrycia, jak wa\u017cne jest odpoczywanie w Panu. Aposto\u0142owie powracali z misji, kt\u00f3r\u0105 Jezus im zleci\u0142. Wyrzucali z\u0142e duchy, uzdrawiali chorych i g\u0142osili Ewangeli\u0119. Byli zm\u0119czeni i Jezus im wtedy m\u00f3wi \u00abP\u00f3jd\u017acie wy sami osobno na miejsce pustynne i wypocznijcie nieco\u00bb (Mk 6,31). Jedn\u0105&hellip;<\/p>\n<p> <a class=\"more-link\" href=\"http:\/\/www.franciszek-walcz.pl\/?p=27689\">Czytaj dalej<\/a><\/p>\n","protected":false},"author":1,"featured_media":0,"comment_status":"closed","ping_status":"closed","sticky":false,"template":"","format":"standard","meta":{"footnotes":""},"categories":[5],"tags":[],"class_list":{"0":"post-27689","1":"post","2":"type-post","3":"status-publish","4":"format-standard","6":"category-artykuly"},"brizy_media":[],"_links":{"self":[{"href":"http:\/\/www.franciszek-walcz.pl\/index.php?rest_route=\/wp\/v2\/posts\/27689","targetHints":{"allow":["GET"]}}],"collection":[{"href":"http:\/\/www.franciszek-walcz.pl\/index.php?rest_route=\/wp\/v2\/posts"}],"about":[{"href":"http:\/\/www.franciszek-walcz.pl\/index.php?rest_route=\/wp\/v2\/types\/post"}],"author":[{"embeddable":true,"href":"http:\/\/www.franciszek-walcz.pl\/index.php?rest_route=\/wp\/v2\/users\/1"}],"replies":[{"embeddable":true,"href":"http:\/\/www.franciszek-walcz.pl\/index.php?rest_route=%2Fwp%2Fv2%2Fcomments&post=27689"}],"version-history":[{"count":1,"href":"http:\/\/www.franciszek-walcz.pl\/index.php?rest_route=\/wp\/v2\/posts\/27689\/revisions"}],"predecessor-version":[{"id":27690,"href":"http:\/\/www.franciszek-walcz.pl\/index.php?rest_route=\/wp\/v2\/posts\/27689\/revisions\/27690"}],"wp:attachment":[{"href":"http:\/\/www.franciszek-walcz.pl\/index.php?rest_route=%2Fwp%2Fv2%2Fmedia&parent=27689"}],"wp:term":[{"taxonomy":"category","embeddable":true,"href":"http:\/\/www.franciszek-walcz.pl\/index.php?rest_route=%2Fwp%2Fv2%2Fcategories&post=27689"},{"taxonomy":"post_tag","embeddable":true,"href":"http:\/\/www.franciszek-walcz.pl\/index.php?rest_route=%2Fwp%2Fv2%2Ftags&post=27689"}],"curies":[{"name":"wp","href":"https:\/\/api.w.org\/{rel}","templated":true}]}}