{"id":27705,"date":"2024-07-20T10:38:31","date_gmt":"2024-07-20T08:38:31","guid":{"rendered":"http:\/\/www.franciszek-walcz.pl\/?p=27705"},"modified":"2024-07-20T10:38:31","modified_gmt":"2024-07-20T08:38:31","slug":"razem-niesiemy-chrystusa-na-krance-swiata","status":"publish","type":"post","link":"http:\/\/www.franciszek-walcz.pl\/?p=27705","title":{"rendered":"\u201eRazem niesiemy Chrystusa na kra\u0144ce \u015bwiata\u201d"},"content":{"rendered":"<p align=\"left\"><span style=\"color: #222222;\"><span style=\"font-family: MuseoSans-300;\"><span style=\"font-size: medium;\">Siostry i bracia w Chrystusie! Czcigodni ksi\u0119\u017ca! Wielebne osoby \u017cycia konsekrowanego! Szanowni kierowcy i wszyscy u\u017cytkownicy dr\u00f3g!<\/span><\/span><\/span><\/p>\n<p align=\"left\"><span style=\"color: #222222;\"><span style=\"font-family: MuseoSans-300;\"><span style=\"font-size: medium;\">W dniach 21 \u2013 28 lipca br. obchodzimy w Ko\u015bciele w Polsce XXV Og\u00f3lnopolski Tydzie\u0144 \u015bw. Krzysztofa. Odbywa si\u0119 on co roku z okazji liturgicznego wspomnienia \u015awi\u0119tego, patronuj\u0105cego kierowcom oraz podr\u00f3\u017cnym i wszystkim zmotoryzowanym. T\u0119 inicjatyw\u0119 rozpocz\u0119\u0142a i wiernie od 2000 roku organizuje i og\u0142asza MIVA Polska \u2013 misyjne stowarzyszenie dzia\u0142aj\u0105ce w strukturach Komisji Episkopatu Polski ds. Misji, kt\u00f3re troszczy si\u0119 o wyposa\u017cenie misjonarzy w konieczne w ich misyjnej pos\u0142udze \u015brodki transportu. Tak wi\u0119c r\u00f3wnie\u017c i w tym roku MIVA Polska zaprasza do udzia\u0142u w misyjnej\u00a0<\/span><\/span><\/span><span style=\"color: #222222;\"><span style=\"font-family: MuseoSans-300;\"><span style=\"font-size: medium;\"><i>Akcji \u015bw. Krzysztof \u2013 grosz za kilometr szcz\u0119\u015bliwie przejechany<\/i><\/span><\/span><\/span><span style=\"color: #222222;\"><span style=\"font-family: MuseoSans-300;\"><span style=\"font-size: medium;\">\u00a0na misyjne pojazdy.<\/span><\/span><\/span><\/p>\n<p align=\"left\"><span style=\"color: #222222;\"><span style=\"font-family: MuseoSans-300;\"><span style=\"font-size: medium;\">Lipcowym obchodom Tygodnia \u015bw. Krzysztofa towarzyszy has\u0142o:\u00a0<\/span><\/span><\/span><span style=\"color: #222222;\"><span style=\"font-family: MuseoSans-300;\"><span style=\"font-size: medium;\"><i>Razem niesiemy Chrystusa na kra\u0144ce \u015bwiata<\/i><\/span><\/span><\/span><span style=\"color: #222222;\"><span style=\"font-family: MuseoSans-300;\"><span style=\"font-size: medium;\">. Nawi\u0105zuje ono do has\u0142a roku duszpasterskiego:\u00a0<\/span><\/span><\/span><span style=\"color: #222222;\"><span style=\"font-family: MuseoSans-300;\"><span style=\"font-size: medium;\"><i>Uczestnicz\u0119 we wsp\u00f3lnocie Ko\u015bcio\u0142a<\/i><\/span><\/span><\/span><span style=\"color: #222222;\"><span style=\"font-family: MuseoSans-300;\"><span style=\"font-size: medium;\">. To uczestnictwo zawiera w sobie perspektyw\u0119 misyjn\u0105. Na mocy chrztu \u015bw. jeste\u015bmy bowiem odpowiedzialni za g\u0142oszenie Ewangelii wszystkim narodom \u015bwiata. Ojciec \u015awi\u0119ty Franciszek uczy nas, \u017ce ka\u017cdy ochrzczony jest\u00a0<\/span><\/span><\/span><span style=\"color: #222222;\"><span style=\"font-family: MuseoSans-300;\"><span style=\"font-size: medium;\"><i>uczniem-misjonarzem,\u00a0<\/i><\/span><\/span><\/span><span style=\"color: #222222;\"><span style=\"font-family: MuseoSans-300;\"><span style=\"font-size: medium;\">powo\u0142anym, by nie\u015b\u0107 Ewangeli\u0119 \u015bwiatu (por.\u00a0<\/span><\/span><\/span><span style=\"color: #222222;\"><span style=\"font-family: MuseoSans-300;\"><span style=\"font-size: medium;\"><i>Evangelii gaudium<\/i><\/span><\/span><\/span><span style=\"color: #222222;\"><span style=\"font-family: MuseoSans-300;\"><span style=\"font-size: medium;\">, 120). Bowiem wsp\u00f3lne zaanga\u017cowanie, p\u0142yn\u0105ce z wiary w Jezusa Chrystusa, mo\u017ce przynosi\u0107 coraz wi\u0119ksze owoce. W Uroczysto\u015b\u0107 Zes\u0142ania Ducha \u015awi\u0119tego papie\u017c Franciszek przypomnia\u0142 wierz\u0105cym, \u017ce\u00a0<\/span><\/span><\/span><span style=\"color: #222222;\"><span style=\"font-family: MuseoSans-300;\"><span style=\"font-size: medium;\"><i>tak jak Aposto\u0142owie jeste\u015bmy pos\u0142ani, zw\u0142aszcza dzisiaj, aby g\u0142osi\u0107 Ewangeli\u0119 wszystkim, wychodz\u0105c coraz dalej, nie tylko w sensie geograficznym, ale przekraczaj\u0105c bariery etniczne, religijne,\u00a0z misj\u0105 prawdziwie powszechn\u0105<\/i><\/span><\/span><\/span><span style=\"color: #222222;\"><span style=\"font-family: MuseoSans-300;\"><span style=\"font-size: medium;\">\u00a0(Rzym, 19.06.2024).<\/span><\/span><\/span><\/p>\n<p align=\"left\"><span style=\"color: #222222;\"><span style=\"font-family: MuseoSans-300;\"><span style=\"font-size: medium;\">Dzi\u0119kujemy Panu Bogu za 1690 polskich misjonarzy i misjonarki obecnych w 99 krajach \u015bwiata. Towarzyszymy im naszym wielorakim wsparciem w duchu odpowiedzialno\u015bci za spraw\u0119 misji. Potrzebna jest dzi\u015b gorliwa modlitwa o nowe powo\u0142ania w Ko\u015bciele, a szczeg\u00f3lnie powo\u0142ania misyjne (por. \u0141k 10, 2). Ci\u0105gle bowiem potrzebni s\u0105 nowi misjonarze i misjonarki, by p\u00f3j\u015b\u0107 na pierwsz\u0105 lini\u0119 misyjnych wyzwa\u0144, bardzo cz\u0119sto do miejsc, gdzie trwa ci\u0105gle jeszcze pierwsza ewangelizacja.<\/span><\/span><\/span><\/p>\n<p align=\"left\"><span style=\"color: #222222;\"><span style=\"font-family: MuseoSans-300;\"><span style=\"font-size: medium;\">Obszarem, kt\u00f3rym zajmuje si\u0119 misyjne stowarzyszenie MIVA Polska s\u0105 \u015brodki transportu dla misjonarzy. Bez trudu zauwa\u017camy, \u017ce s\u0105 to konieczne narz\u0119dzia w prowadzeniu dzia\u0142alno\u015bci misyjnej. Misyjne Ko\u015bcio\u0142y lokalne, po\u0142o\u017cone w tak wielu obszarach ub\u00f3stwa nie s\u0105 w stanie same im ich zapewni\u0107. Brak w\u0142asnych \u015brodk\u00f3w transportu oznacza\u0142by brak mo\u017cliwo\u015bci dotarcia do ludzi, \u017cyj\u0105cych na peryferiach, z dala od o\u015brodk\u00f3w miejskich i g\u0142\u00f3wnych centr\u00f3w misyjnych. Tym samym wielu nie mia\u0142oby dost\u0119pu do poznania Chrystusa i Jego Ewangelii, posilania si\u0119 Chlebem Eucharystycznym oraz innych Sakrament\u00f3w. Wszystkie dzie\u0142a prowadzone przez misjonarzy, zar\u00f3wno duszpasterskie jak i charytatywne, edukacyjne czy w ochronie zdrowia, nie mog\u0105 dzi\u015b si\u0119 obej\u015b\u0107 bez odpowiednich pojazd\u00f3w. Tak\u017ce rodzimi katechi\u015bci, pe\u0142ni\u0105cy wa\u017cn\u0105 rol\u0119 w \u017cyciu i funkcjonowaniu wsp\u00f3lnot ko\u015bcielnych potrzebuj\u0105 wsparcia na chocia\u017cby najprostsze \u015brodki transportu, jakimi s\u0105 rowery czy motorowery.<\/span><\/span><\/span><\/p>\n<p align=\"left\"><span style=\"color: #222222;\"><span style=\"font-family: MuseoSans-300;\"><span style=\"font-size: medium;\">W tym miejscu pragn\u0119 wyrazi\u0107 moj\u0105 szczer\u0105 i g\u0142\u0119bok\u0105 wdzi\u0119czno\u015b\u0107 za wszelkie ofiary i wsparcie przekazane w ubieg\u0142ym roku 2023 na pojazdy misyjne. Dzi\u0119ki tym ofiarom zosta\u0142o zakupionych 935 r\u00f3\u017cnych \u015brodk\u00f3w transportu w ramach 115 projekt\u00f3w misyjnych w 36 krajach \u015bwiata skierowanych przez polskich misjonarzy i misjonarki do MIVA Polska. Na d\u0142ugiej li\u015bcie zakupionych w ubieg\u0142ym roku pojazd\u00f3w znalaz\u0142y si\u0119 m.in. 52 samochody osobowe i terenowe, 4 ci\u0119\u017car\u00f3wki, 2 busy, 37 motocykli \u2013 zar\u00f3wno dla misjonarzy jak i katechist\u00f3w, 2 \u0142odzie motorowe, 334 rower\u00f3w \u2013 dla katechist\u00f3w i uczni\u00f3w w Afryce oraz 499 w\u00f3zk\u00f3w inwalidzkich tzw. \u201epromieni mi\u0142osierdzia\u201d, a tak\u017ce ambulans do szpitala misyjnego, 1 traktor oraz 1 mini-kombajn zbo\u017cowy do gospodarstwa przy misji. Ca\u0142kowita pomoc przekazana na te pojazdy wynios\u0142a 5 mln 114 tys. 776 z\u0142. Jest to bezcenny wk\u0142ad Ko\u015bcio\u0142a w Polsce w realizacj\u0119 dzie\u0142a misyjnego Ko\u015bcio\u0142a i wyraz wielkiego zaanga\u017cowania i wra\u017cliwo\u015bci tak wielu ludzi na potrzeby misyjne.<\/span><\/span><\/span><\/p>\n<p align=\"left\"><span style=\"color: #222222;\"><span style=\"font-family: MuseoSans-300;\"><span style=\"font-size: medium;\">Jako Przewodnicz\u0105cy Komisji Episkopatu ds. Misji zwracam si\u0119 tak\u017ce i w tym roku z moim gor\u0105cym apelem o udzia\u0142 w misyjnej\u00a0<\/span><\/span><\/span><span style=\"color: #222222;\"><span style=\"font-family: MuseoSans-300;\"><span style=\"font-size: medium;\"><i>Akcji \u015bw. Krzysztof<\/i><\/span><\/span><\/span><span style=\"color: #222222;\"><span style=\"font-family: MuseoSans-300;\"><span style=\"font-size: medium;\">. Prosz\u0105c o b\u0142ogos\u0142awie\u0144stwo swoich pojazd\u00f3w, b\u0105d\u017amy wdzi\u0119czni Panu Bogu za ich dobrodziejstwo i za szcz\u0119\u015bliwie przejechane kilometry, a w duchu tej wdzi\u0119czno\u015bci oraz solidarno\u015bci z polskimi misjonarzami i misjonarkami, wesprzyjmy na miar\u0119 naszych mo\u017cliwo\u015bci ich potrzeby w zakresie \u015brodk\u00f3w transportu. Niech ka\u017cda parafia postara si\u0119 o zorganizowanie tej misyjnej akcji z b\u0142ogos\u0142awie\u0144stwem kierowc\u00f3w i pojazd\u00f3w wraz ze zbi\u00f3rk\u0105 ofiar na ten wa\u017cny cel.<\/span><\/span><\/span><\/p>\n<p align=\"left\"><span style=\"color: #222222;\"><span style=\"font-family: MuseoSans-300;\"><span style=\"font-size: medium;\">Moi drodzy! Obchody Tygodnia \u015bw. Krzysztofa przypadaj\u0105 zawsze w czasie wzmo\u017conego ruchu drogowego zwi\u0105zanego z czasem wakacji i urlop\u00f3w. Obowi\u0105zkiem ka\u017cdego uczestnika ruchu drogowego, jest troska o bezpiecze\u0144stwo i kultur\u0119 drogow\u0105. Przypominanie o tym w Ko\u015bciele wynika z przykazania mi\u0142o\u015bci Boga i bli\u017aniego, gdy\u017c chodzi<br \/>\no dobro i \u017cycie drugiego cz\u0142owieka, kt\u00f3ry jest umi\u0142owanym dzieckiem Bo\u017cym. Nasz\u0105 modlitw\u0119 o b\u0142ogos\u0142awie\u0144stwo i opiek\u0119 w podr\u00f3\u017cach starajmy si\u0119 zawsze \u0142\u0105czy\u0107 z dobrym \u015bwiadectwem naszej wiary, gdy korzystamy z naszych pojazd\u00f3w. Dbajmy o odpowiedzialne i roztropne poruszanie si\u0119 po drogach. Unikajmy wszelkiego rodzaju lekkomy\u015blno\u015bci i brawury, aby nie nara\u017ca\u0107 siebie i innych na niebezpiecze\u0144stwo.<\/span><\/span><\/span><\/p>\n<p align=\"left\"><span style=\"color: #222222;\"><span style=\"font-family: MuseoSans-300;\"><span style=\"font-size: medium;\">Niech zar\u00f3wno w podr\u00f3\u017cach, jak i w \u017cyciu, towarzyszy wszystkim matczyna opieka Maryi, Matki Bo\u017cego Syna oraz wstawiennictwo i pomoc \u015bw. Krzysztofa.<\/span><\/span><\/span><\/p>\n<p align=\"left\"><span style=\"color: #222222;\"><span style=\"font-family: MuseoSans-300;\"><span style=\"font-size: medium;\">Z pasterskim b\u0142ogos\u0142awie\u0144stwem<\/span><\/span><\/span><\/p>\n<p align=\"left\"><span style=\"color: #222222;\">\u00a0<span style=\"font-family: MuseoSans-300;\"><span style=\"font-size: medium;\"><i>+ Biskup Jan Piotrowski<br \/>\nBiskup Kielecki,<br \/>\nPrzewodnicz\u0105cy Komisji Episkopatu Polski ds. Misji<\/i><\/span><\/span><\/span><\/p>\n<p align=\"left\"><span style=\"color: #222222;\"><span style=\"font-family: MuseoSans-300;\"><span style=\"font-size: medium;\">Kielce, 7 czerwca 2024 r.<\/span><\/span><\/span><\/p>\n","protected":false},"excerpt":{"rendered":"<p>Siostry i bracia w Chrystusie! Czcigodni ksi\u0119\u017ca! Wielebne osoby \u017cycia konsekrowanego! Szanowni kierowcy i wszyscy u\u017cytkownicy dr\u00f3g! W dniach 21 \u2013 28 lipca br. obchodzimy w Ko\u015bciele w Polsce XXV Og\u00f3lnopolski Tydzie\u0144 \u015bw. Krzysztofa. Odbywa si\u0119 on co roku z okazji liturgicznego wspomnienia \u015awi\u0119tego, patronuj\u0105cego kierowcom oraz podr\u00f3\u017cnym i wszystkim zmotoryzowanym. T\u0119 inicjatyw\u0119 rozpocz\u0119\u0142a i wiernie od 2000 roku organizuje i og\u0142asza MIVA Polska \u2013 misyjne stowarzyszenie dzia\u0142aj\u0105ce w strukturach Komisji Episkopatu Polski ds. Misji, kt\u00f3re troszczy si\u0119 o wyposa\u017cenie misjonarzy w konieczne w ich misyjnej pos\u0142udze \u015brodki transportu. Tak wi\u0119c r\u00f3wnie\u017c i w tym roku MIVA Polska zaprasza do udzia\u0142u w misyjnej\u00a0Akcji \u015bw. Krzysztof \u2013 grosz za kilometr szcz\u0119\u015bliwie przejechany\u00a0na misyjne pojazdy. Lipcowym obchodom Tygodnia \u015bw. Krzysztofa towarzyszy has\u0142o:\u00a0Razem niesiemy Chrystusa na kra\u0144ce \u015bwiata. Nawi\u0105zuje ono do has\u0142a roku duszpasterskiego:\u00a0Uczestnicz\u0119 we wsp\u00f3lnocie Ko\u015bcio\u0142a. To uczestnictwo zawiera w sobie perspektyw\u0119 misyjn\u0105. Na mocy chrztu \u015bw. jeste\u015bmy bowiem odpowiedzialni za g\u0142oszenie&hellip;<\/p>\n<p> <a class=\"more-link\" href=\"http:\/\/www.franciszek-walcz.pl\/?p=27705\">Czytaj dalej<\/a><\/p>\n","protected":false},"author":1,"featured_media":0,"comment_status":"closed","ping_status":"closed","sticky":false,"template":"","format":"standard","meta":{"footnotes":""},"categories":[5],"tags":[],"class_list":{"0":"post-27705","1":"post","2":"type-post","3":"status-publish","4":"format-standard","6":"category-artykuly"},"brizy_media":[],"_links":{"self":[{"href":"http:\/\/www.franciszek-walcz.pl\/index.php?rest_route=\/wp\/v2\/posts\/27705","targetHints":{"allow":["GET"]}}],"collection":[{"href":"http:\/\/www.franciszek-walcz.pl\/index.php?rest_route=\/wp\/v2\/posts"}],"about":[{"href":"http:\/\/www.franciszek-walcz.pl\/index.php?rest_route=\/wp\/v2\/types\/post"}],"author":[{"embeddable":true,"href":"http:\/\/www.franciszek-walcz.pl\/index.php?rest_route=\/wp\/v2\/users\/1"}],"replies":[{"embeddable":true,"href":"http:\/\/www.franciszek-walcz.pl\/index.php?rest_route=%2Fwp%2Fv2%2Fcomments&post=27705"}],"version-history":[{"count":1,"href":"http:\/\/www.franciszek-walcz.pl\/index.php?rest_route=\/wp\/v2\/posts\/27705\/revisions"}],"predecessor-version":[{"id":27706,"href":"http:\/\/www.franciszek-walcz.pl\/index.php?rest_route=\/wp\/v2\/posts\/27705\/revisions\/27706"}],"wp:attachment":[{"href":"http:\/\/www.franciszek-walcz.pl\/index.php?rest_route=%2Fwp%2Fv2%2Fmedia&parent=27705"}],"wp:term":[{"taxonomy":"category","embeddable":true,"href":"http:\/\/www.franciszek-walcz.pl\/index.php?rest_route=%2Fwp%2Fv2%2Fcategories&post=27705"},{"taxonomy":"post_tag","embeddable":true,"href":"http:\/\/www.franciszek-walcz.pl\/index.php?rest_route=%2Fwp%2Fv2%2Ftags&post=27705"}],"curies":[{"name":"wp","href":"https:\/\/api.w.org\/{rel}","templated":true}]}}