{"id":27757,"date":"2024-08-07T18:45:41","date_gmt":"2024-08-07T16:45:41","guid":{"rendered":"http:\/\/www.franciszek-walcz.pl\/?p=27757"},"modified":"2024-08-07T18:45:41","modified_gmt":"2024-08-07T16:45:41","slug":"6-sierpnia-przemienienie-jezusa-chrystusa","status":"publish","type":"post","link":"http:\/\/www.franciszek-walcz.pl\/?p=27757","title":{"rendered":"6 sierpnia: Przemienienie Jezusa Chrystusa"},"content":{"rendered":"<p class=\"western\">Tekst Ewangelii (Mk\u00a09,2-10):\u00a0Po sze\u015bciu dniach Jezus wzi\u0105\u0142 z sob\u0105 Piotra, Jakuba i brata jego Jana i zaprowadzi\u0142 ich na g\u00f3r\u0119 wysok\u0105, osobno. Tam przemieni\u0142 si\u0119 wobec nich: twarz Jego zaja\u015bnia\u0142a jak s\u0142o\u0144ce, odzienie za\u015b sta\u0142o si\u0119 bia\u0142e jak \u015bwiat\u0142o. A oto im si\u0119 ukazali Moj\u017cesz i Eliasz, kt\u00f3rzy rozmawiali z Nim. Wtedy Piotr rzek\u0142 do Jezusa: \u00abPanie, dobrze, \u017ce tu jeste\u015bmy; je\u015bli chcesz, postawi\u0119 tu trzy namioty: jeden dla Ciebie, jeden dla Moj\u017cesza i jeden dla Eliasza\u00bb.<\/p>\n<p>Gdy on jeszcze m\u00f3wi\u0142, oto ob\u0142ok \u015bwietlany os\u0142oni\u0142 ich, a z ob\u0142oku odezwa\u0142 si\u0119 g\u0142os: \u00abTo jest m\u00f3j Syn umi\u0142owany, w kt\u00f3rym mam upodobanie, Jego s\u0142uchajcie!\u00bb Uczniowie, s\u0142ysz\u0105c to, upadli na twarz i bardzo si\u0119 zl\u0119kli. A Jezus zbli\u017cy\u0142 si\u0119 do nich, dotkn\u0105\u0142 ich i rzek\u0142: \u00abWsta\u0144cie, nie l\u0119kajcie si\u0119!\u00bb Gdy podnie\u015bli oczy, nikogo nie widzieli, tylko samego Jezusa. A gdy schodzili z g\u00f3ry, Jezus przykaza\u0142 im m\u00f3wi\u0105c: \u00abNie opowiadajcie nikomu o tym widzeniu, a\u017c Syn Cz\u0142owieczy zmartwychwstanie\u00bb.<\/p>\n<p class=\"western\"><strong>\u00abTo jest m\u00f3j Syn umi\u0142owany\u00bb<\/strong><\/p>\n<p class=\"western\"><a name=\"_GoBack\"><\/a> Dzisiaj Ewangelia opowiada nam o Przemienieniu Jezusa Chrystusa na g\u00f3rze Tabor. Jezus, po wyznaniu Piotra, zacz\u0105\u0142 ukazywa\u0107 konieczno\u015b\u0107 skazania na \u015bmier\u0107 Syna Cz\u0142owieczego i obwie\u015bci\u0142 te\u017c swoje zmartwychwstanie trzeciego dnia. To w tym kontek\u015bcie musimy umiejscowi\u0107 epizod z Przemienieniem Jezusa. Przes\u0142anie, kt\u00f3re niesie nam przemieniony Jezus, to s\u0142owa Ojca: \u201eTo jest m\u00f3j Syn umi\u0142owany; Jego s\u0142uchajcie\u201d (Mk, 9,7). S\u0142ucha\u0107 oznacza wype\u0142nia\u0107 Jego wol\u0119, kontemplowa\u0107 Jego osob\u0119, na\u015bladowa\u0107 Go, wprowadza\u0107 w \u017cycie Jego rady, wzi\u0105\u0107 nasz krzy\u017c i pod\u0105\u017ca\u0107 za Nim.<\/p>\n<p>W celu unikni\u0119cia pomy\u0142ek i z\u0142ych interpretacji, Jezus \u201cprzykaza\u0142 im, aby nikomu nie rozpowiadali o tym, co widzieli, zanim Syn Cz\u0142owieczy nie powstanie z martwych\u201d (Mk 9,9). Trzech aposto\u0142\u00f3w kontempluje przemienionego Jezusa, znak Jego bosko\u015bci, ale Zbawiciel nie chce, aby rozpowszechniali t\u0119 wie\u015b\u0107 a\u017c do Jego zmartwychwstania, bo dopiero wtedy b\u0119dzie zrozumia\u0142y zasi\u0119g tego wydarzenia. Chrystus m\u00f3wi do nas w Ewangelii i w naszej modlitwie; mo\u017cemy wtedy powtarza\u0107 s\u0142owa Piotra: \u201cNauczycielu, dobrze, \u017ce tu jeste\u015bmy!\u201d (Mk 9,5), zw\u0142aszcza po przyj\u0119ciu komunii \u015bwi\u0119tej.<\/p>\n<p>Prefacja w dzisiejszej mszy m\u00f3wi: \u00abOn objawi\u0142 swoj\u0105 chwa\u0142\u0119 wobec wybranych \u015bwiadk\u00f3w, a Jego cia\u0142o podobne do naszego zaja\u015bnia\u0142o niezwyk\u0142ym blaskiem. W ten spos\u00f3b umocni\u0142 serca uczni\u00f3w, aby nie ulegli zgorszeniu krzy\u017ca, a ca\u0142emu Ko\u015bcio\u0142owi da\u0142 nadziej\u0119, \u017ce osi\u0105gnie chwa\u0142\u0119, kt\u00f3r\u0105 sam zaja\u015bnia\u0142 jako jego G\u0142owa\u00bb. Lekcja, kt\u00f3rej my chrze\u015bcijanie nie powinni\u015bmy nigdy zapomina\u0107.<\/p>\n","protected":false},"excerpt":{"rendered":"<p>Tekst Ewangelii (Mk\u00a09,2-10):\u00a0Po sze\u015bciu dniach Jezus wzi\u0105\u0142 z sob\u0105 Piotra, Jakuba i brata jego Jana i zaprowadzi\u0142 ich na g\u00f3r\u0119 wysok\u0105, osobno. Tam przemieni\u0142 si\u0119 wobec nich: twarz Jego zaja\u015bnia\u0142a jak s\u0142o\u0144ce, odzienie za\u015b sta\u0142o si\u0119 bia\u0142e jak \u015bwiat\u0142o. A oto im si\u0119 ukazali Moj\u017cesz i Eliasz, kt\u00f3rzy rozmawiali z Nim. Wtedy Piotr rzek\u0142 do Jezusa: \u00abPanie, dobrze, \u017ce tu jeste\u015bmy; je\u015bli chcesz, postawi\u0119 tu trzy namioty: jeden dla Ciebie, jeden dla Moj\u017cesza i jeden dla Eliasza\u00bb. Gdy on jeszcze m\u00f3wi\u0142, oto ob\u0142ok \u015bwietlany os\u0142oni\u0142 ich, a z ob\u0142oku odezwa\u0142 si\u0119 g\u0142os: \u00abTo jest m\u00f3j Syn umi\u0142owany, w kt\u00f3rym mam upodobanie, Jego s\u0142uchajcie!\u00bb Uczniowie, s\u0142ysz\u0105c to, upadli na twarz i bardzo si\u0119 zl\u0119kli. A Jezus zbli\u017cy\u0142 si\u0119 do nich, dotkn\u0105\u0142 ich i rzek\u0142: \u00abWsta\u0144cie, nie l\u0119kajcie si\u0119!\u00bb Gdy podnie\u015bli oczy, nikogo nie widzieli, tylko samego Jezusa. A gdy schodzili z g\u00f3ry, Jezus przykaza\u0142 im m\u00f3wi\u0105c: \u00abNie opowiadajcie nikomu o tym&hellip;<\/p>\n<p> <a class=\"more-link\" href=\"http:\/\/www.franciszek-walcz.pl\/?p=27757\">Czytaj dalej<\/a><\/p>\n","protected":false},"author":1,"featured_media":0,"comment_status":"closed","ping_status":"closed","sticky":false,"template":"","format":"standard","meta":{"footnotes":""},"categories":[1],"tags":[],"class_list":{"0":"post-27757","1":"post","2":"type-post","3":"status-publish","4":"format-standard","6":"category-uncategorized"},"brizy_media":[],"_links":{"self":[{"href":"http:\/\/www.franciszek-walcz.pl\/index.php?rest_route=\/wp\/v2\/posts\/27757","targetHints":{"allow":["GET"]}}],"collection":[{"href":"http:\/\/www.franciszek-walcz.pl\/index.php?rest_route=\/wp\/v2\/posts"}],"about":[{"href":"http:\/\/www.franciszek-walcz.pl\/index.php?rest_route=\/wp\/v2\/types\/post"}],"author":[{"embeddable":true,"href":"http:\/\/www.franciszek-walcz.pl\/index.php?rest_route=\/wp\/v2\/users\/1"}],"replies":[{"embeddable":true,"href":"http:\/\/www.franciszek-walcz.pl\/index.php?rest_route=%2Fwp%2Fv2%2Fcomments&post=27757"}],"version-history":[{"count":1,"href":"http:\/\/www.franciszek-walcz.pl\/index.php?rest_route=\/wp\/v2\/posts\/27757\/revisions"}],"predecessor-version":[{"id":27758,"href":"http:\/\/www.franciszek-walcz.pl\/index.php?rest_route=\/wp\/v2\/posts\/27757\/revisions\/27758"}],"wp:attachment":[{"href":"http:\/\/www.franciszek-walcz.pl\/index.php?rest_route=%2Fwp%2Fv2%2Fmedia&parent=27757"}],"wp:term":[{"taxonomy":"category","embeddable":true,"href":"http:\/\/www.franciszek-walcz.pl\/index.php?rest_route=%2Fwp%2Fv2%2Fcategories&post=27757"},{"taxonomy":"post_tag","embeddable":true,"href":"http:\/\/www.franciszek-walcz.pl\/index.php?rest_route=%2Fwp%2Fv2%2Ftags&post=27757"}],"curies":[{"name":"wp","href":"https:\/\/api.w.org\/{rel}","templated":true}]}}