{"id":27762,"date":"2024-08-10T12:55:34","date_gmt":"2024-08-10T10:55:34","guid":{"rendered":"http:\/\/www.franciszek-walcz.pl\/?p=27762"},"modified":"2024-08-10T12:55:34","modified_gmt":"2024-08-10T10:55:34","slug":"xix-niedziela-okresu-zwyklego","status":"publish","type":"post","link":"http:\/\/www.franciszek-walcz.pl\/?p=27762","title":{"rendered":"XIX Niedziela okresu zwyk\u0142ego"},"content":{"rendered":"<p class=\"western\">Tekst Ewangelii<\/p>\n<p class=\"western\">\u017bydzi szemrali przeciwko Jezusowi, dlatego \u017ce powiedzia\u0142: \u201eJam jest chleb, kt\u00f3ry z nieba zst\u0105pi\u0142\u201d, i m\u00f3wili: \u201eCzy\u017c to nie jest Jezus, syn J\u00f3zefa, kt\u00f3rego ojca i matk\u0119 znamy? Jak\u017ce\u017c mo\u017ce On teraz m\u00f3wi\u0107: \u00abZ nieba zst\u0105pi\u0142em\u00bb?\u201d Jezus im odpowiedzia\u0142: \u00abNie szemrajcie mi\u0119dzy sob\u0105. Nikt nie mo\u017ce przyj\u015b\u0107 do Mnie, je\u017celi go nie poci\u0105gnie Ojciec, kt\u00f3ry Mnie pos\u0142a\u0142; Ja za\u015b wskrzesz\u0119 go w dniu ostatecznym. Napisane jest u Prorok\u00f3w: \u00abOni wszyscy b\u0119d\u0105 uczniami Boga\u00bb. Ka\u017cdy, kto od Ojca us\u0142ysza\u0142 i nauczy\u0142 si\u0119, przyjdzie do Mnie. Nie znaczy to, aby ktokolwiek widzia\u0142 Ojca; jedynie Ten, kt\u00f3ry jest od Boga, widzia\u0142 Ojca. Zaprawd\u0119, zaprawd\u0119 powiadam wam: Kto we Mnie wierzy, ma \u017cycie wieczne.Jam jest chleb \u017cycia. Ojcowie wasi jedli mann\u0119 na pustyni i pomarli. To jest chleb, kt\u00f3ry z nieba zst\u0119puje: kto go spo\u017cywa, nie umrze. Ja jestem chlebem \u017cywym, kt\u00f3ry zst\u0105pi\u0142 z nieba. Je\u015bli kto spo\u017cywa ten chleb, b\u0119dzie \u017cy\u0142 na wieki. Chlebem, kt\u00f3ry Ja dam, jest moje cia\u0142o za \u017cycie \u015bwiata\u201d (J 6,41-51).<\/p>\n<p class=\"western\"><strong>\u00abNikt nie mo\u017ce przyj\u015b\u0107 do Mnie, je\u017celi go nie poci\u0105gnie Ojciec, kt\u00f3ry Mnie pos\u0142a\u0142\u00bb<\/strong><\/p>\n<p class=\"western\">Dzisiaj Ewangelia przedstawia konsternacj\u0119, jak\u0105 prze\u017cywali wsp\u00f3\u0142ziomkowie Jezusa w jego obecno\u015bci: \u00abCzy\u017c to nie jest Jezus, syn J\u00f3zefa, kt\u00f3rego ojca i matk\u0119 my znamy? Jak\u017ce\u017c mo\u017ce On teraz m\u00f3wi\u0107: &#8222;Z nieba zst\u0105pi\u0142em\u00bb (J 6,42). \u017bycie Jezusa w\u015br\u00f3d swoich by\u0142o tak normalne, \u017ce rozpocz\u0119cie g\u0142oszenia Kr\u00f3lestwa, wzburza\u0142o tych, kt\u00f3rzy go znali.<\/p>\n<p>O jakim Ojcu, kt\u00f3rego nikt nie widzia\u0142, m\u00f3wi\u0142 im Jezus? Kim by\u0142 ten chleb, kt\u00f3ry zst\u0105pi\u0142 z nieba, kt\u00f3ry sprawi, \u017ce spo\u017cywaj\u0105cy go b\u0119d\u0105 \u017cy\u0107 wiecznie? On zaprzecza\u0142, \u017ce to ma by\u0107 manna na pustyni, bo ci, kt\u00f3rzy j\u0105 jedz\u0105, pomr\u0105. \u00abChlebem, kt\u00f3ry Ja dam, jest moje cia\u0142o za \u017cycie \u015bwiata\u00bb (J 6,51). Czy Jego cia\u0142o mo\u017ce by\u0107 dla nas pokarmem? Konsternacja, jak\u0105 wzbudza\u0142 Jezus w\u015br\u00f3d \u017cyd\u00f3w, mo\u017ce rozszerzy\u0107 si\u0119 na nas, je\u015bli nie odpowiemy na centralne pytanie naszego chrze\u015bcija\u0144skiego \u017cycia: kim jest Jezus?<\/p>\n<p>Wiele m\u0119\u017cczyzn i kobiet przed nami zadawa\u0142o sobie to pytanie, osobi\u015bcie na nie odpowiedzieli i poszli do Jezusa, na\u015bladowali Go i teraz ciesz\u0105 si\u0119 \u017cyciem bez ko\u0144ca pe\u0142nym mi\u0142o\u015bci. W Ewangelii s\u0142uchamy Pana, kt\u00f3ry zaprasza nas by\u015bmy do Niego przyszli: \u2018Przyjd\u017acie do mnie wszyscy, kt\u00f3rzy utrudzeni i obci\u0105\u017ceni jeste\u015bcie, a Ja was pokrzepi\u0119\u2019\u00bb. Przyjmijmy S\u0142owo Ewangelii, kt\u00f3re przybli\u017ca nas do Jezusa ka\u017cdego dnia; przyjmijmy zaproszenie p\u0142yn\u0105ce z Ewangelii do wej\u015bcia w komuni\u0119 z Nim, spo\u017cywaj\u0105c Jego cia\u0142o, gdy\u017c \u00aboto jest prawdziwy pokarm, cia\u0142o Chrystusa, kt\u00f3re b\u0119d\u0105c S\u0142owem, sta\u0142o si\u0119 dla nas cia\u0142em\u00bb (Orygenes).<\/p>\n","protected":false},"excerpt":{"rendered":"<p>Tekst Ewangelii \u017bydzi szemrali przeciwko Jezusowi, dlatego \u017ce powiedzia\u0142: \u201eJam jest chleb, kt\u00f3ry z nieba zst\u0105pi\u0142\u201d, i m\u00f3wili: \u201eCzy\u017c to nie jest Jezus, syn J\u00f3zefa, kt\u00f3rego ojca i matk\u0119 znamy? Jak\u017ce\u017c mo\u017ce On teraz m\u00f3wi\u0107: \u00abZ nieba zst\u0105pi\u0142em\u00bb?\u201d Jezus im odpowiedzia\u0142: \u00abNie szemrajcie mi\u0119dzy sob\u0105. Nikt nie mo\u017ce przyj\u015b\u0107 do Mnie, je\u017celi go nie poci\u0105gnie Ojciec, kt\u00f3ry Mnie pos\u0142a\u0142; Ja za\u015b wskrzesz\u0119 go w dniu ostatecznym. Napisane jest u Prorok\u00f3w: \u00abOni wszyscy b\u0119d\u0105 uczniami Boga\u00bb. Ka\u017cdy, kto od Ojca us\u0142ysza\u0142 i nauczy\u0142 si\u0119, przyjdzie do Mnie. Nie znaczy to, aby ktokolwiek widzia\u0142 Ojca; jedynie Ten, kt\u00f3ry jest od Boga, widzia\u0142 Ojca. Zaprawd\u0119, zaprawd\u0119 powiadam wam: Kto we Mnie wierzy, ma \u017cycie wieczne.Jam jest chleb \u017cycia. Ojcowie wasi jedli mann\u0119 na pustyni i pomarli. To jest chleb, kt\u00f3ry z nieba zst\u0119puje: kto go spo\u017cywa, nie umrze. Ja jestem chlebem \u017cywym, kt\u00f3ry zst\u0105pi\u0142 z nieba. Je\u015bli kto spo\u017cywa ten chleb, b\u0119dzie \u017cy\u0142&hellip;<\/p>\n<p> <a class=\"more-link\" href=\"http:\/\/www.franciszek-walcz.pl\/?p=27762\">Czytaj dalej<\/a><\/p>\n","protected":false},"author":1,"featured_media":0,"comment_status":"closed","ping_status":"closed","sticky":false,"template":"","format":"standard","meta":{"footnotes":""},"categories":[5],"tags":[],"class_list":{"0":"post-27762","1":"post","2":"type-post","3":"status-publish","4":"format-standard","6":"category-artykuly"},"brizy_media":[],"_links":{"self":[{"href":"http:\/\/www.franciszek-walcz.pl\/index.php?rest_route=\/wp\/v2\/posts\/27762","targetHints":{"allow":["GET"]}}],"collection":[{"href":"http:\/\/www.franciszek-walcz.pl\/index.php?rest_route=\/wp\/v2\/posts"}],"about":[{"href":"http:\/\/www.franciszek-walcz.pl\/index.php?rest_route=\/wp\/v2\/types\/post"}],"author":[{"embeddable":true,"href":"http:\/\/www.franciszek-walcz.pl\/index.php?rest_route=\/wp\/v2\/users\/1"}],"replies":[{"embeddable":true,"href":"http:\/\/www.franciszek-walcz.pl\/index.php?rest_route=%2Fwp%2Fv2%2Fcomments&post=27762"}],"version-history":[{"count":1,"href":"http:\/\/www.franciszek-walcz.pl\/index.php?rest_route=\/wp\/v2\/posts\/27762\/revisions"}],"predecessor-version":[{"id":27763,"href":"http:\/\/www.franciszek-walcz.pl\/index.php?rest_route=\/wp\/v2\/posts\/27762\/revisions\/27763"}],"wp:attachment":[{"href":"http:\/\/www.franciszek-walcz.pl\/index.php?rest_route=%2Fwp%2Fv2%2Fmedia&parent=27762"}],"wp:term":[{"taxonomy":"category","embeddable":true,"href":"http:\/\/www.franciszek-walcz.pl\/index.php?rest_route=%2Fwp%2Fv2%2Fcategories&post=27762"},{"taxonomy":"post_tag","embeddable":true,"href":"http:\/\/www.franciszek-walcz.pl\/index.php?rest_route=%2Fwp%2Fv2%2Ftags&post=27762"}],"curies":[{"name":"wp","href":"https:\/\/api.w.org\/{rel}","templated":true}]}}