{"id":27778,"date":"2024-08-12T20:37:28","date_gmt":"2024-08-12T18:37:28","guid":{"rendered":"http:\/\/www.franciszek-walcz.pl\/?p=27778"},"modified":"2024-08-12T20:37:28","modified_gmt":"2024-08-12T18:37:28","slug":"matki-bozej-zielnej","status":"publish","type":"post","link":"http:\/\/www.franciszek-walcz.pl\/?p=27778","title":{"rendered":"Matki Bo\u017cej Zielnej"},"content":{"rendered":"<p class=\"western\">15 sierpnia, to szczeg\u00f3lny dzie\u0144 potr\u00f3jnego \u015bwi\u0119ta. Historia \u015bwiata przepe\u0142niona jest znakami czasu. Dla Polak\u00f3w takim czytelnym znakiem jest zbie\u017cno\u015b\u0107 \u015bwi\u0119ta Wniebowzi\u0119cia Naj\u015bwi\u0119tszej Maryi Panny ze wspania\u0142ym zwyci\u0119stwem Polski nad Rosj\u0105 Sowieck\u0105 w 1920 roku \u2013 nazywanym\u00a0\u201cCudem nad Wis\u0142\u0105\u201d.<\/p>\n<p class=\"western\">Zastanawiam si\u0119, czy my, Polacy, cho\u0107 jeste\u015bmy tak bardzo tradycyjnie \u201cmaryjni\u201c, zdajemy sobie spraw\u0119 z tego, jak mocno Ko\u015bci\u00f3\u0142 wi\u0105\u017ce osob\u0119 Matki Bo\u017cej z histori\u0105 naszej Ojczyzny, i jak sama Matka Bo\u017ca osobi\u015bcie wchodzi w t\u0119 histori\u0119. Tego osobistego wkroczenia Matki Bo\u017cej w polskie dzieje do\u015bwiadczyli\u015bmy w 1920 roku. Apokaliptyczny\u00a0\u201csmok ognisty\u201d\u00a0zamierza\u0142 po\u017cre\u0107 Polsk\u0119, dopiero co narodzon\u0105 na nowo po mrocznych latach zabor\u00f3w.<br \/>\n4 lipca 1920 roku pod bolszewickim has\u0142em Lenina\u00a0\u201cNaprz\u00f3d na Zach\u00f3d! Przez trupa Polski do serca Europy!\u201d\u00a0rozpocz\u0119\u0142a si\u0119 wielka ofensywa bolszewicka na ca\u0142ym Froncie Zachodnim \u2013 od granicy z \u0141otw\u0105 a\u017c do b\u0142ot poleskich. Historycznym dokumentem jest rozkaz marsza\u0142ka Tuchaczewskiego do podleg\u0142ych mu wojsk. Rozkaz nie budzi w\u0105tpliwo\u015bci, jakie by\u0142y cele strategiczne agresji sowieckiej:\u00a0Na Zach\u00f3d!!!<\/p>\n<p>Od pocz\u0105tku sierpnia z Wie\u017cy zegarowej Zamku Kr\u00f3lewskiego po\u0142o\u017conego tu\u017c nad Wis\u0142\u0105, z wie\u017cy Katedry \u015bw. Jana, z wie\u017c po\u0142o\u017conych na Starym Mie\u015bcie \u015bwi\u0105ty\u0144 wida\u0107 by\u0142o w krytycznych dniach dla Polski nadci\u0105gaj\u0105ce od wschodu oddzia\u0142y Armii Czerwonej, huk armat i dymy tocz\u0105cej si\u0119 pod Radzyminem krwawej bitwy z bolszewickim naje\u017ad\u017ac\u0105.<\/p>\n<p class=\"western\">Szef Sztabu Generalnego genera\u0142 Tadeusz Rozwadowski notowa\u0142 w lipcu 1920 roku:<br \/>\nCzu\u0142em dobrze, \u017ce tylko na siebie samych liczy\u0107 mo\u017cemy, a umacnia\u0142a mnie w tym przekonaniu jeszcze przestroga angielskiego marsza\u0142ka Wilsona, \u00f3wczesnego szefa Sztabu Wielkobrytyjskiego, kt\u00f3ry w\u00f3wczas na konferencji w Spa wypowiedzia\u0142 do mnie na po\u017cegnanie te stanowcze s\u0142owa: Nie liczcie tylko na jak\u0105kolwiek interwencj\u0119 dyplomatyczn\u0105 lub inn\u0105. Sowiety postanowi\u0142y zag\u0142ad\u0119 Polski i jestem dok\u0142adnie poinformowany, ze bezwzgl\u0119dnie wszelkimi si\u0142ami do tego d\u0105\u017c\u0105 i przez nikogo powstrzyma\u0107 si\u0119 nie dadz\u0105. My wszyscy pom\u00f3c wam realnie po wojnie \u015bwiatowej nie mo\u017cemy, a gdyby\u015bmy nawet mieli odpowiednie si\u0142y do dyspozycji, to i tak na czas przerzuci\u0107 ich do Polski nie zdo\u0142aliby\u015bmy. Wiec przysz\u0142o\u015b\u0107 wasza ca\u0142a w waszym w\u0142asnym tylko r\u0119ku, a je\u015bli sami zwyci\u0119\u017cy\u0107 nie potraficie, to zginiecie niechybnie.<\/p>\n<p class=\"western\">5 sierpnia 1920 roku, gdy Armia Sowiecka zaj\u0119\u0142a ju\u017c po\u0142ow\u0119 Polski i dotar\u0142a do Wis\u0142y, Ojciec \u015awi\u0119ty Benedykt XV wezwa\u0142 do modlitw biskup\u00f3w z wszystkich kraj\u00f3w Europy, bowiem jak stwierdzi\u0142 w swym przes\u0142aniu:<br \/>\nObecnie chodzi o rzeczy najwa\u017cniejsze: Obecnie jest w niebezpiecze\u0144stwie nie tylko istnienie narodowe Polski, lecz ca\u0142ej Europie gro\u017c\u0105 okropno\u015bci nowej wojny. Nie tylko wi\u0119c mi\u0142o\u015b\u0107 do Polski, ale mi\u0142o\u015b\u0107 dla Europy ca\u0142ej ka\u017ce nam pragn\u0105\u0107 po\u0142\u0105czenia si\u0119 z nami wszystkich wiernych w b\u0142aganiu Najwy\u017cszego, aby za or\u0119downictwem Naj\u015bwi\u0119tszej Dziewicy Opiekunki Polski zechcia\u0142 oszcz\u0119dzi\u0107 Narodowi Polskiemu tej ostatecznej kl\u0119ski oraz by raczy\u0142 odwr\u00f3ci\u0107 t\u0119 now\u0105 plag\u0119 od wycie\u0144czonej przez up\u0142yw krwi Europy.<\/p>\n<p class=\"western\">W \u015awi\u0119to Wniebowzi\u0119cia Naj\u015bwi\u0119tszej Marii Panny, czyli w polskiej tradycji w dzie\u0144 Matki Boskiej Zielnej \u2013 15 sierpnia 1920 roku Wojsko Polskie ruszy\u0142o do uderzenia na Armi\u0119 Czerwon\u0105, ju\u017c wtedy najpot\u0119\u017cniejsz\u0105, najliczniejsz\u0105 i najbardziej nieludzk\u0105 machin\u0119 wojenn\u0105 w dziejach \u015bwiata. Jej dywizje pewne by\u0142y ju\u017c pokonania Polak\u00f3w, zdobycia Warszawy oraz dalszego marszu na Berlin, Pary\u017c i inne stolice Europy, wed\u0142ug strategicznych plan\u00f3w podboju i dyrektyw rz\u0105du Rosji Sowieckiej.<br \/>\nBitwa Warszawska l920 roku, zwana te\u017c \u201cCudem nad Wis\u0142\u0105\u201d oraz Bitw\u0105 nad Wis\u0142\u0105, ocali\u0142a nie tylko odzyskan\u0105 niedawno polsk\u0105 niepodleg\u0142o\u015b\u0107. By\u0142a to jedna z trzech najwa\u017cniejszych bitew XX wieku na \u015bwiecie, a zarazem jedna z decyduj\u0105cych w ca\u0142ej historii ludzko\u015bci. Wojsko Polskie na czele ze zwyci\u0119skim wodzem marsza\u0142kiem J\u00f3zefem Pi\u0142sudskim zatrzyma\u0142o i zwyci\u0119\u017cy\u0142o milionow\u0105 nawa\u0142\u0119 Armii Czerwonej i uratowa\u0142o nie tylko Polsk\u0119, ale i ca\u0142\u0105 Europ\u0119 przed niewol\u0105 oraz wprowadzeniem zbrodniczego sowieckiego totalitaryzmu i systemu komunistycznego. By\u0142o to nawi\u0105zanie do najwspanialszych tradycji Rzeczypospolitej, kiedy to Polska nazywana by\u0142a powszechnie w krajach Zachodu przedmurzem chrze\u015bcija\u0144stwa albo przedmurzem Europy, co by\u0142o w\u00f3wczas r\u00f3wnoznaczne. Tak jak przed wiekami w 1920 roku na terytorium Rzeczypospolitej toczy\u0142a si\u0119 w rzeczywisto\u015bci bitwa o losy Europy.<\/p>\n<p>Dzie\u0144 15 sierpnia to zupe\u0142nie wyj\u0105tkowa data nie tylko w polskim kalendarzu, ale co wi\u0119cej to zupe\u0142nie bezprecedensowe \u015bwi\u0119to w skali globalnej. Nie ma kraju na \u015bwiecie, kt\u00f3ry by w jednym dniu jednocze\u015bnie obchodzi\u0142 \u015bwi\u0119to ko\u015bcielne, maryjne, wojskowe i pa\u0144stwowe. Jednocze\u015bnie! A w Polsce jest w\u0142a\u015bnie, aby uczci\u0107 i upami\u0119tni\u0107 bezprecedensowe zwyci\u0119stwo Polak\u00f3w i polskiego or\u0119\u017ca nad agresj\u0105 komunistycznej Rosji na Polsk\u0119 i Europ\u0119. To wiekopomne zwyci\u0119stwo zas\u0142uguje, aby nazwa\u0107 je:\u00a0VICTORIA POLSKA 1920ROKU. I je\u017celi my sami nie b\u0119dziemy tak nazywa\u0107 najwi\u0119kszego z naszych najwa\u017cniejszych zwyci\u0119stw w ca\u0142ej tysi\u0105cletniej historii, to kt\u00f3\u017c w Europie je tak okre\u015bli?!<\/p>\n<p class=\"western\">Od 1992 r. w dniu 15 sierpnia obchodzimy \u015awi\u0119to Wojska Polskiego. Wybrana data nawi\u0105zuje do wojny z bolszewikami, a konkretnie do zwyci\u0119skiej Bitwy Warszawskiej.<\/p>\n<p class=\"western\">Dzieje ludzi i narod\u00f3w to w\u0119dr\u00f3wki, podr\u00f3\u017ce cz\u0119sto w nieznane. To niebezpiecze\u0144stwa, oddzielenie od bliskich. To niewola i zmaganie o wolno\u015b\u0107. Do\u015bwiadczenie wyzwolenia, ale te\u017c \u015bwiadomo\u015b\u0107 ogranicze\u0144 i niespe\u0142nie\u0144.<\/p>\n<p class=\"western\">Dzieje ludzi i narod\u00f3w to r\u00f3wnie\u017c idea\u0142y i marzenia, kt\u00f3rych nie wolno si\u0119 wyrzec. Nale\u017cy do nich troska o pok\u00f3j, sprawiedliwy pok\u00f3j pomi\u0119dzy narodami.<\/p>\n<p class=\"western\">Dzieje ludzi i narod\u00f3w to wystrzeganie si\u0119 naiwno\u015bci. Nieraz przecie\u017c bywa\u0142o tak, \u017ce ci kt\u00f3rzy m\u00f3wili pok\u00f3j i bezpiecze\u0144stwo, parli do wojny i atakowali znienacka.<\/p>\n<p class=\"western\">Do podstawowych cech \u017co\u0142nierza nale\u017cy wierno\u015b\u0107. Polega ona na spe\u0142nieniu zobowi\u0105za\u0144 wobec ojczyzny. Realizuje si\u0119 w konsekwentnym wype\u0142nianiu powierzonych zda\u0144. Nawet w\u00f3wczas gdy s\u0105 one trudne, gdy wiele wymagaj\u0105 i nas osobi\u015bcie kosztuj\u0105. \u017bo\u0142nierza obowi\u0105zuje wierno\u015b\u0107 z\u0142o\u017conej przysi\u0119dze, rozkazowi, ale te\u017c dobrze ukszta\u0142towanemu sumieniu. Bowiem w ka\u017cdej sytuacji \u017co\u0142nierz pozostaje cz\u0142owiekiem osobi\u015bcie odpowiedzialnym za to, co czyni, albo za to, czego nie podejmuje.<\/p>\n<p class=\"western\">Pan B\u00f3g wzywa nas wszystkich, aby\u015bmy w miar\u0119 naszych mo\u017cliwo\u015bci budowli lepszy \u015bwiat i bardziej ludzkie spo\u0142ecze\u0144stwo. On wzywa nas, aby\u015bmy sprzeciwiali si\u0119 krzywdzie i z\u0142u. Aby\u015bmy dbali o swoj\u0105 w\u0142asn\u0105 godno\u015b\u0107 i o szlachetno\u015b\u0107 \u017cycia, tj. by\u015bmy nie rezygnowali z dokonywania autokorekt i z w\u0142asnego rozwoju, w sferze my\u015blenia, ocen, emocji oraz relacji z drugimi.<\/p>\n<p class=\"western\"><a name=\"_GoBack\"><\/a> Uroczysto\u015b\u0107 Wniebowzi\u0119cia Matki Bo\u017cej znana jest tak\u017ce pod nazw\u0105 Matki Bo\u017cej Zielnej. W tym dniu, jak ka\u017ce tradycja wierni przynosz\u0105 do ko\u015bcio\u0142a wi\u0105zanki plon\u00f3w ziemi i zi\u00f3\u0142. W \u015bredniowieczu teologowie wi\u0105zali zielono\u015b\u0107 z dziewictwem, kt\u00f3rego niedo\u015bcigniony wz\u00f3r odnajdujemy w Maryi. I tak Matka Bo\u017ca sta\u0142a si\u0119 patronk\u0105 plon\u00f3w ziemi i uzdrawiaj\u0105cych zi\u00f3\u0142. Zio\u0142a uzdrawia\u0142y cia\u0142o, za\u015b zawierzenie \u017cycia Patronce zi\u00f3\u0142 przynosi\u0142o uzdrowienie duszy. Tradycja ludowa ma swoje wyt\u0142umaczenie tego zwyczaju. Jedna z legend m\u00f3wi, \u017ce po przybyciu do grobu Matki Bo\u017cej, zamiast Jej cia\u0142a, Aposto\u0142owie znale\u017ali kwiaty i pachn\u0105ce zio\u0142a. Na pami\u0105tk\u0119 tego wydarzenia przynosimy do ko\u015bcio\u0142a kwiaty i zio\u0142a.<\/p>\n<p class=\"western\">Inna legenda t\u0142umaczy sk\u0105d bierze si\u0119 szczeg\u00f3lny kult Matki Bo\u017cej w\u015br\u00f3d ludzi pracuj\u0105cych na roli. Ot\u00f3\u017c B\u00f3g w swym gniewie zes\u0142a\u0142 sprawiedliw\u0105 kar\u0119 na z\u0142ych ludzi i woda zacz\u0119\u0142a zalewa\u0107 ziemi\u0119 coraz wy\u017cej i wy\u017cej. Wtedy Maryja uchwyci\u0142a \u017ad\u017ab\u0142o zbo\u017ca i os\u0142oni\u0142a go swoj\u0105 d\u0142oni\u0105 i tyle ile zdo\u0142a\u0142a uchwyci\u0107 ocala\u0142o i odt\u0105d \u017ad\u017ab\u0142o jest zako\u0144czone k\u0142osem na szeroko\u015b\u0107 d\u0142oni. Od tego czasu wdzi\u0119czni rolnicy obrali Matk\u0119 Bo\u017c\u0105 za patronk\u0119 swojej pracy, utrudzenia. W po\u0142owie sierpnia wi\u0119kszo\u015b\u0107 ro\u015blin uprawnych wydaje swoje owoce, a tak\u017ce zio\u0142a nabieraj\u0105 leczniczej mocy. Jest za co dzi\u0119kowa\u0107. Rolnicy zbieraj\u0105 plony ziemi oraz zio\u0142a i nios\u0105 do ko\u015bcio\u0142a, aby podzi\u0119kowa\u0107 Matce Bo\u017cej za jej opiek\u0119 i prosi\u0107 o dalsze b\u0142ogos\u0142awie\u0144stwo. Maryja wniebowzi\u0119ta ukazuje nadprzyrodzony wymiar ludzkiego utrudzenia. Jej szlachetne, niepokalane \u017cycie wyda\u0142o pi\u0119kny owoc wieczno\u015bci. Nasze codzienne utrudzenie, zawierzone Bogu i Matce Bo\u017cej rodzi najwa\u017cniejszy owoc naszego \u017cycia, owoc szcz\u0119\u015bliwej wieczno\u015bci.<\/p>\n<p class=\"western\">O \u015bwi\u0119ceniu zi\u00f3\u0142 i plon\u00f3w ziemi, kt\u00f3re dojrza\u0142y na polach przypominaj\u0105 ludowe przys\u0142owia: \u201eNa Wniebowzi\u0119cie poko\u0144czone \u017c\u0119cie\u201d, \u201eW tym dniu ka\u017cdy kwiat wo\u0142a \u2013 Zanie\u015b mnie do ko\u015bcio\u0142a\u201d.<\/p>\n<p class=\"western\">Oskar Kolberg w XIX wieku pisa\u0142: \u201eW \u015bwi\u0119to Wniebowzi\u0119cia NP, czyli Matki Boskiej Zielnej, ka\u017cda gospodyni znosi do ko\u015bcio\u0142a snopki zi\u00f3\u0142 ogrodowych i polnych pod\u00f3wczas kwitn\u0105cych , ze szczer\u0105 wiar\u0105, \u017ce po\u015bwi\u0119cenie przez kap\u0142ana powi\u0119ksza ich moc uzdrawiaj\u0105c\u0105 i zachowawcz\u0105. Gdy nat\u0142ok gospody\u0144 z temi snopeczkami jest wielkim, kap\u0142an wychodzi przed nabo\u017ce\u0144stwem na cmentarz ko\u015bcielny, gdzie kobiety kl\u0119cz\u0105 uszykowane, trzymaj\u0105c ka\u017cda sw\u00f3j snopeczek, a odm\u00f3wiwszy modlitw\u0119 i pokropiwszy zio\u0142a \u015bwi\u0119con\u0105 wod\u0105, wraca do ko\u015bcio\u0142a. Zio\u0142a te przechowuj\u0105 si\u0119 w chacie na siostrzanie, na oknie, za obrazami itd. Gar\u015b\u0107 z nich wrzuca si\u0119 nast\u0119pnie, w miar\u0119 potrzeby, do gotuj\u0105cej si\u0119 w garnku wody, kt\u00f3r\u0105 po przestygni\u0119ciu lub doprawieniu zimn\u0105 wod\u0105, wraz z dorzuceniem otr\u0119b pszennych lub ospy j\u0119czmiennej, daje si\u0119 byd\u0142u pi\u0107 przez kilka dni\u201d.<\/p>\n<p class=\"western\">Dawniej, po powrocie z ko\u015bcio\u0142a, najcz\u0119\u015bciej gospodarz zatrzymywa\u0142 si\u0119 na progu domu, \u017cegna\u0142 si\u0119 krzy\u017cem i m\u00f3wi\u0142: \u201eWianek od Zielnej Pani trza zawiesi\u0107 w komorze, by rok zdrowiem darowa\u0142 i \u0142ask\u0105 obejmowa\u0142\u201d. Zasuszony bukiet wieszano w budynkach gospodarczych lub w domu, gdzie najcz\u0119\u015bciej k\u0142adziono go za \u015bwi\u0119tym obrazem. Zio\u0142a z po\u015bwi\u0119conej wi\u0105zanki dodawano do r\u00f3\u017cnego rodzaju domowych herbat i wywar\u00f3w stosowanych w leczeniu ludzi i zwierz\u0105t gospodarskich. Okadzano nimi izb\u0119 i obej\u015bcie dla ochrony przed burz\u0105, po\u017carem i morem. Z po\u015bwi\u0119conych k\u0142os\u00f3w wykruszano ziarna pod pierwszy zasiew. Zio\u0142a, kt\u00f3re same w sobie mia\u0142y moc uzdrawiaj\u0105c\u0105, w po\u015bwi\u0119conej wi\u0105zance stawa\u0142y si\u0119 znakami obecno\u015bci w naszym \u017cyciu przemo\u017cnej Opiekunki i Uzdrowicielki, kt\u00f3ra z wysoko\u015bci nieba z mi\u0142o\u015bci\u0105 spogl\u0105da na swoje dzieci.<\/p>\n<p class=\"western\">Miesi\u0105c sierpie\u0144 to miesi\u0105c \u015bwi\u0105t maryjnych, pielgrzymek do tronu Matki na Jasnej G\u00f3rze, ale i wielu narodowych wspomnie\u0144 i rocznic. Sk\u0142ania nas do pytania o nasz\u0105 mi\u0142o\u015b\u0107 do Ojczyzny, do tego, co j\u0105 stanowi i wyra\u017ca, pytania o nasz patriotyzm.<\/p>\n<p class=\"western\">Jednak, jak m\u00f3wi poeta Kazimierz W\u0119grzyn w wierszu\u00a0\u201cWierz\u0119, \u017ce w imi\u0119 Matki\u2026\u201d, trzeba mie\u0107 nadziej\u0119:<\/p>\n<p class=\"western\">tyle trudnych pyta\u0144 stoi wci\u0105\u017c przed nami<br \/>\no los naszej Ojczyzny \u2013 o nasze sumienie<br \/>\nna \u017cadne z nich nie znamy przecie\u017c odpowiedzi<br \/>\nopr\u00f3cz tej \u017ce B\u00f3g jest dobry \u2013 dobry niesko\u0144czenie<br \/>\n\u017ce wci\u0105\u017c nam przecie\u017c rzuca ratunkowe ko\u0142a<br \/>\n\u017ce wci\u0105\u017c nam daje z nieba nadzwyczajne znaki<br \/>\n\u017ce w nas nie zw\u0105tpi\u0142 dot\u0105d \u2013 chocia\u017c my w\u0105tpimy<br \/>\nczy potrafimy odnale\u017a\u0107 Jego Bo\u017ce szlaki<br \/>\nsam oto czule pukasz r\u00f3\u017ca\u0144cem do nieba<br \/>\nB\u00f3g tych co w Niego wierz\u0105 nie trzyma za progiem<br \/>\ni cho\u0107 m\u00f3j Nar\u00f3d ci\u0119\u017cko poraniony grzechem<br \/>\nwierz\u0119 \u017ce w imi\u0119 Matki b\u0119dzie sta\u0142 przed Bogiem!\u00a0Amen.<\/p>\n","protected":false},"excerpt":{"rendered":"<p>15 sierpnia, to szczeg\u00f3lny dzie\u0144 potr\u00f3jnego \u015bwi\u0119ta. Historia \u015bwiata przepe\u0142niona jest znakami czasu. Dla Polak\u00f3w takim czytelnym znakiem jest zbie\u017cno\u015b\u0107 \u015bwi\u0119ta Wniebowzi\u0119cia Naj\u015bwi\u0119tszej Maryi Panny ze wspania\u0142ym zwyci\u0119stwem Polski nad Rosj\u0105 Sowieck\u0105 w 1920 roku \u2013 nazywanym\u00a0\u201cCudem nad Wis\u0142\u0105\u201d. Zastanawiam si\u0119, czy my, Polacy, cho\u0107 jeste\u015bmy tak bardzo tradycyjnie \u201cmaryjni\u201c, zdajemy sobie spraw\u0119 z tego, jak mocno Ko\u015bci\u00f3\u0142 wi\u0105\u017ce osob\u0119 Matki Bo\u017cej z histori\u0105 naszej Ojczyzny, i jak sama Matka Bo\u017ca osobi\u015bcie wchodzi w t\u0119 histori\u0119. Tego osobistego wkroczenia Matki Bo\u017cej w polskie dzieje do\u015bwiadczyli\u015bmy w 1920 roku. Apokaliptyczny\u00a0\u201csmok ognisty\u201d\u00a0zamierza\u0142 po\u017cre\u0107 Polsk\u0119, dopiero co narodzon\u0105 na nowo po mrocznych latach zabor\u00f3w. 4 lipca 1920 roku pod bolszewickim has\u0142em Lenina\u00a0\u201cNaprz\u00f3d na Zach\u00f3d! Przez trupa Polski do serca Europy!\u201d\u00a0rozpocz\u0119\u0142a si\u0119 wielka ofensywa bolszewicka na ca\u0142ym Froncie Zachodnim \u2013 od granicy z \u0141otw\u0105 a\u017c do b\u0142ot poleskich. Historycznym dokumentem jest rozkaz marsza\u0142ka Tuchaczewskiego do podleg\u0142ych mu wojsk. Rozkaz nie budzi w\u0105tpliwo\u015bci, jakie by\u0142y&hellip;<\/p>\n<p> <a class=\"more-link\" href=\"http:\/\/www.franciszek-walcz.pl\/?p=27778\">Czytaj dalej<\/a><\/p>\n","protected":false},"author":1,"featured_media":0,"comment_status":"closed","ping_status":"closed","sticky":false,"template":"","format":"standard","meta":{"footnotes":""},"categories":[5],"tags":[],"class_list":{"0":"post-27778","1":"post","2":"type-post","3":"status-publish","4":"format-standard","6":"category-artykuly"},"brizy_media":[],"_links":{"self":[{"href":"http:\/\/www.franciszek-walcz.pl\/index.php?rest_route=\/wp\/v2\/posts\/27778","targetHints":{"allow":["GET"]}}],"collection":[{"href":"http:\/\/www.franciszek-walcz.pl\/index.php?rest_route=\/wp\/v2\/posts"}],"about":[{"href":"http:\/\/www.franciszek-walcz.pl\/index.php?rest_route=\/wp\/v2\/types\/post"}],"author":[{"embeddable":true,"href":"http:\/\/www.franciszek-walcz.pl\/index.php?rest_route=\/wp\/v2\/users\/1"}],"replies":[{"embeddable":true,"href":"http:\/\/www.franciszek-walcz.pl\/index.php?rest_route=%2Fwp%2Fv2%2Fcomments&post=27778"}],"version-history":[{"count":1,"href":"http:\/\/www.franciszek-walcz.pl\/index.php?rest_route=\/wp\/v2\/posts\/27778\/revisions"}],"predecessor-version":[{"id":27779,"href":"http:\/\/www.franciszek-walcz.pl\/index.php?rest_route=\/wp\/v2\/posts\/27778\/revisions\/27779"}],"wp:attachment":[{"href":"http:\/\/www.franciszek-walcz.pl\/index.php?rest_route=%2Fwp%2Fv2%2Fmedia&parent=27778"}],"wp:term":[{"taxonomy":"category","embeddable":true,"href":"http:\/\/www.franciszek-walcz.pl\/index.php?rest_route=%2Fwp%2Fv2%2Fcategories&post=27778"},{"taxonomy":"post_tag","embeddable":true,"href":"http:\/\/www.franciszek-walcz.pl\/index.php?rest_route=%2Fwp%2Fv2%2Ftags&post=27778"}],"curies":[{"name":"wp","href":"https:\/\/api.w.org\/{rel}","templated":true}]}}