{"id":27795,"date":"2024-08-17T12:57:57","date_gmt":"2024-08-17T10:57:57","guid":{"rendered":"http:\/\/www.franciszek-walcz.pl\/?p=27795"},"modified":"2024-08-17T12:57:57","modified_gmt":"2024-08-17T10:57:57","slug":"xx-niedziela-okresu-zwyklego","status":"publish","type":"post","link":"http:\/\/www.franciszek-walcz.pl\/?p=27795","title":{"rendered":"XX Niedziela okresu zwyk\u0142ego"},"content":{"rendered":"<p class=\"western\">Tekst Ewangelii (J\u00a06,51-58):\u00a0Rzek\u0142 do nich Jezus: \u00abJa jestem chlebem \u017cywym, kt\u00f3ry zst\u0105pi\u0142 z nieba. Je\u015bli kto spo\u017cywa ten chleb, b\u0119dzie \u017cy\u0142 na wieki. Chlebem, kt\u00f3ry Ja dam, jest moje cia\u0142o za \u017cycie \u015bwiata\u00bb. Sprzeczali si\u0119 wi\u0119c mi\u0119dzy sob\u0105 \u017bydzi m\u00f3wi\u0105c: \u00abJak On mo\u017ce nam da\u0107 [swoje] cia\u0142o do spo\u017cycia?\u00bb Rzek\u0142 do nich Jezus: \u00abZaprawd\u0119, zaprawd\u0119, powiadam wam: Je\u017celi nie b\u0119dziecie spo\u017cywali Cia\u0142a Syna Cz\u0142owieczego i nie b\u0119dziecie pili Krwi Jego, nie b\u0119dziecie mieli \u017cycia w sobie. Kto spo\u017cywa moje Cia\u0142o i pije moj\u0105 Krew, ma \u017cycie wieczne, a Ja go wskrzesz\u0119 w dniu ostatecznym. Cia\u0142o moje jest prawdziwym pokarmem, a Krew moja jest prawdziwym napojem. Kto spo\u017cywa moje Cia\u0142o i Krew moj\u0105 pije, trwa we Mnie, a Ja w nim. Jak Mnie pos\u0142a\u0142 \u017cyj\u0105cy Ojciec, a Ja \u017cyj\u0119 przez Ojca, tak i ten, kto Mnie spo\u017cywa, b\u0119dzie \u017cy\u0142 przeze Mnie. To jest chleb, kt\u00f3ry z nieba zst\u0105pi\u0142 &#8211; nie jest on taki jak ten, kt\u00f3ry jedli wasi przodkowie, a poumierali. Kto spo\u017cywa ten chleb, b\u0119dzie \u017cy\u0142 na wieki\u00bb.<\/p>\n<p class=\"western\"><strong>\u00abJa jestem chlebem \u017cywym, kt\u00f3ry zst\u0105pi\u0142 z nieba. Je\u015bli kto spo\u017cywa ten chleb, b\u0119dzie \u017cy\u0142 na wieki\u00bb<\/strong><\/p>\n<p class=\"western\">Jezus Chrystus, kt\u00f3ry jest Drog\u0105, Prawd\u0105 i \u017byciem m\u00f3wi o sobie, \u017ce jest Chlebem. A chleb, jak wiadomo, robi si\u0119, aby go je\u015b\u0107. Lecz aby je\u015b\u0107 \u2013 warto te\u017c pami\u0119ta\u0107 &#8211; trzeba by\u0107 g\u0142odnym. Jak mo\u017cemy zrozumie\u0107, co tak naprawd\u0119 znaczy by\u0107 chrze\u015bcijaninem, skoro stracili\u015bmy g\u0142\u00f3d Boga? G\u0142\u00f3d poznania Go, g\u0142\u00f3d traktowania Go jak dobrego Przyjaciela, g\u0142\u00f3d dania pozna\u0107 Go innym, g\u0142\u00f3d dzielenia si\u0119 Nim, jak dzieli si\u0119 chleb przy stole. Jaki to pi\u0119kny obraz, kiedy g\u0142owa rodziny dzieli dobry chleb, na kt\u00f3ry wcze\u015bniej zarobi\u0142 ci\u0119\u017ck\u0105 prac\u0105, kiedy rozdaje go hojnie w r\u0119ce swoich dzieci! A wi\u0119c teraz Jezus rozdaje si\u0119 jak Chleb \u017bycia, i On sam ustala komu daje si\u0119 w obfito\u015bci, kt\u00f3ra a\u017c sprawia dreszcz emocji.<\/p>\n<p>Chleb \u017bycia&#8230;, ale jakiego \u017bycia? Wiadomo, \u017ce nie przed\u0142u\u017cy nam ani o jeden dzie\u0144 naszej egzystencji na tej ziemi; ale na pewno zmieni nam jako\u015b\u0107 i g\u0142\u0119bi\u0119 prze\u017cywania ka\u017cdej chwili naszych dni. Zapytajmy szczerze: \u2014 A ja, jakiego chc\u0119 dla siebie \u017cycia? I por\u00f3wnajmy je z rzeczywist\u0105 sytuacj\u0105, w jakiej si\u0119 znajdujemy. Czy to jest wszystko, czego pragn\u0105\u0142e\u015b? Nie s\u0105dzisz, \u017ce horyzont wci\u0105\u017c mo\u017ce by\u0107 znacznie bardziej szeroki? Wi\u0119c sp\u00f3jrz: znacznie wi\u0119cej ni\u017c mo\u017cemy sobie wyobrazi\u0107 ty i ja razem&#8230; znacznie bardziej pe\u0142ne&#8230; o wiele pi\u0119kniejsze&#8230; o wiele bardziej&#8230; jest \u017bycie Chrystusa t\u0119tni\u0105ce w Eucharystii. I Ono tam jest w oczekiwaniu, aby\u015bmy je spo\u017cywali, tu\u017c u drzwi twojego serca, cierpliwe, ale \u017carliwe, jak kto\u015b potrafi\u0105cy naprawd\u0119 kocha\u0107. A po tym wszystkim czeka \u017bycie wieczne: \u00abJe\u015bli kto spo\u017cywa ten chleb, b\u0119dzie \u017cy\u0142 na wieki\u00bb (J 6,58). \u2014 Czego wi\u0119cej chcie\u0107?<\/p>\n","protected":false},"excerpt":{"rendered":"<p>Tekst Ewangelii (J\u00a06,51-58):\u00a0Rzek\u0142 do nich Jezus: \u00abJa jestem chlebem \u017cywym, kt\u00f3ry zst\u0105pi\u0142 z nieba. Je\u015bli kto spo\u017cywa ten chleb, b\u0119dzie \u017cy\u0142 na wieki. Chlebem, kt\u00f3ry Ja dam, jest moje cia\u0142o za \u017cycie \u015bwiata\u00bb. Sprzeczali si\u0119 wi\u0119c mi\u0119dzy sob\u0105 \u017bydzi m\u00f3wi\u0105c: \u00abJak On mo\u017ce nam da\u0107 [swoje] cia\u0142o do spo\u017cycia?\u00bb Rzek\u0142 do nich Jezus: \u00abZaprawd\u0119, zaprawd\u0119, powiadam wam: Je\u017celi nie b\u0119dziecie spo\u017cywali Cia\u0142a Syna Cz\u0142owieczego i nie b\u0119dziecie pili Krwi Jego, nie b\u0119dziecie mieli \u017cycia w sobie. Kto spo\u017cywa moje Cia\u0142o i pije moj\u0105 Krew, ma \u017cycie wieczne, a Ja go wskrzesz\u0119 w dniu ostatecznym. Cia\u0142o moje jest prawdziwym pokarmem, a Krew moja jest prawdziwym napojem. Kto spo\u017cywa moje Cia\u0142o i Krew moj\u0105 pije, trwa we Mnie, a Ja w nim. Jak Mnie pos\u0142a\u0142 \u017cyj\u0105cy Ojciec, a Ja \u017cyj\u0119 przez Ojca, tak i ten, kto Mnie spo\u017cywa, b\u0119dzie \u017cy\u0142 przeze Mnie. To jest chleb, kt\u00f3ry z nieba zst\u0105pi\u0142 &#8211; nie jest&hellip;<\/p>\n<p> <a class=\"more-link\" href=\"http:\/\/www.franciszek-walcz.pl\/?p=27795\">Czytaj dalej<\/a><\/p>\n","protected":false},"author":1,"featured_media":0,"comment_status":"closed","ping_status":"closed","sticky":false,"template":"","format":"standard","meta":{"footnotes":""},"categories":[1],"tags":[],"class_list":{"0":"post-27795","1":"post","2":"type-post","3":"status-publish","4":"format-standard","6":"category-uncategorized"},"brizy_media":[],"_links":{"self":[{"href":"http:\/\/www.franciszek-walcz.pl\/index.php?rest_route=\/wp\/v2\/posts\/27795","targetHints":{"allow":["GET"]}}],"collection":[{"href":"http:\/\/www.franciszek-walcz.pl\/index.php?rest_route=\/wp\/v2\/posts"}],"about":[{"href":"http:\/\/www.franciszek-walcz.pl\/index.php?rest_route=\/wp\/v2\/types\/post"}],"author":[{"embeddable":true,"href":"http:\/\/www.franciszek-walcz.pl\/index.php?rest_route=\/wp\/v2\/users\/1"}],"replies":[{"embeddable":true,"href":"http:\/\/www.franciszek-walcz.pl\/index.php?rest_route=%2Fwp%2Fv2%2Fcomments&post=27795"}],"version-history":[{"count":1,"href":"http:\/\/www.franciszek-walcz.pl\/index.php?rest_route=\/wp\/v2\/posts\/27795\/revisions"}],"predecessor-version":[{"id":27796,"href":"http:\/\/www.franciszek-walcz.pl\/index.php?rest_route=\/wp\/v2\/posts\/27795\/revisions\/27796"}],"wp:attachment":[{"href":"http:\/\/www.franciszek-walcz.pl\/index.php?rest_route=%2Fwp%2Fv2%2Fmedia&parent=27795"}],"wp:term":[{"taxonomy":"category","embeddable":true,"href":"http:\/\/www.franciszek-walcz.pl\/index.php?rest_route=%2Fwp%2Fv2%2Fcategories&post=27795"},{"taxonomy":"post_tag","embeddable":true,"href":"http:\/\/www.franciszek-walcz.pl\/index.php?rest_route=%2Fwp%2Fv2%2Ftags&post=27795"}],"curies":[{"name":"wp","href":"https:\/\/api.w.org\/{rel}","templated":true}]}}