{"id":27806,"date":"2024-08-24T16:03:11","date_gmt":"2024-08-24T14:03:11","guid":{"rendered":"http:\/\/www.franciszek-walcz.pl\/?p=27806"},"modified":"2024-08-24T16:03:11","modified_gmt":"2024-08-24T14:03:11","slug":"xxi-niedziela-okresu-zwyklego","status":"publish","type":"post","link":"http:\/\/www.franciszek-walcz.pl\/?p=27806","title":{"rendered":"XXI Niedziela okresu zwyk\u0142ego"},"content":{"rendered":"<p class=\"western\">Tekst Ewangelii (J\u00a06,60-69):<\/p>\n<p class=\"western\">A spo\u015br\u00f3d Jego uczni\u00f3w, kt\u00f3rzy to us\u0142yszeli, wielu m\u00f3wi\u0142o: \u00abTrudna jest ta mowa. Kt\u00f3\u017c jej mo\u017ce s\u0142ucha\u0107?\u00bb Jezus jednak \u015bwiadom tego, \u017ce uczniowie Jego na to szemrali, rzek\u0142 do nich: \u00abTo was gorszy? A gdy ujrzycie Syna Cz\u0142owieczego, jak b\u0119dzie wst\u0119powa\u0142 tam, gdzie by\u0142 przedtem? Duch daje \u017cycie; cia\u0142o na nic si\u0119 nie przyda. S\u0142owa, kt\u00f3re Ja wam powiedzia\u0142em, s\u0105 duchem i s\u0105 \u017cyciem. Lecz po\u015br\u00f3d was s\u0105 tacy, kt\u00f3rzy nie wierz\u0105\u00bb. Jezus bowiem na pocz\u0105tku wiedzia\u0142, kt\u00f3rzy to s\u0105 , co nie wierz\u0105, i kto mia\u0142 Go wyda\u0107. Rzek\u0142 wi\u0119c: \u00abOto dlaczego wam powiedzia\u0142em: Nikt nie mo\u017ce przyj\u015b\u0107 do Mnie, je\u017celi mu to nie zosta\u0142o dane przez Ojca\u00bb.<\/p>\n<p>Odt\u0105d wielu uczni\u00f3w Jego si\u0119 wycofa\u0142o i ju\u017c z Nim nie chodzi\u0142o. Rzek\u0142 wi\u0119c Jezus do Dwunastu: \u00abCzy\u017c i wy chcecie odej\u015b\u0107?\u00bb Odpowiedzia\u0142 Mu Szymon Piotr: \u00abPanie, do kog\u00f3\u017c p\u00f3jdziemy? Ty masz s\u0142owa \u017cycia wiecznego. A my\u015bmy uwierzyli i poznali, \u017ce Ty jeste\u015b \u015awi\u0119tym Boga\u00bb.<\/p>\n<p class=\"western\"><strong>\u00abPanie, do kog\u00f3\u017c p\u00f3jdziemy? Ty masz s\u0142owa \u017cycia wiecznego\u00bb<\/strong><\/p>\n<p class=\"western\">Dzisiaj, Ewangelia przenosi nas do Kafarnaum, gdzie za Jezusem pod\u0105\u017ca wielu, kt\u00f3rzy zobaczyli jego cuda, a szczeg\u00f3lnie spektakularne rozmno\u017cenie chleba. Z punktu widzenia spo\u0142ecznego, Jezus odni\u00f3s\u0142 sukces, nawet chcieli go mianowa\u0107 kr\u00f3lem. Jednak sukces popularno\u015bci go nie za\u015blepia.<\/p>\n<p>Powiada\u0142 pewien s\u0142ynny kap\u0142an, \u017ce w historii Ko\u015bcio\u0142a zdarza\u0142y si\u0119 osoby, kt\u00f3re by\u0142y niezast\u0105pionymi kolumnami: \u00abwielu wocofa\u0142o si\u0119 i ju\u017c z Nim nie chodzili\u00bb (J 6,66).<\/p>\n<p class=\"western\">Ty i ja mo\u017cemy upa\u015b\u0107, odrzuci\u0107, odej\u015b\u0107, krytykowa\u0107, p\u00f3j\u015b\u0107 w\u0142asn\u0105 drog\u0105. Lecz z pokor\u0105 i zaufaniem zwr\u00f3\u0107my si\u0119 do dobrego Jezusa, \u017ce chcemy by\u0107 mu wierni dzisiaj, jutro i przez wszystkie dni; niech sprawi, \u017ceby\u015bmy zobaczyli jak nie ma sensu dyskutowanie z naukami Boga lub Ko\u015bcio\u0142a tylko dlatego, \u017ce \u201cich nie pojmujemy\u201d: \u00abPanie, do kog\u00f3\u017c p\u00f3jdziemy?\u00bb (J 6,68).<\/p>\n<p class=\"western\">Pro\u015bmy o wi\u0119cej ducha. Tylko w Jezusie i w jego Ko\u015bciele znajdziemy S\u0142owa \u017cycia wiecznego: \u00abTy masz s\u0142owa \u017cycia wiecznego\u00bb (J 6,68).<\/p>\n<p>My, tak jak Piotr, wiemy, \u017ce Jezus m\u00f3wi do nas nadnaturalnym j\u0119zykiem, j\u0119zykiem, kt\u00f3ry trzeba w\u0142a\u015bciwie nastroi\u0107, aby wej\u015b\u0107 w jego pe\u0142ny sens; w przeciwnym razie s\u0142yszymy tylko niesp\u00f3jne i nieprzyjemne d\u017awi\u0119ki; musimy si\u0119 dostroi\u0107. Podobnie do Piotra, tak\u017ce nasze chrze\u015bcija\u0144skie \u017cycie sk\u0142ada si\u0119 z chwil, w kt\u00f3rych trzeba odnowi\u0107 i pokaza\u0107, \u017ce jeste\u015bmy z Jezusem i chcemy za Nim pod\u0105\u017ca\u0107. Piotr mi\u0142owa\u0142 Jezusa i dlatego pozosta\u0142 z Nim.<\/p>\n<p class=\"western\">Inni, kt\u00f3rzy kochali Go dla chleba, dla \u201ccukierk\u00f3w\u201d, z przyczyn politycznych, wycofali si\u0119. Tajemnic\u0105 wierno\u015bci jest mi\u0142o\u015b\u0107 i zaufanie. Pro\u015bmy wiern\u0105 Dziewic\u0119, aby pomog\u0142a nam dzisiaj by\u0107 wiernymi Ko\u015bcio\u0142owi, kt\u00f3ry mamy.<\/p>\n","protected":false},"excerpt":{"rendered":"<p>Tekst Ewangelii (J\u00a06,60-69): A spo\u015br\u00f3d Jego uczni\u00f3w, kt\u00f3rzy to us\u0142yszeli, wielu m\u00f3wi\u0142o: \u00abTrudna jest ta mowa. Kt\u00f3\u017c jej mo\u017ce s\u0142ucha\u0107?\u00bb Jezus jednak \u015bwiadom tego, \u017ce uczniowie Jego na to szemrali, rzek\u0142 do nich: \u00abTo was gorszy? A gdy ujrzycie Syna Cz\u0142owieczego, jak b\u0119dzie wst\u0119powa\u0142 tam, gdzie by\u0142 przedtem? Duch daje \u017cycie; cia\u0142o na nic si\u0119 nie przyda. S\u0142owa, kt\u00f3re Ja wam powiedzia\u0142em, s\u0105 duchem i s\u0105 \u017cyciem. Lecz po\u015br\u00f3d was s\u0105 tacy, kt\u00f3rzy nie wierz\u0105\u00bb. Jezus bowiem na pocz\u0105tku wiedzia\u0142, kt\u00f3rzy to s\u0105 , co nie wierz\u0105, i kto mia\u0142 Go wyda\u0107. Rzek\u0142 wi\u0119c: \u00abOto dlaczego wam powiedzia\u0142em: Nikt nie mo\u017ce przyj\u015b\u0107 do Mnie, je\u017celi mu to nie zosta\u0142o dane przez Ojca\u00bb. Odt\u0105d wielu uczni\u00f3w Jego si\u0119 wycofa\u0142o i ju\u017c z Nim nie chodzi\u0142o. Rzek\u0142 wi\u0119c Jezus do Dwunastu: \u00abCzy\u017c i wy chcecie odej\u015b\u0107?\u00bb Odpowiedzia\u0142 Mu Szymon Piotr: \u00abPanie, do kog\u00f3\u017c p\u00f3jdziemy? Ty masz s\u0142owa \u017cycia wiecznego. A my\u015bmy uwierzyli&hellip;<\/p>\n<p> <a class=\"more-link\" href=\"http:\/\/www.franciszek-walcz.pl\/?p=27806\">Czytaj dalej<\/a><\/p>\n","protected":false},"author":1,"featured_media":0,"comment_status":"closed","ping_status":"closed","sticky":false,"template":"","format":"standard","meta":{"footnotes":""},"categories":[1],"tags":[],"class_list":{"0":"post-27806","1":"post","2":"type-post","3":"status-publish","4":"format-standard","6":"category-uncategorized"},"brizy_media":[],"_links":{"self":[{"href":"http:\/\/www.franciszek-walcz.pl\/index.php?rest_route=\/wp\/v2\/posts\/27806","targetHints":{"allow":["GET"]}}],"collection":[{"href":"http:\/\/www.franciszek-walcz.pl\/index.php?rest_route=\/wp\/v2\/posts"}],"about":[{"href":"http:\/\/www.franciszek-walcz.pl\/index.php?rest_route=\/wp\/v2\/types\/post"}],"author":[{"embeddable":true,"href":"http:\/\/www.franciszek-walcz.pl\/index.php?rest_route=\/wp\/v2\/users\/1"}],"replies":[{"embeddable":true,"href":"http:\/\/www.franciszek-walcz.pl\/index.php?rest_route=%2Fwp%2Fv2%2Fcomments&post=27806"}],"version-history":[{"count":1,"href":"http:\/\/www.franciszek-walcz.pl\/index.php?rest_route=\/wp\/v2\/posts\/27806\/revisions"}],"predecessor-version":[{"id":27807,"href":"http:\/\/www.franciszek-walcz.pl\/index.php?rest_route=\/wp\/v2\/posts\/27806\/revisions\/27807"}],"wp:attachment":[{"href":"http:\/\/www.franciszek-walcz.pl\/index.php?rest_route=%2Fwp%2Fv2%2Fmedia&parent=27806"}],"wp:term":[{"taxonomy":"category","embeddable":true,"href":"http:\/\/www.franciszek-walcz.pl\/index.php?rest_route=%2Fwp%2Fv2%2Fcategories&post=27806"},{"taxonomy":"post_tag","embeddable":true,"href":"http:\/\/www.franciszek-walcz.pl\/index.php?rest_route=%2Fwp%2Fv2%2Ftags&post=27806"}],"curies":[{"name":"wp","href":"https:\/\/api.w.org\/{rel}","templated":true}]}}