{"id":27859,"date":"2024-09-14T12:03:53","date_gmt":"2024-09-14T10:03:53","guid":{"rendered":"http:\/\/www.franciszek-walcz.pl\/?p=27859"},"modified":"2024-09-14T12:20:10","modified_gmt":"2024-09-14T10:20:10","slug":"24-niedziela-zwykla","status":"publish","type":"post","link":"http:\/\/www.franciszek-walcz.pl\/?p=27859","title":{"rendered":"24. Niedziela Zwyk\u0142a"},"content":{"rendered":"<p class=\"western\">Tekst Ewangelii (Mk\u00a08,27-35):\u00a0Potem Jezus uda\u0142 si\u0119 ze swoimi uczniami do wiosek pod Cezare\u0105 Filipow\u0105. W drodze pyta\u0142 uczni\u00f3w: \u00abZa kogo uwa\u017caj\u0105 Mnie ludzie?\u00bb Oni Mu odpowiedzieli: \u00abZa Jana Chrzciciela, inni za Eliasza, jeszcze inni za jednego z prorok\u00f3w\u00bb. On ich zapyta\u0142: \u00abA wy za kogo Mnie uwa\u017cacie?\u00bb Odpowiedzia\u0142 Mu Piotr: \u00abTy jeste\u015b Mesjasz\u00bb.<\/p>\n<p>Wtedy surowo im przykaza\u0142, \u017ceby nikomu o Nim nie m\u00f3wili. I zacz\u0105\u0142 ich poucza\u0107, \u017ce Syn Cz\u0142owieczy musi wiele cierpie\u0107, \u017ce b\u0119dzie odrzucony przez starszych, arcykap\u0142an\u00f3w i uczonych w Pi\u015bmie; \u017ce b\u0119dzie zabity, ale po trzech dniach zmartwychwstanie. A m\u00f3wi\u0142 zupe\u0142nie otwarcie te s\u0142owa. Wtedy Piotr wzi\u0105\u0142 Go na bok i zacz\u0105\u0142 Go upomina\u0107. Lecz On obr\u00f3ci\u0142 si\u0119 i patrz\u0105c na swych uczni\u00f3w, zgromi\u0142 Piotra s\u0142owami: \u00abZejd\u017a Mi z oczu, szatanie, bo nie my\u015blisz o tym, co Bo\u017ce, ale o tym, co ludzkie\u00bb.<\/p>\n<p>Potem przywo\u0142a\u0142 do siebie t\u0142um razem ze swoimi uczniami i rzek\u0142 im: \u00abJe\u015bli kto chce p\u00f3j\u015b\u0107 za Mn\u0105, niech si\u0119 zaprze samego siebie, niech we\u017amie krzy\u017c sw\u00f3j i niech Mnie na\u015bladuje! Bo kto chce zachowa\u0107 swoje \u017cycie, straci je; a kto straci swe \u017cycie z powodu Mnie i Ewangelii, zachowa je.<\/p>\n<p class=\"western\"><strong>Je\u015bli kto chce p\u00f3j\u015b\u0107 za Mn\u0105<\/strong><\/p>\n<p class=\"western\">\u00a0Pewnego dnia do pustelnika przyszed\u0142 cz\u0142owiek, kt\u00f3ry postanowi\u0142 opowiedzie\u0107 mu, jaki jest dobry. M\u00f3wi\u0142: wspomagam ubogich, modl\u0119 si\u0119 regularnie, anga\u017cuj\u0119 si\u0119 w \u017cycie mojej wsp\u00f3lnoty i wsz\u0119dzie ciesz\u0119 si\u0119 szacunkiem.<\/p>\n<p class=\"western\">Pustelnik spojrza\u0142 na niego i powiedzia\u0142: Nazywasz siebie dobrym. Ale mam pewn\u0105 propozycj\u0119. Id\u017a do domu i zapytaj \u017con\u0119, co do ciebie czuje. Id\u017a do swoich dzieci i zapytaj, co o tobie my\u015bl\u0105. Id\u017a do swoich s\u0105siad\u00f3w i zapytaj, co o tobie m\u00f3wi\u0105. A potem wr\u00f3\u0107 do mnie i powiedz mi, jaki dobry jeste\u015b. Nikt lepiej nie widzi ma\u0142ych i du\u017cych b\u0142\u0119d\u00f3w od tych, kt\u00f3rzy \u017cyj\u0105 z tob\u0105 na co dzie\u0144.<\/p>\n<p class=\"western\">W dzisiejszej Ewangelii spotykamy Jezusa, kt\u00f3ry pyta swoich uczni\u00f3w o opinie na sw\u00f3j temat:\u00a0Za kogo uwa\u017caj\u0105 Mnie ludzie?\u00a0(Mk 8, 27). Niekt\u00f3rzy widzieli w Nim nowego Jana Chrzciciela, inni Eliasza, kt\u00f3rego powrotu wielu oczekiwa\u0142o, a jeszcze inni po prostu widzieli w Nim nowego proroka (por. Mk 8, 28), kt\u00f3ry raz po raz pojawia\u0142 si\u0119 w historii ludu Bo\u017cego, a potem popadnie w zapomnienie. Ludzie por\u00f3wnywali Jezusa ze znanymi wzorami do na\u015bladowania.<\/p>\n<p class=\"western\">Kiedy Jezus chcia\u0142 si\u0119 dowiedzie\u0107 od uczni\u00f3w, kt\u00f3rzy sp\u0119dzali z Nim du\u017co czasu, kim dla nich jest, zada\u0142 im pytanie\u00a0A wy za kogo Mnie uwa\u017cacie? Odpowiedzia\u0142 Mu Piotr: Ty jeste\u015b Mesjasz\u00a0(Mk 8, 29), czyli pos\u0142any przez Boga, kt\u00f3rego wielu oczekiwa\u0142o. Jezus spotyka si\u0119 wi\u0119c ze strony Piotra z najwi\u0119kszym uznaniem, jakie mo\u017cna by\u0142o w\u00f3wczas sobie wyobrazi\u0107.<\/p>\n<p class=\"western\">Piotr cz\u0119sto spontanicznie wyznawa\u0142 wiar\u0119 w Syna Bo\u017cego, ale cz\u0119sto te\u017c musia\u0142 przyznawa\u0107 si\u0119, \u017ce Jezus nie odpowiada\u0142 jego wyobra\u017ceniu. I r\u00f3wnie\u017c w tej dzisiejszej Ewangelii dokonuje si\u0119 taki zwrot, dokonuje si\u0119 co\u015b nieoczekiwanego. Jezus m\u00f3wi o swoim cierpieniu, \u015bmierci i zmartwychwstaniu. I w\u0142a\u015bnie przez te s\u0142owa burzy ca\u0142e wyobra\u017cenie Piotra o Mesjaszu. Wed\u0142ug niego cierpienie i \u015bmier\u0107 po prostu nie pasuj\u0105 do Mesjasza. To, co ludzkie, przys\u0142oni\u0142o to, co Bo\u017ce. Dlatego musi us\u0142ysze\u0107 twarde i bolesne s\u0142owa:\u00a0Zejd\u017a Mi z oczu, szatanie, bo nie my\u015blisz o tym, co Bo\u017ce, ale o tym, co ludzkie\u00a0(Mk 8, 33).<\/p>\n<p class=\"western\">Jezus w taki spos\u00f3b pragnie ukaza\u0107 Piotrowi, \u017ce wyznanie wiary ma sens wy\u0142\u0105cznie wtedy, kiedy wi\u0105\u017ce si\u0119 z nim zmiana sposobu my\u015blenia \u2013 patrze\u0107 na nasze \u017cycie z perspektywy Boga. Nie mo\u017cemy bowiem zaprzeczy\u0107, \u017ce r\u00f3wnie\u017c nam ta zmiana sposobu my\u015blenia przychodzi z trudem, \u017ce i my niejednokrotnie stworzyli\u015bmy sobie obraz Jezusa na sw\u00f3j w\u0142asny u\u017cytek, Jezusa, kt\u00f3ry nam odpowiada.<\/p>\n<p class=\"western\">Cesarz Aleksander Wielki, kt\u00f3ry w IV wieku p.n.e. zbudowa\u0142 ogromne imperium, pewnego dnia stan\u0105\u0142 w obliczu \u017co\u0142nierza, kt\u00f3ry zaniedbywa\u0142 swoje obowi\u0105zki.<\/p>\n<p class=\"western\">Jak masz na imi\u0119?\u00a0\u2013 zapyta\u0142 cesarz.<\/p>\n<p class=\"western\">Aleksander\u00a0\u2013 brzmia\u0142a odpowied\u017a.<\/p>\n<p class=\"western\">Wi\u0119c nosisz moje imi\u0119\u00a0\u2013 warkn\u0105\u0142 cesarz.\u00a0Cz\u0142owieku, sta\u0144 si\u0119 tym, kim jeste\u015b \u2013 albo porzu\u0107 swoje imi\u0119!<\/p>\n<p class=\"western\">Podobnie, jak wielu ludzi, nazywamy siebie chrze\u015bcijanami.\u00a0Ale gdyby Jezus Chrystus przyszed\u0142 i zapyta\u0142 nas: Jak my\u015blisz, kim jestem? Kim jestem dla ciebie?<br \/>\nCo robisz, aby pokaza\u0107, \u017ce w Mnie wierzysz? Co bym mu odpowiedzia\u0142?<\/p>\n<p class=\"western\">Wierzymy w Jezusa Chrystusa i chcemy do Niego nale\u017ce\u0107.\u00a0\u015awiadczy o tym nasza obecno\u015b\u0107 tutaj w ko\u015bciele. Musimy jednak stara\u0107 si\u0119 o to, by nasz obraz Jezusa Chrystusa nie by\u0142 tylko obrazem moich wyobra\u017ce\u0144, ale bym umia\u0142 przyj\u0105\u0107 Go z ca\u0142\u0105 prawd\u0105, takim, jakim jest, takim, jakim da\u0142 nam si\u0119 pozna\u0107. A poznawszy Go, bym umia\u0142 Go na\u015bladowa\u0107.<\/p>\n<p class=\"western\">Aposto\u0142 Jakub m\u00f3wi dzisiaj bardzo jasno: potrzebna jest wiara, kt\u00f3ra nie tylko wyznaje Boga i Jezusa Chrystusa jako Zbawiciela ludzi, ale kt\u00f3ra ma wp\u0142yw i sprawdza si\u0119 w \u017cyciu codziennym.\u00a0Chodzi o wiar\u0119 prze\u017cywan\u0105, kt\u00f3ra obejmuje tak\u017ce akty mi\u0142o\u015bci. Nie wystarczy\u0142oby, gdyby wierz\u0105cy po prostu skierowali kilka pobo\u017cnych s\u0142\u00f3w do swoich braci i si\u00f3str w potrzebie, zamiast skutecznie im pom\u00f3c. Taka wiara nie mo\u017ce bowiem zbawi\u0107 ludzi, a jedynie wiara, kt\u00f3ra skuteczna jest w mi\u0142o\u015b\u0107! Wiara, kt\u00f3r\u0105 wyznajemy tydzie\u0144 po tygodniu podczas Mszy \u015awi\u0119tej, musi przynosi\u0107 owoce w \u017cyciu.<\/p>\n<p class=\"western\">Pro\u015bmy wi\u0119c Boga, aby umacnia\u0142 nasz\u0105 wiar\u0119. Aby nasza wiara stawa\u0142a si\u0119 rzeczywist\u0105 odpowiedzi\u0105, \u017ce w Jezusie Chrystusie odnajdujemy Mesjasza i aby\u015bmy t\u0105 nasz\u0105 wiar\u0119 umieli potwierdza\u0107 czynami.<\/p>\n","protected":false},"excerpt":{"rendered":"<p>Tekst Ewangelii (Mk\u00a08,27-35):\u00a0Potem Jezus uda\u0142 si\u0119 ze swoimi uczniami do wiosek pod Cezare\u0105 Filipow\u0105. W drodze pyta\u0142 uczni\u00f3w: \u00abZa kogo uwa\u017caj\u0105 Mnie ludzie?\u00bb Oni Mu odpowiedzieli: \u00abZa Jana Chrzciciela, inni za Eliasza, jeszcze inni za jednego z prorok\u00f3w\u00bb. On ich zapyta\u0142: \u00abA wy za kogo Mnie uwa\u017cacie?\u00bb Odpowiedzia\u0142 Mu Piotr: \u00abTy jeste\u015b Mesjasz\u00bb. Wtedy surowo im przykaza\u0142, \u017ceby nikomu o Nim nie m\u00f3wili. I zacz\u0105\u0142 ich poucza\u0107, \u017ce Syn Cz\u0142owieczy musi wiele cierpie\u0107, \u017ce b\u0119dzie odrzucony przez starszych, arcykap\u0142an\u00f3w i uczonych w Pi\u015bmie; \u017ce b\u0119dzie zabity, ale po trzech dniach zmartwychwstanie. A m\u00f3wi\u0142 zupe\u0142nie otwarcie te s\u0142owa. Wtedy Piotr wzi\u0105\u0142 Go na bok i zacz\u0105\u0142 Go upomina\u0107. Lecz On obr\u00f3ci\u0142 si\u0119 i patrz\u0105c na swych uczni\u00f3w, zgromi\u0142 Piotra s\u0142owami: \u00abZejd\u017a Mi z oczu, szatanie, bo nie my\u015blisz o tym, co Bo\u017ce, ale o tym, co ludzkie\u00bb. Potem przywo\u0142a\u0142 do siebie t\u0142um razem ze swoimi uczniami i rzek\u0142 im: \u00abJe\u015bli kto&hellip;<\/p>\n<p> <a class=\"more-link\" href=\"http:\/\/www.franciszek-walcz.pl\/?p=27859\">Czytaj dalej<\/a><\/p>\n","protected":false},"author":1,"featured_media":0,"comment_status":"closed","ping_status":"closed","sticky":false,"template":"","format":"standard","meta":{"footnotes":""},"categories":[5],"tags":[],"class_list":{"0":"post-27859","1":"post","2":"type-post","3":"status-publish","4":"format-standard","6":"category-artykuly"},"brizy_media":[],"_links":{"self":[{"href":"http:\/\/www.franciszek-walcz.pl\/index.php?rest_route=\/wp\/v2\/posts\/27859","targetHints":{"allow":["GET"]}}],"collection":[{"href":"http:\/\/www.franciszek-walcz.pl\/index.php?rest_route=\/wp\/v2\/posts"}],"about":[{"href":"http:\/\/www.franciszek-walcz.pl\/index.php?rest_route=\/wp\/v2\/types\/post"}],"author":[{"embeddable":true,"href":"http:\/\/www.franciszek-walcz.pl\/index.php?rest_route=\/wp\/v2\/users\/1"}],"replies":[{"embeddable":true,"href":"http:\/\/www.franciszek-walcz.pl\/index.php?rest_route=%2Fwp%2Fv2%2Fcomments&post=27859"}],"version-history":[{"count":2,"href":"http:\/\/www.franciszek-walcz.pl\/index.php?rest_route=\/wp\/v2\/posts\/27859\/revisions"}],"predecessor-version":[{"id":27865,"href":"http:\/\/www.franciszek-walcz.pl\/index.php?rest_route=\/wp\/v2\/posts\/27859\/revisions\/27865"}],"wp:attachment":[{"href":"http:\/\/www.franciszek-walcz.pl\/index.php?rest_route=%2Fwp%2Fv2%2Fmedia&parent=27859"}],"wp:term":[{"taxonomy":"category","embeddable":true,"href":"http:\/\/www.franciszek-walcz.pl\/index.php?rest_route=%2Fwp%2Fv2%2Fcategories&post=27859"},{"taxonomy":"post_tag","embeddable":true,"href":"http:\/\/www.franciszek-walcz.pl\/index.php?rest_route=%2Fwp%2Fv2%2Ftags&post=27859"}],"curies":[{"name":"wp","href":"https:\/\/api.w.org\/{rel}","templated":true}]}}