{"id":27875,"date":"2024-09-21T14:43:47","date_gmt":"2024-09-21T12:43:47","guid":{"rendered":"http:\/\/www.franciszek-walcz.pl\/?p=27875"},"modified":"2024-09-21T14:43:47","modified_gmt":"2024-09-21T12:43:47","slug":"uroczysty-apel-z-okazji-swieta-1-regionalnej-bazy-logistycznej","status":"publish","type":"post","link":"http:\/\/www.franciszek-walcz.pl\/?p=27875","title":{"rendered":"Uroczysty Apel z okazji \u015awi\u0119ta 1 Regionalnej Bazy Logistycznej"},"content":{"rendered":"<p align=\"center\"><span style=\"font-family: Times New Roman, serif;\"><span style=\"font-size: large;\"><b>W dniu 12 wrze\u015bnia 2024 r. o godz. 12.00 w Wa\u0142eckim Centrum Kultury odby\u0142 si\u0119 uroczysty Apel z okazji \u015awi\u0119ta 1 Regionalnej Bazy Logistycznej. Obchody \u015awi\u0119ta 1 RBLog zosta\u0142y poprzedzone msz\u0105 \u015bwi\u0119t\u0105 odprawion\u0105 w intencji \u017co\u0142nierzy i pracownik\u00f3w Garnizonu Wa\u0142cz oraz ich rodzin<\/b><\/span><\/span><span style=\"font-family: Times New Roman, serif;\"><span style=\"font-size: x-large;\"><b>.<\/b><\/span><\/span><\/p>\n<p><span style=\"font-family: Times New Roman, serif;\"><span style=\"font-size: medium;\"><b>\u015awi\u0119to 1 RBLog jest donios\u0142ym wydarzeniem. Tego dnia podkre\u015blane jest znaczenie systemu logistycznego w Si\u0142ach Zbrojnych Rzeczypospolitej Polskiej. Codzienn\u0105 gorliw\u0105 prac\u0105 i s\u0142u\u017cb\u0105 budujemy oblicze 1 Regionalnej Bazy Logistycznej i ca\u0142ej logistyki Si\u0142 Zbrojnych.<\/b><\/span><\/span><\/p>\n<p><span style=\"font-family: Times New Roman, serif;\"><span style=\"font-size: medium;\"><b>Podczas uroczysto\u015bci zosta\u0142y odczytane postanowienia, decyzje oraz rozkazy w sprawie nadania odznacze\u0144, mianowania na wy\u017csze stopnie wojskowe oraz wyr\u00f3\u017cnienia. Szef Szefostwa Planowania Logistycznego Inspektoratu Wsparcia Si\u0142 Zbrojnych Pan p\u0142k Karol LANGA w asy\u015bcie Komendanta 1 Regionalnej Bazy Logistycznej Pana p\u0142k Janusza KRYSZPINA wr\u0119czyli akty mianowania na wy\u017csze stopnie wojskowe i odznaczenia dla zas\u0142u\u017conych \u017co\u0142nierzy i pracownik\u00f3w.<\/b><\/span><\/span><\/p>\n<p><span style=\"font-family: Times New Roman, serif;\"><span style=\"font-size: medium;\"><b>Tego dnia zosta\u0142a r\u00f3wnie\u017c wr\u0119czona nagroda Szefa Inspektoratu Wsparcia Si\u0142 Zbrojnych za zaj\u0119cie przez 1 RBLog II miejsca za dzia\u0142alno\u015b\u0107 racjonalizatorsk\u0105 w Si\u0142ach Zbrojnych.<\/b><\/span><\/span><\/p>\n<p><span style=\"font-family: Times New Roman, serif;\"><span style=\"font-size: medium;\"><b>Opraw\u0119 muzyczn\u0105 podczas apelu zapewni\u0142a Orkiestra Wojskowa ze \u015awinouj\u015bcia pod dow\u00f3dztwem Kapelmistrza Pana por. Piotra CUPRYSIA oraz batut\u0105 Tamburmajora st. kpr. Kacpra TOMCZAKA.<\/b><\/span><\/span><\/p>\n<p><span style=\"font-family: Times New Roman, serif;\"><span style=\"font-size: medium;\"><b>Uczestnicy uroczysto\u015bci obchod\u00f3w \u015awi\u0119ta 1 RBLog uczestniczyli w pokazach i prezentacjach sprz\u0119tu wojskowego, licznie odwiedzaj\u0105c stanowiska promocyjne pododdzia\u0142\u00f3w 1 RBLog i pozosta\u0142ych jednostek z garnizonu. Podczas \u015bwi\u0119towania nie zabrak\u0142o r\u00f3wnie\u017c wojskowej groch\u00f3wki i \u015bwie\u017co wypiekanego chleba.<\/b><\/span><\/span><\/p>\n<p><span style=\"font-family: Times New Roman, serif;\"><span style=\"font-size: medium;\"><b>Zwie\u0144czeniem uroczysto\u015bci by\u0142 wyst\u0119p artystyczny Reprezentacyjnego Zespo\u0142u Artystycznego Wojska Polskiego. Zar\u00f3wno wyst\u0119py solist\u00f3w, jak i przedstawienia zespo\u0142u baletowego okraszone przepi\u0119kn\u0105 opraw\u0105 muzyczn\u0105 zostan\u0105 na d\u0142ugo w pami\u0119ci uczestnik\u00f3w uroczysto\u015bci.<\/b><\/span><\/span><\/p>\n<p><span style=\"font-family: Times New Roman, serif;\"><span style=\"font-size: medium;\"><b>Pan Pu\u0142kownik Janusz KRYSZPIN podzi\u0119kowa\u0142 wszystkim za udzia\u0142 w uroczystym apelu, wyra\u017caj\u0105c szacunek dla tradycji i historii oraz \u017cyczy\u0142 udanego wsp\u00f3lnego \u015bwi\u0119towania.<\/b><\/span><\/span><\/p>\n","protected":false},"excerpt":{"rendered":"<p>W dniu 12 wrze\u015bnia 2024 r. o godz. 12.00 w Wa\u0142eckim Centrum Kultury odby\u0142 si\u0119 uroczysty Apel z okazji \u015awi\u0119ta 1 Regionalnej Bazy Logistycznej. Obchody \u015awi\u0119ta 1 RBLog zosta\u0142y poprzedzone msz\u0105 \u015bwi\u0119t\u0105 odprawion\u0105 w intencji \u017co\u0142nierzy i pracownik\u00f3w Garnizonu Wa\u0142cz oraz ich rodzin. \u015awi\u0119to 1 RBLog jest donios\u0142ym wydarzeniem. Tego dnia podkre\u015blane jest znaczenie systemu logistycznego w Si\u0142ach Zbrojnych Rzeczypospolitej Polskiej. Codzienn\u0105 gorliw\u0105 prac\u0105 i s\u0142u\u017cb\u0105 budujemy oblicze 1 Regionalnej Bazy Logistycznej i ca\u0142ej logistyki Si\u0142 Zbrojnych. Podczas uroczysto\u015bci zosta\u0142y odczytane postanowienia, decyzje oraz rozkazy w sprawie nadania odznacze\u0144, mianowania na wy\u017csze stopnie wojskowe oraz wyr\u00f3\u017cnienia. Szef Szefostwa Planowania Logistycznego Inspektoratu Wsparcia Si\u0142 Zbrojnych Pan p\u0142k Karol LANGA w asy\u015bcie Komendanta 1 Regionalnej Bazy Logistycznej Pana p\u0142k Janusza KRYSZPINA wr\u0119czyli akty mianowania na wy\u017csze stopnie wojskowe i odznaczenia dla zas\u0142u\u017conych \u017co\u0142nierzy i pracownik\u00f3w. Tego dnia zosta\u0142a r\u00f3wnie\u017c wr\u0119czona nagroda Szefa Inspektoratu Wsparcia Si\u0142 Zbrojnych za zaj\u0119cie przez 1 RBLog II&hellip;<\/p>\n<p> <a class=\"more-link\" href=\"http:\/\/www.franciszek-walcz.pl\/?p=27875\">Czytaj dalej<\/a><\/p>\n","protected":false},"author":1,"featured_media":0,"comment_status":"closed","ping_status":"closed","sticky":false,"template":"","format":"standard","meta":{"footnotes":""},"categories":[1],"tags":[],"class_list":{"0":"post-27875","1":"post","2":"type-post","3":"status-publish","4":"format-standard","6":"category-uncategorized"},"brizy_media":[],"_links":{"self":[{"href":"http:\/\/www.franciszek-walcz.pl\/index.php?rest_route=\/wp\/v2\/posts\/27875","targetHints":{"allow":["GET"]}}],"collection":[{"href":"http:\/\/www.franciszek-walcz.pl\/index.php?rest_route=\/wp\/v2\/posts"}],"about":[{"href":"http:\/\/www.franciszek-walcz.pl\/index.php?rest_route=\/wp\/v2\/types\/post"}],"author":[{"embeddable":true,"href":"http:\/\/www.franciszek-walcz.pl\/index.php?rest_route=\/wp\/v2\/users\/1"}],"replies":[{"embeddable":true,"href":"http:\/\/www.franciszek-walcz.pl\/index.php?rest_route=%2Fwp%2Fv2%2Fcomments&post=27875"}],"version-history":[{"count":1,"href":"http:\/\/www.franciszek-walcz.pl\/index.php?rest_route=\/wp\/v2\/posts\/27875\/revisions"}],"predecessor-version":[{"id":27876,"href":"http:\/\/www.franciszek-walcz.pl\/index.php?rest_route=\/wp\/v2\/posts\/27875\/revisions\/27876"}],"wp:attachment":[{"href":"http:\/\/www.franciszek-walcz.pl\/index.php?rest_route=%2Fwp%2Fv2%2Fmedia&parent=27875"}],"wp:term":[{"taxonomy":"category","embeddable":true,"href":"http:\/\/www.franciszek-walcz.pl\/index.php?rest_route=%2Fwp%2Fv2%2Fcategories&post=27875"},{"taxonomy":"post_tag","embeddable":true,"href":"http:\/\/www.franciszek-walcz.pl\/index.php?rest_route=%2Fwp%2Fv2%2Ftags&post=27875"}],"curies":[{"name":"wp","href":"https:\/\/api.w.org\/{rel}","templated":true}]}}