{"id":27890,"date":"2024-09-28T14:04:30","date_gmt":"2024-09-28T12:04:30","guid":{"rendered":"http:\/\/www.franciszek-walcz.pl\/?p=27890"},"modified":"2024-09-28T14:06:39","modified_gmt":"2024-09-28T12:06:39","slug":"27890","status":"publish","type":"post","link":"http:\/\/www.franciszek-walcz.pl\/?p=27890","title":{"rendered":"KSI\u0104DZ JERZY POPIE\u0141USZKO, PATRON WSP\u00d3\u0141CZESNEJ WOLNO\u015aCI"},"content":{"rendered":"<p align=\"left\"><span style=\"font-family: Times New Roman, serif;\"><span style=\"font-size: medium;\"><strong>List pasterski Episkopatu Polski<\/strong><\/span><\/span><\/p>\n<p align=\"left\"><span style=\"font-family: Times New Roman, serif;\"><span style=\"font-size: medium;\">40 lat temu, w pa\u017adzierniku 1984 roku, ksi\u0105dz Jerzy Popie\u0142uszko zosta\u0142 zamordowany przez funkcjonariuszy S\u0142u\u017cby Bezpiecze\u0144stwa PRL. Kap\u0142an, kt\u00f3ry sta\u0142 si\u0119 symbolem troski o losy ojczyzny w 2010 roku, zosta\u0142 og\u0142oszony b\u0142ogos\u0142awionym. Przez jego \u017cycie realizowa\u0142 si\u0119 Bo\u017cy plan zbawienia. W jego s\u0142owach i decyzjach mo\u017cna wi\u0119c szuka\u0107 \u015bwi\u0119to\u015bci, kt\u00f3ra przekracza swoj\u0105 epok\u0119. Czy ksi\u0119dza Jerzego mo\u017cna nadal na\u015bladowa\u0107? Czy jego epoka bardzo r\u00f3\u017cni si\u0119 od naszej?<\/span><\/span><\/p>\n<p align=\"left\"><span style=\"font-family: Times New Roman, serif;\"><span style=\"font-size: medium;\"><strong>W stron\u0119 kap\u0142a\u0144stwa<\/strong><\/span><\/span><\/p>\n<p align=\"left\"><span style=\"font-family: Times New Roman, serif;\"><span style=\"font-size: medium;\">Ksi\u0105dz Popie\u0142uszko pochodzi\u0142 z podlaskiej wsi Okopy. G\u0142\u0119boka wiara rodzic\u00f3w i trudy codziennego \u017cycia ukszta\u0142towa\u0142y si\u0142\u0119 jego charakteru. W domu uczy\u0142 si\u0119 odr\u00f3\u017cnia\u0107 dobro od z\u0142a, prawd\u0119 od k\u0142amstwa, uczy\u0142 si\u0119 szanowa\u0107 ludzi. Matka rozpoczyna\u0142a codzienn\u0105 modlitw\u0119. Przysz\u0142y kap\u0142an zainspirowa\u0142 si\u0119 osob\u0105 Ojca Maksymiliana Kolbego, wi\u0119c po maturze, w 1965 roku, zg\u0142osi\u0142 si\u0119 do warszawskiego seminarium duchownego.<\/span><\/span><\/p>\n<p align=\"left\"><span style=\"font-family: Times New Roman, serif;\"><span style=\"font-size: medium;\">W opinii seminaryjnych koleg\u00f3w Popie\u0142uszko nie wyr\u00f3\u017cnia\u0142 si\u0119 ani nadzwyczajn\u0105 modlitw\u0105, ani studiami. Wielk\u0105 pr\u00f3b\u0105 sta\u0142a si\u0119 dwuletnia przymusowa s\u0142u\u017cba w kleryckiej jednostce wojskowej. W ca\u0142ym spo\u0142ecze\u0144stwie w zamian za wyrzeczenie si\u0119 warto\u015bci kuszono awansami lub oferowano \u015bwi\u0119ty spok\u00f3j. Kto nie uznawa\u0142 socjalistycznego porz\u0105dku, musia\u0142 liczy\u0107 si\u0119 z prze\u015bladowaniem. Kleryk\u00f3w poddawano indoktrynacji, zabraniano praktyk religijnych. Popie\u0142uszko nie rozumia\u0142 by\u0107 mo\u017ce, jak wielkim si\u0142om z\u0142a stawia op\u00f3r. Codziennie, wytrwale modli\u0142 si\u0119 na g\u0142os, odm\u00f3wi\u0142 porzucenia medalika i r\u00f3\u017ca\u0144ca. W jednym z list\u00f3w pisa\u0142, \u017ce m\u00f3g\u0142by unikn\u0105\u0107 prze\u015bladowa\u0144 w zamian za ust\u0119pstwa, ale chcia\u0142 \u017cy\u0107 g\u0142\u0119biej. By\u0142 wi\u0119c upokarzany i poddawany brutalnej presji. Zachowa\u0142 jednak wewn\u0119trzn\u0105 wolno\u015b\u0107, a nawet poci\u0105ga\u0142 wielu koleg\u00f3w. Ca\u0142e jego p\u00f3\u017aniejsze, kap\u0142a\u0144skie \u017cycie sta\u0142o si\u0119 polem dramatycznej walki o podstawowe warto\u015bci w \u017cyciu cz\u0142owieka i spo\u0142ecze\u0144stwa.\u00a0<\/span><\/span><\/p>\n<p align=\"left\"><span style=\"font-family: Times New Roman, serif;\"><span style=\"font-size: medium;\"><strong>Kapelan hutnik\u00f3w<\/strong><\/span><\/span><\/p>\n<p align=\"left\"><span style=\"font-family: Times New Roman, serif;\"><span style=\"font-size: medium;\">\u015awi\u0119cenia kap\u0142a\u0144skie przyj\u0105\u0142 z r\u0105k kardyna\u0142a Stefana Wyszy\u0144skiego w maju 1972 roku. Przez pierwsze lata wype\u0142nia\u0142 zwyczajn\u0105 pos\u0142ug\u0119 wikariusza w kilku parafiach. M\u00f3wi\u0142 kazania, spowiada\u0142, chrzci\u0142, zajmowa\u0142\u00a0si\u0119 duszpasterstwem\u00a0piel\u0119gniarek i student\u00f3w medycyny. W 1980 roku zosta\u0142 rezydentem parafii \u015awi\u0119tego Stanis\u0142awa Kostki w Warszawie. W sierpniu tego roku ca\u0142\u0105 Polsk\u0119 zala\u0142a fala solidarno\u015bciowych strajk\u00f3w. Kap\u0142an, w\u00f3wczas 33-letni, zosta\u0142 poproszony przez robotnik\u00f3w z Huty Warszawa o odprawienie dla nich polowej Mszy \u015awi\u0119tej. Pisa\u0142 p\u00f3\u017aniej: \u201eSpowiada\u0142em ludzi, kt\u00f3rzy zm\u0119czeni do granic wytrzyma\u0142o\u015bci kl\u0119czeli na bruku. I tam chyba ci ludzie zrozumieli, \u017ce s\u0105 silni, s\u0105 mocni w\u0142a\u015bnie w jedno\u015bci z Bogiem, z Ko\u015bcio\u0142em\u201d. Komunizm odebra\u0142 im prawo w\u0142asno\u015bci, narzuca\u0142 now\u0105 wizj\u0119 historii i ateistyczny system warto\u015bci. Cz\u0142owiek potrzebuje jednak czego\u015b wi\u0119cej ni\u017c \u015bwi\u0119ty spok\u00f3j. Szuka prawdy, w\u0142asnej to\u017csamo\u015bci, wolno\u015bci.\u00a0 Potrzebuje wiedzie\u0107, kim jest i sk\u0105d si\u0119 wzi\u0105\u0142, potrzebuje wiary i mi\u0142o\u015bci. Po odprawieniu tej Mszy \u015awi\u0119tej ksi\u0105dz szeroko otworzy\u0142 dla hutnik\u00f3w drzwi swojego domu. Stworzone przez niego duszpasterstwo ludzi pracy rozwija\u0142o si\u0119 z miesi\u0105ca na miesi\u0105c.<\/span><\/span><\/p>\n<p align=\"left\"><span style=\"font-family: Times New Roman, serif;\"><span style=\"font-size: medium;\"><strong>G\u0142os wolno\u015bci<\/strong><\/span><\/span><\/p>\n<p align=\"left\"><span style=\"font-family: Times New Roman, serif;\"><span style=\"font-size: medium;\">13 grudnia 1981 roku\u00a0rz\u0105d PRL wprowadzi\u0142 stan wojenny. Wielu przyjaci\u00f3\u0142 ksi\u0119dza Popie\u0142uszki aresztowano i poddano represjom. \u201eBy\u0142em z nimi w czasie triumfu, pozosta\u0142em z nimi i w grudniow\u0105, czarn\u0105 noc&#8221; \u2013 powiedzia\u0142 kap\u0142an. Jako jeden z pierwszych zorganizowa\u0142 w Warszawie punkt wymiany informacji o internowanych, chodzi\u0142 na rozprawy s\u0105dowe hutnik\u00f3w, jego mieszkanie zamieni\u0142o si\u0119 w sk\u0142ad pomocy charytatywnej, a drzwi zawsze by\u0142y otwarte dla potrzebuj\u0105cych. Od lutego 1982 roku\u00a0rozpocz\u0105\u0142 odprawianie comiesi\u0119cznych Mszy w intencji Ojczyzny. By\u0142 bardzo blisko ludzi, nios\u0105c ich ci\u0119\u017cary i dramaty. Jego skromne do tej pory kazania sta\u0142y si\u0119 niezwykle przenikliwe i nabra\u0142y wielkiej mocy. Przypomina\u0142, \u017ce wszelkie kryzysy bior\u0105 si\u0119 z braku prawdy, a \u017ceby \u017cy\u0107 w prawdzie trzeba pokonywa\u0107 l\u0119k. Przypomina\u0142 prawdziw\u0105 histori\u0119 Polski, stawa\u0142 w obronie pokrzywdzonych. Na \u017boliborz przybywa\u0142y dziesi\u0105tki tysi\u0119cy wiernych z ca\u0142ej Polski, notowano wiele nawr\u00f3ce\u0144 i chrzt\u00f3w os\u00f3b doros\u0142ych. Uczestnicy Mszy za Ojczyzn\u0119 wracali do dom\u00f3w wolni od l\u0119ku i nienawi\u015bci, z poczuciem godno\u015bci i nadziei.<\/span><\/span><\/p>\n<p align=\"left\"><span style=\"font-family: Times New Roman, serif;\"><span style=\"font-size: medium;\">Tam, gdzie dociera\u0142 jego g\u0142os, tam system komunistyczny, rz\u0105dz\u0105cy strachem i manipulacj\u0105, traci\u0142 wp\u0142ywy. Komuni\u015bci uruchomili wi\u0119c machin\u0119 prze\u015bladowania. Zacz\u0119to go szpiegowa\u0107, w mieszkaniu za\u0142o\u017cono pods\u0142uch, podsy\u0142ano agent\u00f3w udaj\u0105cych przyjaci\u00f3\u0142. Do domu wrzucono \u0142adunek wybuchowy, gro\u017cono mu \u015bmierci\u0105, uszkodzono samoch\u00f3d. Podrzucono mu nielegalne materia\u0142y, aresztowano, znies\u0142awiano w mediach. Mimo udr\u0119czenia kap\u0142an nie dawa\u0142 si\u0119 zastraszy\u0107, co wi\u0119cej \u2013 zyska\u0142 rang\u0119 moralnego autorytetu i symbolu wolno\u015bci w Polsce i poza jej granicami. Komuni\u015bci postanowili go zabi\u0107. Kapelan hutnik\u00f3w wielokrotnie m\u00f3wi\u0142 bliskim, \u017ce spodziewa si\u0119 zamachu na swoje \u017cycie. M\u00f3wi\u0142 te\u017c, \u017ce jest gotowy na wszystko i \u017ce na\u015bladowcy Chrystusa powinni by\u0107 zdolni do oddania \u017cycia za prawd\u0119.<\/span><\/span><\/p>\n<p align=\"left\"><span style=\"font-family: Times New Roman, serif;\"><span style=\"font-size: medium;\"><strong>Misja po \u015bmierci<\/strong><\/span><\/span><\/p>\n<p align=\"left\"><span style=\"font-family: Times New Roman, serif;\"><span style=\"font-size: medium;\">19 pa\u017adziernika 1984 roku ksi\u0105dz Jerzy Popie\u0142uszko podczas spotkania Duszpasterstwa Ludzi Pracy w Bydgoszczy powiedzia\u0142: \u201eM\u00f3dlmy si\u0119, aby\u015bmy byli wolni od l\u0119ku, zastraszenia, ale przede wszystkim od \u017c\u0105dzy odwetu i przemocy&#8221;. By\u0142y to jego ostatnie publiczne s\u0142owa, swoisty testament, w kt\u00f3rym modli\u0142 si\u0119 o wolno\u015b\u0107 i przebacza\u0142 winowajcom. W drodze powrotnej do domu zosta\u0142 porwany przez funkcjonariuszy S\u0142u\u017cby Bezpiecze\u0144stwa i bestialsko skatowany. Cia\u0142o wrzucono do Wis\u0142y. Po\u017cegnanie ksi\u0119dza Jerzego Popie\u0142uszki, kt\u00f3re odby\u0142o si\u0119 przy warszawskim ko\u015bciele \u015awi\u0119tego Stanis\u0142awa Kostki, by\u0142o najliczniejsz\u0105 ceremoni\u0105 pogrzebow\u0105 w historii Polski. Od 600 tysi\u0119cy do miliona uczestnik\u00f3w manifestowa\u0142o pok\u00f3j i przebaczenie, co wstrz\u0105sn\u0119\u0142o po raz kolejny komunistycznym systemem, kt\u00f3ry przygotowa\u0142 si\u0119 tego dnia do brutalnej walki z t\u0142umem.<\/span><\/span><\/p>\n<p align=\"left\"><span style=\"font-family: Times New Roman, serif;\"><span style=\"font-size: medium;\">Podczas procesu beatyfikacyjnego pytano \u015bwiadk\u00f3w o to, czy ksi\u0105dz Popie\u0142uszko mia\u0142 jakie\u015b nadzwyczajne duchowe moce czy charyzmaty. Wszyscy odpowiedzieli przecz\u0105co. By\u0142 zwyczajnym cz\u0142owiekiem, takim jak my wszyscy. Jego droga, modlitwa, wyb\u00f3r prawdy, przebaczenie dost\u0119pne s\u0105 dla ka\u017cdego z nas. To droga do przemiany samego siebie i \u015bwiata, droga do kr\u00f3lestwa Bo\u017cego.\u00a0Wiele os\u00f3b pisze dzi\u015b o wewn\u0119trznej przemianie, o \u0142askach doznanych za wstawiennictwem b\u0142ogos\u0142awionego. Ludzie dzi\u0119kuj\u0105 za uwolnienie z depresji, na\u0142og\u00f3w, za za\u017cegnanie spor\u00f3w w rodzinie, za uzdrowienia. Ksi\u0105dz Jerzy z pasj\u0105 nadal pomaga ludziom, podobnie jak za \u017cycia. Jego misja uwalniania ludzkich serc do \u017cycia w prawdzie i wolno\u015bci intensywnie si\u0119 rozwija. Przy grobie modli\u0142o si\u0119 do tej pory blisko 23 miliony os\u00f3b. Jego relikwie czczone s\u0105 w 1800 miejscach na sze\u015bciu kontynentach. Skromna posta\u0107 kap\u0142ana przekroczy\u0142a granice geograficzne, kulturowe i pokoleniowe. Sta\u0142 si\u0119 patronem Solidarno\u015bci, patronem prze\u015bladowanych chrze\u015bcijan, spo\u0142ecze\u0144stw zmagaj\u0105cych si\u0119 z totalitaryzmem, konsumpcjonizmem i chaosem warto\u015bci. Jest przede wszystkim patronem ludzi, kt\u00f3rzy chc\u0105 prze\u017cy\u0107 warto\u015bciowe \u017cycie. Jest patronem ludzi m\u0142odych, jako przewodnik w skomplikowanym \u015bwieci p\u00f3\u0142prawd, konflikt\u00f3w, l\u0119ku i nienawi\u015bci.<\/span><\/span><\/p>\n<p align=\"left\"><span style=\"font-family: Times New Roman, serif;\"><span style=\"font-size: medium;\">W \u015bwiecie ksi\u0119dza Jerzego Popie\u0142uszki rozgrywa\u0142 si\u0119 sp\u00f3r o warto\u015bci. Komunizm fa\u0142szowa\u0142 histori\u0119, pos\u0142ugiwa\u0142 si\u0119 k\u0142amstwem, przemoc\u0105, odbiera\u0142 ludziom wolno\u015b\u0107. Sp\u00f3r o warto\u015bci wci\u0105\u017c trwa. Wolno\u015b\u0107 bez Boga i bez prawdy staje si\u0119 dzi\u015b poci\u0105gaj\u0105c\u0105 dla niekt\u00f3rych karykatur\u0105 wolno\u015bci. Manipulacje wprowadzaj\u0105 chaos, podzia\u0142y, nienawi\u015b\u0107. Wci\u0105\u017c trzeba pokonywa\u0107 l\u0119k. W roku 40. rocznicy m\u0119cze\u0144stwa b\u0142ogos\u0142awionego ksi\u0119dza Jerzego Popie\u0142uszki pro\u015bmy Boga o dar prawdy i wolno\u015bci w sercach, w Ojczy\u017anie i na \u015bwiecie. Pro\u015bmy r\u00f3wnie\u017c o kanonizacj\u0119 b\u0142ogos\u0142awionego, skromnego kap\u0142ana z Podlasia, aby jego \u015bwiadectwo dotar\u0142o do ca\u0142ego \u015bwiata.<\/span><\/span><\/p>\n<pre><span style=\"color: #ffffff;\"><span style=\"font-family: MuseoSans-300, serif;\"><span style=\"font-size: medium;\">Podpisali pasterze Ko\u015bcio\u0142a katolickiego w Polsce obecni na 398. Zebraniu Plenarnym Konferencji Episkopatu Polski, \r\nw Warszawie, w dniu 10 czerwca 2024 r.<\/span><\/span>\r\n\r\n<span style=\"font-family: Times New Roman, serif;\"><span style=\"font-size: medium;\">List nale\u017cy odczyta\u0107 w niedziel\u0119, 29wrze\u015bnia 2024 r. <\/span><\/span>\r\n\r\n<span style=\"font-family: MuseoSans-300, serif;\"><span style=\"font-size: medium;\">Za zgodno\u015b\u0107:<\/span><\/span>\r\n\r\n<span style=\"font-family: MuseoSans-300, serif;\"><span style=\"font-size: medium;\"><i>Bp Marek Marczak<\/i><\/span><\/span>\r\n\r\n<span style=\"font-family: MuseoSans-300, serif;\"><span style=\"font-size: medium;\">Sekretarz Generalny<\/span><\/span>\r\n\r\n<span style=\"font-family: MuseoSans-300, serif;\"><span style=\"font-size: medium;\">Konferencji Episkopatu Polski<\/span><\/span><\/span><\/pre>\n","protected":false},"excerpt":{"rendered":"<p>List pasterski Episkopatu Polski 40 lat temu, w pa\u017adzierniku 1984 roku, ksi\u0105dz Jerzy Popie\u0142uszko zosta\u0142 zamordowany przez funkcjonariuszy S\u0142u\u017cby Bezpiecze\u0144stwa PRL. Kap\u0142an, kt\u00f3ry sta\u0142 si\u0119 symbolem troski o losy ojczyzny w 2010 roku, zosta\u0142 og\u0142oszony b\u0142ogos\u0142awionym. Przez jego \u017cycie realizowa\u0142 si\u0119 Bo\u017cy plan zbawienia. W jego s\u0142owach i decyzjach mo\u017cna wi\u0119c szuka\u0107 \u015bwi\u0119to\u015bci, kt\u00f3ra przekracza swoj\u0105 epok\u0119. Czy ksi\u0119dza Jerzego mo\u017cna nadal na\u015bladowa\u0107? Czy jego epoka bardzo r\u00f3\u017cni si\u0119 od naszej? W stron\u0119 kap\u0142a\u0144stwa Ksi\u0105dz Popie\u0142uszko pochodzi\u0142 z podlaskiej wsi Okopy. G\u0142\u0119boka wiara rodzic\u00f3w i trudy codziennego \u017cycia ukszta\u0142towa\u0142y si\u0142\u0119 jego charakteru. W domu uczy\u0142 si\u0119 odr\u00f3\u017cnia\u0107 dobro od z\u0142a, prawd\u0119 od k\u0142amstwa, uczy\u0142 si\u0119 szanowa\u0107 ludzi. Matka rozpoczyna\u0142a codzienn\u0105 modlitw\u0119. Przysz\u0142y kap\u0142an zainspirowa\u0142 si\u0119 osob\u0105 Ojca Maksymiliana Kolbego, wi\u0119c po maturze, w 1965 roku, zg\u0142osi\u0142 si\u0119 do warszawskiego seminarium duchownego. W opinii seminaryjnych koleg\u00f3w Popie\u0142uszko nie wyr\u00f3\u017cnia\u0142 si\u0119 ani nadzwyczajn\u0105 modlitw\u0105, ani studiami. Wielk\u0105 pr\u00f3b\u0105 sta\u0142a si\u0119 dwuletnia przymusowa&hellip;<\/p>\n<p> <a class=\"more-link\" href=\"http:\/\/www.franciszek-walcz.pl\/?p=27890\">Czytaj dalej<\/a><\/p>\n","protected":false},"author":1,"featured_media":0,"comment_status":"closed","ping_status":"closed","sticky":false,"template":"","format":"standard","meta":{"footnotes":""},"categories":[5],"tags":[],"class_list":{"0":"post-27890","1":"post","2":"type-post","3":"status-publish","4":"format-standard","6":"category-artykuly"},"brizy_media":[],"_links":{"self":[{"href":"http:\/\/www.franciszek-walcz.pl\/index.php?rest_route=\/wp\/v2\/posts\/27890","targetHints":{"allow":["GET"]}}],"collection":[{"href":"http:\/\/www.franciszek-walcz.pl\/index.php?rest_route=\/wp\/v2\/posts"}],"about":[{"href":"http:\/\/www.franciszek-walcz.pl\/index.php?rest_route=\/wp\/v2\/types\/post"}],"author":[{"embeddable":true,"href":"http:\/\/www.franciszek-walcz.pl\/index.php?rest_route=\/wp\/v2\/users\/1"}],"replies":[{"embeddable":true,"href":"http:\/\/www.franciszek-walcz.pl\/index.php?rest_route=%2Fwp%2Fv2%2Fcomments&post=27890"}],"version-history":[{"count":3,"href":"http:\/\/www.franciszek-walcz.pl\/index.php?rest_route=\/wp\/v2\/posts\/27890\/revisions"}],"predecessor-version":[{"id":27893,"href":"http:\/\/www.franciszek-walcz.pl\/index.php?rest_route=\/wp\/v2\/posts\/27890\/revisions\/27893"}],"wp:attachment":[{"href":"http:\/\/www.franciszek-walcz.pl\/index.php?rest_route=%2Fwp%2Fv2%2Fmedia&parent=27890"}],"wp:term":[{"taxonomy":"category","embeddable":true,"href":"http:\/\/www.franciszek-walcz.pl\/index.php?rest_route=%2Fwp%2Fv2%2Fcategories&post=27890"},{"taxonomy":"post_tag","embeddable":true,"href":"http:\/\/www.franciszek-walcz.pl\/index.php?rest_route=%2Fwp%2Fv2%2Ftags&post=27890"}],"curies":[{"name":"wp","href":"https:\/\/api.w.org\/{rel}","templated":true}]}}