{"id":27990,"date":"2024-11-02T13:12:19","date_gmt":"2024-11-02T12:12:19","guid":{"rendered":"http:\/\/www.franciszek-walcz.pl\/?p=27990"},"modified":"2024-11-02T13:12:42","modified_gmt":"2024-11-02T12:12:42","slug":"2-listopada-dzien-zaduszny","status":"publish","type":"post","link":"http:\/\/www.franciszek-walcz.pl\/?p=27990","title":{"rendered":"2 listopada- Dzie\u0144 Zaduszny"},"content":{"rendered":"<p class=\"western\"><span style=\"font-family: Times New Roman, serif;\"><span style=\"font-size: large;\">Po Uroczysto\u015bci Wszystkich \u015awi\u0119tych, prze\u017cywali\u015bmy wczoraj w Ko\u015bciele, przychodzi dzie\u0144 2 listopada \u2013 dzie\u0144 zadumy, refleksji i pochylania si\u0119 nad Wszystkimi Wiernymi Zmar\u0142ymi, kt\u00f3rzy odeszli z tego \u015bwiata, a kt\u00f3rych dusze nie zazna\u0142y jeszcze spokoju, bo prze\u017cywaj\u0105 czas pr\u00f3by i oczekiwania na wej\u015bcie do nieba \u2013 czyli\u00a0<\/span><\/span><span style=\"font-family: Times New Roman, serif;\"><span style=\"font-size: large;\"><b>czy\u015bciec.<\/b><\/span><\/span><\/p>\n<p><span style=\"font-family: Times New Roman, serif;\"><span style=\"font-size: medium;\"><strong><span style=\"font-size: large;\">Czym wi\u0119c jest czy\u015bciec?<\/span><\/strong><\/span><\/span><\/p>\n<p><span style=\"font-family: Times New Roman, serif;\"><span style=\"font-size: medium;\"><span style=\"font-size: large;\">Z pomoc\u0105 przychodzi nam Katechizm, w kt\u00f3rym czytamy, \u017ce \u201eCi, kt\u00f3rzy umieraj\u0105 w \u0142asce i przyja\u017ani z Bogiem, ale nie s\u0105 jeszcze ca\u0142kowicie oczyszczeni, chocia\u017c s\u0105 ju\u017c pewni swego wiecznego zbawienia, przechodz\u0105 po \u015bmierci oczyszczenie, by uzyska\u0107 \u015bwi\u0119to\u015b\u0107 konieczn\u0105 do wej\u015bcia do rado\u015bci nieba\u201d (KKK 1030).<\/span><\/span><\/span><\/p>\n<p><span style=\"font-family: Times New Roman, serif;\"><span style=\"font-size: medium;\"><span style=\"font-size: large;\">Czy\u015bciec \u2013 jak wskazuje sama nazwa \u2013 to sprawa oczyszczenia, mo\u017cna by powiedzie\u0107, jakiej\u015b duchowej higieny. To konsekwencja ludzkich grzech\u00f3w, kt\u00f3re trzeba odpokutowa\u0107.<\/span><\/span><\/span><\/p>\n<p><span style=\"font-family: Times New Roman, serif;\"><span style=\"font-size: medium;\"><span style=\"font-size: large;\">Z tego wynika, \u017ce na spotkanie z Bogiem, kt\u00f3ry jest Mi\u0142o\u015bci\u0105 trzeba by\u0107 przygotowanym. Trzeba by\u0107 przygotowanym jak na spotkanie wybitnej persony.<\/span><\/span><\/span><\/p>\n<p><span style=\"font-family: Times New Roman, serif;\"><span style=\"font-size: medium;\"><strong><span style=\"font-size: large;\">Dusza czy\u015b\u0107cowa trwa wi\u0119c w zasi\u0119gu Bo\u017cego spojrzenia!\u00a0<\/span><\/strong><span style=\"font-size: large;\">SAMA JEDNAK GO NIE WIDZI, o czym poucza nas wielu \u015bwi\u0119tych mistyk\u00f3w! Pragnie Go ujrze\u0107, lecz nie jest w stanie.<\/span><\/span><\/span><\/p>\n<p><span style=\"font-family: Times New Roman, serif;\"><span style=\"font-size: medium;\"><span style=\"font-size: large;\">Dla zobrazowania tej niemo\u017cno\u015bci ogl\u0105dania Boga wyobra\u017amy sobie, \u017ce\u00a0<\/span><strong><span style=\"font-size: large;\">mamy spojrze\u0107 w oczy osobie nam najbli\u017cszej, kt\u00f3r\u0105 ci\u0119\u017cko zranili\u015bmy.<\/span><\/strong><span style=\"font-size: large;\">\u00a0Jest to istne cierpienie podsycane przez wyrzut sumienia. A co dopiero, kiedy trzeba spojrze\u0107 w oczy samemu Bogu! Kiedy zanika wszelkie udawanie, iluzja, widzimy dok\u0142adnie sw\u00f3j grzeszny stan serca, a przed nami jest ten, kto wie o nas wszystko!?<\/span><\/span><\/span><\/p>\n<p><span style=\"font-family: Times New Roman, serif;\"><span style=\"font-size: medium;\"><strong><span style=\"font-size: large;\">Cierpienie czy\u015b\u0107cowe<\/span><\/strong><span style=\"font-size: large;\">\u00a0<\/span><strong><span style=\"font-size: large;\">por\u00f3wna\u0107 mo\u017cna jeszcze do b\u00f3lu wystawionych na niezwykle ostre \u015bwiat\u0142o oczu przyzwyczajonych do ciemno\u015bci<\/span><\/strong><span style=\"font-size: large;\">! Musi min\u0105\u0107 jaki\u015b czas zanim oczy nabior\u0105 zdolno\u015bci trwania przed tym \u015bwiat\u0142em.\u00a0<\/span><strong><span style=\"font-size: large;\">W czy\u015b\u0107cu ciemno\u015b\u0107 grzechu wystawiona jest na \u015bwiat\u0142o\u015b\u0107 prawdziw\u0105, kt\u00f3r\u0105 jest B\u00f3g.\u00a0<\/span><\/strong><span style=\"font-size: large;\">B\u00f3g spogl\u0105da na cz\u0142owieka z mi\u0142o\u015bci\u0105, a on o\u015blepiony w\u0142asnym grzechem, nie mo\u017ce spojrze\u0107 w Jego kochaj\u0105ce oblicze. Dopiero w pe\u0142ni oczyszczony mo\u017ce osi\u0105gn\u0105\u0107 uszcz\u0119\u015bliwiaj\u0105ce widzenie Boga .<\/span><\/span><\/span><\/p>\n<p><span style=\"font-family: Times New Roman, serif;\"><span style=\"font-size: medium;\"><span style=\"font-size: large;\">Z tego wyra\u017anie wynika, \u017ce to cz\u0142owiek jest przyczyn\u0105 swego czy\u015b\u0107cowego cierpienia. Cz\u0142owiek jest sprawc\u0105 grzechu, kt\u00f3ry go oddali\u0142 od mi\u0142o\u015bci Boga.\u00a0<\/span><strong><span style=\"font-size: large;\">Cz\u0142owiek, kt\u00f3ry nie nauczy\u0142 si\u0119 za \u017cycia mi\u0142o\u015bci, musi si\u0119 jej uczy\u0107 po \u015bmierci i pokutowa\u0107 za swoje grzechy.<\/span><\/strong><\/span><\/span><\/p>\n<p><span style=\"font-family: Times New Roman, serif;\"><span style=\"font-size: medium;\"><span style=\"font-size: large;\">Trudna i bolesna jednak jest ta po\u015bmiertna nauka. \u015aw. Ojciec Pio powiedzia\u0142 kiedy\u015b, \u017ce najwi\u0119ksze cierpienie na ziemi jest niepor\u00f3wnywalne z najmniejszym cierpieniem czy\u015b\u0107ca.<\/span><\/span><\/span><\/p>\n<p><span style=\"font-family: Times New Roman, serif;\"><span style=\"font-size: medium;\"><strong><span style=\"font-size: large;\">Duszom czy\u015b\u0107cowym towarzyszy jednak rado\u015b\u0107<\/span><\/strong><span style=\"font-size: large;\">, jak pisze \u015bw. Katarzyna z Genui. Wiedz\u0105, \u017ce ich jedynym celem jest tylko B\u00f3g, do kt\u00f3rego si\u0119 zbli\u017caj\u0105. S\u0105 ju\u017c zbawione.<\/span><\/span><\/span><\/p>\n<p><span style=\"font-family: Times New Roman, serif;\"><span style=\"font-size: medium;\"><span style=\"font-size: large;\">Mimo tej rado\u015bci z faktu zbawienia ogarnia je wci\u0105\u017c wielka t\u0119sknota za Bogiem, za spotkaniem z Nim w pe\u0142ni w\u0142asnej mi\u0142o\u015bci, kt\u00f3r\u0105 umniejsza grzech.\u00a0<\/span><strong><span style=\"font-size: large;\">Oczekuj\u0105 wi\u0119c na nasz\u0105 pomoc, jakby na pomoc z zewn\u0105trz. Same za siebie bowiem modli\u0107 si\u0119 nie mog\u0105.<\/span><\/strong><\/span><\/span><\/p>\n<p><span style=\"font-family: Times New Roman, serif;\"><span style=\"font-size: medium;\"><span style=\"font-size: large;\">Jak wi\u0119c pom\u00f3c naszym zmar\u0142ym? Jakie s\u0105 sposoby pomocy duszom czy\u015b\u0107cowym?<\/span><\/span><\/span><\/p>\n<p><span style=\"font-family: Times New Roman, serif;\"><span style=\"font-size: medium;\"><span style=\"font-size: large;\">Na pierwszym miejscu jawi si\u0119\u00a0<\/span><strong><span style=\"font-size: large;\">Msza \u015bw.\u00a0<\/span><\/strong><span style=\"font-size: large;\">Tak orzek\u0142 Sob\u00f3r Trydencki. Na o\u0142tarzu w mistyczny spos\u00f3b uobecnia si\u0119 ofiara Jezusa na Kalwarii. To ofiara Boga dla cz\u0142owieka! <\/span><\/span><\/span><\/p>\n<p><span style=\"font-family: Times New Roman, serif;\"><span style=\"font-size: medium;\"><span style=\"font-size: large;\">Nie ma wi\u0119kszego daru. Wielk\u0105 si\u0142\u0119 maj\u0105 szczeg\u00f3lnie msze \u015bw. Gregoria\u0144skie. 30 mszy to dar bez ceny. Wed\u0142ug mistyczki FulliHorak ,w dzie\u0144 zaduszny wszystkie dusze id\u0105 pod o\u0142tarze \u015bwiata, by czerpa\u0107 \u0142aski z ofiar Mszy \u015bwi\u0119tych.\u00a0<\/span><strong><span style=\"font-size: large;\">Cierpienia w czy\u015b\u0107cu na ten dzie\u0144 ustaj\u0105 z Bo\u017cej \u0142aski.\u00a0<\/span><\/strong><span style=\"font-size: large;\">Tak te\u017c m\u00f3wi\u0142a s. Maria Gabriela w \u201eR\u0119kopisie z czy\u015b\u0107ca\u201d.<\/span><\/span><\/span><\/p>\n<p><span style=\"font-family: Times New Roman, serif;\"><span style=\"font-size: medium;\"><strong><span style=\"font-size: large;\">Modlitwa r\u00f3\u017ca\u0144cowa<\/span><\/strong><span style=\"font-size: large;\">\u00a0to po mszy \u015bw. najskuteczniejszy \u015brodek pomocy. Wed\u0142ug \u015bw. Faustyny Maryja przynosi och\u0142od\u0119 duszom czy\u015b\u0107cowym i dlatego nazywana jest przez nie \u201eGwiazd\u0105 Morza\u201d (Dz 20).<\/span><\/span><\/span><\/p>\n<p><span style=\"font-family: Times New Roman, serif;\"><span style=\"font-size: medium;\"><strong><span style=\"font-size: large;\">Odpusty<\/span><\/strong><\/span><\/span><\/p>\n<p>\u201e<span style=\"font-family: Times New Roman, serif;\"><span style=\"font-size: medium;\"><span style=\"font-size: large;\">Za dusze mo\u017cna ofiarowa\u0107 ka\u017cdy drobiazg. Ju\u017c cho\u0107by sam trud p\u00f3j\u015bcia na cmentarz. Trzeba tylko \u015bwiadomie to ofiarowywa\u0107. Intencja nadaje warto\u015b\u0107 i znaczenie ka\u017cdemu wysi\u0142kowi\u201d .<\/span><\/span><\/span><\/p>\n<p><span style=\"font-family: Times New Roman, serif;\"><span style=\"font-size: medium;\"><span style=\"font-size: large;\"><u>Sp\u00f3jrzmy jednak jak cz\u0119sto przechadzamy si\u0119 po cmentarzu jak po parku! Coraz cz\u0119\u015bciej widzimy w tym miejscu ludzi z papierosem w r\u0119ku\u2026 ze s\u0142uchawkami w uszach\u2026 z psem na smyczy\u2026\u00a0<\/u><\/span><strong><span style=\"font-size: large;\"><u>Mo\u017ce<\/u><\/span><\/strong><strong><span style=\"font-size: large;\"> pami\u0119tamy o naszych zmar\u0142ych, ale czy si\u0119 za nich modlimy?!<\/span><\/strong><span style=\"font-size: large;\">\u00a0A mo\u017ce nasz pobyt przy grobie bliskiego ogranicza si\u0119 do rodzinnego gaw\u0119dzenia w stylu: \u201ea m\u00f3g\u0142 po\u017cy\u0107 d\u0142u\u017cej\u2026\u201d.<\/span><\/span><\/span><\/p>\n<p><span style=\"font-family: Times New Roman, serif;\"><span style=\"font-size: medium;\"><span style=\"font-size: large;\">A obowi\u0105zkiem jest modlitwa za nich. Jeste\u015bmy przecie\u017c jedn\u0105 rodzin\u0105, jednym Ko\u015bcio\u0142em! My pielgrzymuj\u0105cym na ziemi, a oni oczyszczaj\u0105cym si\u0119\u2026 I mo\u017ce by\u0107 tak, \u017ce do dzi\u015b dr\u0119cz\u0105 nas wyrzuty sumienia wobec kogo\u015b, kogo zranili\u015bmy, kto jednak ju\u017c odszed\u0142 do wieczno\u015bci. Pami\u0119tajmy, \u017ce modlitwa za tego cz\u0142owieka mo\u017ce sta\u0107 si\u0119 wspania\u0142ym darem, kt\u00f3rego oczekuje! \u2026 jakim\u015b sposobem przeprosin\u2026<\/span><\/span><\/span><\/p>\n<p><span style=\"font-family: Times New Roman, serif;\"><span style=\"font-size: medium;\"><span style=\"font-size: large;\">Zechciejmy wesprze\u0107 te biedne dusze czy\u015b\u0107cowe naszymi modlitwami, a\u00a0<\/span><strong><span style=\"font-size: large;\">one nam si\u0119 odwdzi\u0119cz\u0105<\/span><\/strong><span style=\"font-size: large;\">. Mog\u0105 si\u0119 bowiem modli\u0107 za nas i or\u0119dowa\u0107 w dniu \u015bmierci i naszego s\u0105du. S\u0105 bardzo wdzi\u0119czne za pomoc i uwolnienie z tak wielkiego cierpienia. \u015aw. Katarzyna z Bolonii m\u00f3wi\u0142a, \u017ce za ich wstawiennictwem szybciej otrzymywa\u0142a \u0142aski, ni\u017c za po\u015brednictwem \u015bwi\u0119tych nieba!<\/span><\/span><\/span><\/p>\n<p><span style=\"font-family: Times New Roman, serif;\"><span style=\"font-size: medium;\"><span style=\"font-size: large;\">Pom\u00f3\u017cmy naszym zmar\u0142ym prze\u017cy\u0107 ten oczyszczaj\u0105cy czas cierpienia, by rych\u0142o mogli posi\u0105\u015b\u0107 obiecane przez Chrystusa mieszkanie w DOMU OJCA.<\/span><\/span><\/span><\/p>\n","protected":false},"excerpt":{"rendered":"<p>Po Uroczysto\u015bci Wszystkich \u015awi\u0119tych, prze\u017cywali\u015bmy wczoraj w Ko\u015bciele, przychodzi dzie\u0144 2 listopada \u2013 dzie\u0144 zadumy, refleksji i pochylania si\u0119 nad Wszystkimi Wiernymi Zmar\u0142ymi, kt\u00f3rzy odeszli z tego \u015bwiata, a kt\u00f3rych dusze nie zazna\u0142y jeszcze spokoju, bo prze\u017cywaj\u0105 czas pr\u00f3by i oczekiwania na wej\u015bcie do nieba \u2013 czyli\u00a0czy\u015bciec. Czym wi\u0119c jest czy\u015bciec? Z pomoc\u0105 przychodzi nam Katechizm, w kt\u00f3rym czytamy, \u017ce \u201eCi, kt\u00f3rzy umieraj\u0105 w \u0142asce i przyja\u017ani z Bogiem, ale nie s\u0105 jeszcze ca\u0142kowicie oczyszczeni, chocia\u017c s\u0105 ju\u017c pewni swego wiecznego zbawienia, przechodz\u0105 po \u015bmierci oczyszczenie, by uzyska\u0107 \u015bwi\u0119to\u015b\u0107 konieczn\u0105 do wej\u015bcia do rado\u015bci nieba\u201d (KKK 1030). Czy\u015bciec \u2013 jak wskazuje sama nazwa \u2013 to sprawa oczyszczenia, mo\u017cna by powiedzie\u0107, jakiej\u015b duchowej higieny. To konsekwencja ludzkich grzech\u00f3w, kt\u00f3re trzeba odpokutowa\u0107. Z tego wynika, \u017ce na spotkanie z Bogiem, kt\u00f3ry jest Mi\u0142o\u015bci\u0105 trzeba by\u0107 przygotowanym. Trzeba by\u0107 przygotowanym jak na spotkanie wybitnej persony. Dusza czy\u015b\u0107cowa trwa wi\u0119c w zasi\u0119gu Bo\u017cego spojrzenia!\u00a0SAMA&hellip;<\/p>\n<p> <a class=\"more-link\" href=\"http:\/\/www.franciszek-walcz.pl\/?p=27990\">Czytaj dalej<\/a><\/p>\n","protected":false},"author":1,"featured_media":0,"comment_status":"closed","ping_status":"closed","sticky":false,"template":"","format":"standard","meta":{"footnotes":""},"categories":[5],"tags":[],"class_list":{"0":"post-27990","1":"post","2":"type-post","3":"status-publish","4":"format-standard","6":"category-artykuly"},"brizy_media":[],"_links":{"self":[{"href":"http:\/\/www.franciszek-walcz.pl\/index.php?rest_route=\/wp\/v2\/posts\/27990","targetHints":{"allow":["GET"]}}],"collection":[{"href":"http:\/\/www.franciszek-walcz.pl\/index.php?rest_route=\/wp\/v2\/posts"}],"about":[{"href":"http:\/\/www.franciszek-walcz.pl\/index.php?rest_route=\/wp\/v2\/types\/post"}],"author":[{"embeddable":true,"href":"http:\/\/www.franciszek-walcz.pl\/index.php?rest_route=\/wp\/v2\/users\/1"}],"replies":[{"embeddable":true,"href":"http:\/\/www.franciszek-walcz.pl\/index.php?rest_route=%2Fwp%2Fv2%2Fcomments&post=27990"}],"version-history":[{"count":1,"href":"http:\/\/www.franciszek-walcz.pl\/index.php?rest_route=\/wp\/v2\/posts\/27990\/revisions"}],"predecessor-version":[{"id":27991,"href":"http:\/\/www.franciszek-walcz.pl\/index.php?rest_route=\/wp\/v2\/posts\/27990\/revisions\/27991"}],"wp:attachment":[{"href":"http:\/\/www.franciszek-walcz.pl\/index.php?rest_route=%2Fwp%2Fv2%2Fmedia&parent=27990"}],"wp:term":[{"taxonomy":"category","embeddable":true,"href":"http:\/\/www.franciszek-walcz.pl\/index.php?rest_route=%2Fwp%2Fv2%2Fcategories&post=27990"},{"taxonomy":"post_tag","embeddable":true,"href":"http:\/\/www.franciszek-walcz.pl\/index.php?rest_route=%2Fwp%2Fv2%2Ftags&post=27990"}],"curies":[{"name":"wp","href":"https:\/\/api.w.org\/{rel}","templated":true}]}}