{"id":28007,"date":"2024-11-09T12:46:31","date_gmt":"2024-11-09T11:46:31","guid":{"rendered":"http:\/\/www.franciszek-walcz.pl\/?p=28007"},"modified":"2024-11-09T12:47:06","modified_gmt":"2024-11-09T11:47:06","slug":"o-wychowaniu-patriotycznym","status":"publish","type":"post","link":"http:\/\/www.franciszek-walcz.pl\/?p=28007","title":{"rendered":"O wychowaniu patriotycznym"},"content":{"rendered":"<p class=\"western\">W poniedzia\u0142ek jedenasty dzie\u0144 jedenastego miesi\u0105ca w\u00a0roku&#8230; Do ko\u0144ca roku pozosta\u0142o dni pi\u0119\u0107dziesi\u0105t, czyli siedem tygodni&#8230; Dlaczego przywo\u0142uj\u0119 te liczby? Przecie\u017c nie wierzymy w\u00a0numerologi\u0119, a\u00a0w\u00a0Bo\u017c\u0105 opatrzno\u015b\u0107! Nie o\u00a0magi\u0119 cyfr chodzi, ale o\u00a0pewien konkret informacji, jaki ze sob\u0105 nios\u0105. Dla Polak\u00f3w jedenasty dzie\u0144 listopada, to nie tylko skupisko dw\u00f3ch jedenastek (dnia w\u00a0miesi\u0105cu i\u00a0miesi\u0105ca w\u00a0roku), ale nade wszystko dzie\u0144 odzyskania wolno\u015bci po stu dwudziestu trzech latach zaborczej okupacji. Przychodzimy dzisiaj czci\u0107 odzyskanie niepodleg\u0142o\u015bci Polski \u2013 dzieli nas od tamtego pami\u0119tnego jedenastego listopada 1918 roku ponad sto lat.<\/p>\n<p class=\"western\">Podobno wszystko mo\u017cna opisa\u0107 w\u00a0j\u0119zyku matematyki.<\/p>\n<p class=\"western\">Dzisiejsza Polska otoczona jest granicami o\u00a0d\u0142ugo\u015bci 3511 km, a\u00a0jej powierzchnia to 322 575 km2. Nasz kraj zamieszkuje blisko 38 i\u00a0p\u00f3\u0142 miliona os\u00f3b (wedle ostatniego spisu)&#8230;<\/p>\n<p class=\"western\">Czy jednak same liczby opisuj\u0105 dostatecznie t\u0119 rzeczywisto\u015b\u0107, kt\u00f3rej na imi\u0119 Polska? Chyba jednak nie to jest istota poczucia Ojczyzny \u2013 nie liczby, nie wymiary, bo kiedy zabrak\u0142o na mapach Europy Polski, to nie znaczy\u0142o, \u017ce umar\u0142a. Zosta\u0142a rozgrabiona, zaanektowana, ale \u017cy\u0142a i\u00a0prze\u017cy\u0142a w\u00a0sercach Polak\u00f3w. Nawet nasz hymn narodowy, odrodzonej po latach niewoli Polski, t\u0119 w\u0142a\u015bnie prawd\u0119 przypomina ju\u017c w\u00a0 pierwszych s\u0142owach: \u201eJeszcze Polska nie zgin\u0119\u0142a, kiedy my \u017cyjemy\u201d.<\/p>\n<p class=\"western\">Trzeba wi\u0119c sobie zadawa\u0107 dzisiaj pytanie o\u00a0Polak\u00f3w i\u00a0o\u00a0ich podej\u015bcie do spraw Ojczyzny. Tak d\u0142ugo b\u0119dzie ona \u017cy\u0142a, jak d\u0142ugo b\u0119d\u0105 bi\u0142y polskie serca. Polskie \u2013 niewstydz\u0105ce si\u0119 swego pochodzenia, znaj\u0105ce barwne karty swej historii i\u00a0dumnie piel\u0119gnuj\u0105ce patriotyczne postawy. Bo Ojczyzn\u0119 mo\u017cna obj\u0105\u0107 tylko sercem mi\u0142uj\u0105cym, a\u00a0dzisiaj ta mi\u0142o\u015b\u0107 wydaje si\u0119 by\u0107 zagro\u017cona! Wszystko tak si\u0119 miesza w\u00a0my\u015bl globalnej wioski, \u017ce i\u00a0patriotyzm przestaje mie\u0107 znaczenie. A\u00a0przecie\u017c bez serc rozpalonych trosk\u0105 o\u00a0Ojczyzn\u0119 nie spos\u00f3b m\u00f3wi\u0107 o\u00a0odpowiedzialno\u015bci za nar\u00f3d, za kraj. To, na czym nam zale\u017cy, staje si\u0119 przedmiotem naszych dzia\u0142a\u0144, bo kochamy, bo szanujemy, bo czujemy si\u0119 u\u00a0siebie! Jak co\u015b jest dla nas czysto zewn\u0119trzne, bez zakorzenienia w\u00a0sercu, to nam to oboj\u0119tnieje \u2013 raz si\u0119 przy\u0142o\u017cymy bardziej, a\u00a0raz mniej, innym za\u015b razem wcale. Bo tego nie czujemy.<\/p>\n<p class=\"western\">Warto si\u0119 zastanowi\u0107 nad tym budzeniem poczucia mi\u0142o\u015bci do Ojczyzny. Ono zaczyna si\u0119 kszta\u0142towa\u0107 w\u00a0domu, gdzie relacje bliskich s\u0105 dla dziecka wa\u017cne, i to w\u00a0ka\u017cdym temacie. Dzisiaj niestety kr\u00f3luj\u0105 nowoczesne media, dawniej piel\u0119gnowano rodzinne czytanie ksi\u0105\u017cek czy opowie\u015bci starszych cz\u0142onk\u00f3w rodziny, tak\u017ce te zwi\u0105zane z histori\u0105. W\u00f3wczas z\u00a0g\u0142osem ojca czy matki, dziadka lub babci dzieci ch\u0142on\u0119\u0142y histori\u0119, kt\u00f3ra bardziej przemawia z\u00a0ust \u015bwiadk\u00f3w ni\u017c z\u00a0ch\u0142odnych kart podr\u0119cznika. Dzielenie si\u0119 prze\u017cyciami ubogaca, pozwala poczu\u0107 smak tego, co wsp\u00f3lnie prze\u017cywamy. Dzisiaj to ju\u017c zupe\u0142nie odesz\u0142o do lamusa, ale przecie\u017c mo\u017cna przynajmniej zadba\u0107 o\u00a0historyczn\u0105 biblioteczk\u0119, chocia\u017cby film\u00f3w, poprzez kt\u00f3re mo\u017cna zainteresowa\u0107 histori\u0105 rodzinnego kraju i jego bohater\u00f3w. Bo cho\u0107 w\u00a0wielu miejscach losy polskiej pa\u0144stwowo\u015bci s\u0105 pogmatwane, to nie brakuje bohater\u00f3w, kt\u00f3rzy za cen\u0119 wszystkiego, co mieli, \u0142\u0105cznie z\u00a0\u017cyciem, podejmowali si\u0119 odbudowywania warto\u015bci przehandlowywanych przez innych dla politycznych korzy\u015bci. Maj\u0105c bohater\u00f3w, kt\u00f3rzy trzymaj\u0105 si\u0119 zasad, \u0142atwiej budowa\u0107 \u017cycie w\u00a0\u015bwiecie, w\u00a0kt\u00f3rym jest coraz mniej pewnych punkt\u00f3w oparcia. Rodzina \u017cyj\u0105ca warto\u015bciami B\u00f3g \u2013 Honor \u2013 Ojczyzna daje nie tylko oparcie, ale tak\u017ce umiej\u0119tno\u015b\u0107 szukania punkt\u00f3w oparcia po\u015br\u00f3d \u017cyciowych burz.<\/p>\n<p class=\"western\">M\u00f3wi\u0119 o\u00a0rodzinie, bo to w\u00a0niej powstaj\u0105 autentyczne wi\u0119zi. Ale ludzie, szukaj\u0105c wi\u0119zi, zrzeszaj\u0105 si\u0119 w\u00a0ko\u0142a, organizacje, zwi\u0105zki, gdzie spotykaj\u0105 si\u0119 jednoczeni przez wsp\u00f3lny cel, to\u017csame pogl\u0105dy, a\u00a0co za tym idzie \u2013 r\u00f3wnie\u017c\u00a0warto\u015bci. Przychodz\u0105, bo chc\u0105, bo im zale\u017cy. Tak w\u0142a\u015bnie rodz\u0105 si\u0119 wi\u0119zi. Nie odg\u00f3rnie \u2013 pismem z\u00a0ministerstwa, ustaw\u0105 sejmow\u0105, prezydenckim aktem&#8230; Wi\u0119zi powstaj\u0105 mi\u0119dzy lud\u017ami, kt\u00f3rzy s\u0105 zapale\u0144cami, kt\u00f3rych trawi mi\u0142o\u015b\u0107 dla wsp\u00f3lnej sprawy.<\/p>\n<p class=\"western\">Ojczyzna, z\u00a0kt\u00f3rej powodu dzisiaj liczniej uczestniczymy w\u00a0tej Mszy \u015awi\u0119tej, jest niew\u0105tpliwie tak\u0105 w\u0142a\u015bnie wa\u017cn\u0105 spraw\u0105! Spraw\u0105, kt\u00f3ra powinna jednoczy\u0107 jak wydarzenie, kt\u00f3re dzisiaj wspominamy. Roku Pa\u0144skiego 1918 zerwali si\u0119 nasi przodkowie, aby w\u00a0wojennej zawierusze uwolni\u0107 Ojczyzn\u0119 z\u00a0okow\u00f3w niewoli! To troch\u0119 dziwne, zwa\u017cywszy na \u00f3wczesn\u0105 sytuacj\u0119 mi\u0119dzynarodow\u0105. Po co si\u0119 wychylali, skoro zaborcy ju\u017c od stu dwudziestu trzech lat trzymali r\u0119k\u0119 na polskiej ziemi? W\u00a0my\u015bl dzisiejszego konformizmu lepiej by\u0142o nic nie robi\u0107, przeczeka\u0107, a sprawy same by si\u0119 jako\u015b rozwi\u0105za\u0142y. Przodkowie my\u015bleli inaczej. Nie bali si\u0119 wychyli\u0107, nie bali si\u0119 pokaza\u0107 \u015bwiadomo\u015bci narodowej, kt\u00f3ra pragnie samostanowienia o\u00a0losach Ojczyzny! Do takiego zachowania trzeba by\u0107 wychowanym w\u00a0duchu warto\u015bci! Warto\u015bci, kt\u00f3rych praktykowanie formuje pa\u0144stwowe elity.<\/p>\n<p class=\"western\">Dobrze o\u00a0tym wiedzieli nasi wrogowie, kt\u00f3rzy cz\u0119sto podnosili r\u0119k\u0119 na elity narodu polskiego. W\u00a0ksi\u0105\u017cce\u00a0Dla Polski! W\u00a0blasku mistrz\u00f3w\u00a0autorstwa prof. Piotra Jaroszy\u0144skiego, kierownika Katedry Filozofii Kultury KUL, czytamy:<\/p>\n<p class=\"western\">Bez elit spo\u0142ecze\u0144stwo nie ma w\u0142asnego pa\u0144stwa. W\u0142asne pa\u0144stwo to taka organizacja, kt\u00f3ra ma na celu przede wszystkim szcz\u0119\u015bcie tego spo\u0142ecze\u0144stwa, kt\u00f3re od pokole\u0144 \u017cy\u0142o i\u00a0zamierza \u017cy\u0107 na tej ziemi, na dobre i\u00a0na z\u0142e. Aby nale\u017ce\u0107 do elity, trzeba spo\u0142ecze\u0144stwo zna\u0107, rozumie\u0107, odczuwa\u0107 i\u00a0kocha\u0107 bardziej ni\u017c w\u0142asne \u017cycie. Bez takich elit b\u0119dzie pa\u0144stwo, ale jako tw\u00f3r wzgl\u0119dem spo\u0142ecze\u0144stwa wyalienowany, tw\u00f3r obcy, narz\u0119dzie ucisku i\u00a0wyzysku, przemocy i\u00a0zniewolenia. B\u0119dzie to machina do kontrolowania spo\u0142ecze\u0144stwa, a\u00a0rz\u0105dz\u0105cych nie nazwie si\u0119 prawdziw\u0105 elit\u0105, lecz na wz\u00f3r organizacji murzy\u0144skich \u2013 kacykami. Bo kacyk to taki kr\u00f3l, a\u00a0w\u0142a\u015bciwie kr\u00f3lik, kt\u00f3ry ma nad sob\u0105 wy\u017cszego pana i\u00a0jemu s\u0142u\u017cy, a\u00a0nie w\u0142asnemu spo\u0142ecze\u0144stwu. I\u00a0nie ma znaczenia, czy ten kr\u00f3lik zdoby\u0142 stanowisko drog\u0105 sukcesji, czy te\u017c wybrany zosta\u0142 demokratycznie. On i\u00a0tak jest tylko kr\u00f3likiem1.<\/p>\n<p class=\"western\">I\u00a0dalej pisze Jaroszy\u0144ski:<\/p>\n<p class=\"western\">Komuni\u015bci doko\u0144czyli dzie\u0142a rozpocz\u0119tego przez cara, a\u00a0kontynuowanego przez Hitlera \u2013 rozprawili si\u0119 wreszcie z\u00a0pa\u0144sk\u0105 Polsk\u0105. A\u00a0efekt? Polska nie sta\u0142a si\u0119 przez to ani ludowa, ani narodowa, ale po prostu bezpa\u0144ska2.<\/p>\n<p class=\"western\">Jakkolwiek mocno brzmi\u0105 te s\u0142owa, to trudno im odm\u00f3wi\u0107 historycznej prawdy. Dzisiaj, w\u00a0dobie globalnej wioski i\u00a0europejskiej unifikacji, tym bardziej trzeba nam si\u0119ga\u0107 do bogactwa historii, kt\u00f3ra ci\u0105gle jest przekr\u0119cana za granic\u0105, aby zdusi\u0107 dum\u0119 polskiego ducha. Bez znajomo\u015bci historii nie da si\u0119 m\u0105drze budowa\u0107 przysz\u0142o\u015bci, a\u00a0bez wychowywania do warto\u015bci trudno m\u00f3wi\u0107 o\u00a0warto\u015bciowym spo\u0142ecze\u0144stwie. Pochylaj\u0105c si\u0119 wi\u0119c dzisiaj z\u00a0dum\u0105 i\u00a0wdzi\u0119czno\u015bci\u0105 nad heroiczn\u0105 walk\u0105 o\u00a0niepodleg\u0142o\u015b\u0107, m\u00f3dlmy si\u0119, aby historia Polski by\u0142a \u017cywa w\u00a0naszych rodzinach i\u00a0by kszta\u0142towa\u0142a umys\u0142y, serca i\u00a0sumienia do piel\u0119gnowania warto\u015bci zawsze bliskich Polakom: B\u00f3g \u2013 Honor \u2013 Ojczyzna!<\/p>\n<p class=\"western\">ks. Dawid Le\u015bniak<\/p>\n","protected":false},"excerpt":{"rendered":"<p>W poniedzia\u0142ek jedenasty dzie\u0144 jedenastego miesi\u0105ca w\u00a0roku&#8230; Do ko\u0144ca roku pozosta\u0142o dni pi\u0119\u0107dziesi\u0105t, czyli siedem tygodni&#8230; Dlaczego przywo\u0142uj\u0119 te liczby? Przecie\u017c nie wierzymy w\u00a0numerologi\u0119, a\u00a0w\u00a0Bo\u017c\u0105 opatrzno\u015b\u0107! Nie o\u00a0magi\u0119 cyfr chodzi, ale o\u00a0pewien konkret informacji, jaki ze sob\u0105 nios\u0105. Dla Polak\u00f3w jedenasty dzie\u0144 listopada, to nie tylko skupisko dw\u00f3ch jedenastek (dnia w\u00a0miesi\u0105cu i\u00a0miesi\u0105ca w\u00a0roku), ale nade wszystko dzie\u0144 odzyskania wolno\u015bci po stu dwudziestu trzech latach zaborczej okupacji. Przychodzimy dzisiaj czci\u0107 odzyskanie niepodleg\u0142o\u015bci Polski \u2013 dzieli nas od tamtego pami\u0119tnego jedenastego listopada 1918 roku ponad sto lat. Podobno wszystko mo\u017cna opisa\u0107 w\u00a0j\u0119zyku matematyki. Dzisiejsza Polska otoczona jest granicami o\u00a0d\u0142ugo\u015bci 3511 km, a\u00a0jej powierzchnia to 322 575 km2. Nasz kraj zamieszkuje blisko 38 i\u00a0p\u00f3\u0142 miliona os\u00f3b (wedle ostatniego spisu)&#8230; Czy jednak same liczby opisuj\u0105 dostatecznie t\u0119 rzeczywisto\u015b\u0107, kt\u00f3rej na imi\u0119 Polska? Chyba jednak nie to jest istota poczucia Ojczyzny \u2013 nie liczby, nie wymiary, bo kiedy zabrak\u0142o na mapach Europy Polski, to nie&hellip;<\/p>\n<p> <a class=\"more-link\" href=\"http:\/\/www.franciszek-walcz.pl\/?p=28007\">Czytaj dalej<\/a><\/p>\n","protected":false},"author":1,"featured_media":0,"comment_status":"closed","ping_status":"closed","sticky":false,"template":"","format":"standard","meta":{"footnotes":""},"categories":[5],"tags":[],"class_list":{"0":"post-28007","1":"post","2":"type-post","3":"status-publish","4":"format-standard","6":"category-artykuly"},"brizy_media":[],"_links":{"self":[{"href":"http:\/\/www.franciszek-walcz.pl\/index.php?rest_route=\/wp\/v2\/posts\/28007","targetHints":{"allow":["GET"]}}],"collection":[{"href":"http:\/\/www.franciszek-walcz.pl\/index.php?rest_route=\/wp\/v2\/posts"}],"about":[{"href":"http:\/\/www.franciszek-walcz.pl\/index.php?rest_route=\/wp\/v2\/types\/post"}],"author":[{"embeddable":true,"href":"http:\/\/www.franciszek-walcz.pl\/index.php?rest_route=\/wp\/v2\/users\/1"}],"replies":[{"embeddable":true,"href":"http:\/\/www.franciszek-walcz.pl\/index.php?rest_route=%2Fwp%2Fv2%2Fcomments&post=28007"}],"version-history":[{"count":2,"href":"http:\/\/www.franciszek-walcz.pl\/index.php?rest_route=\/wp\/v2\/posts\/28007\/revisions"}],"predecessor-version":[{"id":28009,"href":"http:\/\/www.franciszek-walcz.pl\/index.php?rest_route=\/wp\/v2\/posts\/28007\/revisions\/28009"}],"wp:attachment":[{"href":"http:\/\/www.franciszek-walcz.pl\/index.php?rest_route=%2Fwp%2Fv2%2Fmedia&parent=28007"}],"wp:term":[{"taxonomy":"category","embeddable":true,"href":"http:\/\/www.franciszek-walcz.pl\/index.php?rest_route=%2Fwp%2Fv2%2Fcategories&post=28007"},{"taxonomy":"post_tag","embeddable":true,"href":"http:\/\/www.franciszek-walcz.pl\/index.php?rest_route=%2Fwp%2Fv2%2Ftags&post=28007"}],"curies":[{"name":"wp","href":"https:\/\/api.w.org\/{rel}","templated":true}]}}