{"id":28062,"date":"2024-12-07T14:30:35","date_gmt":"2024-12-07T13:30:35","guid":{"rendered":"http:\/\/www.franciszek-walcz.pl\/?p=28062"},"modified":"2024-12-07T14:31:17","modified_gmt":"2024-12-07T13:31:17","slug":"niepokalanie-poczeta","status":"publish","type":"post","link":"http:\/\/www.franciszek-walcz.pl\/?p=28062","title":{"rendered":"Niepokalanie Pocz\u0119ta"},"content":{"rendered":"<p class=\"western\">Czym jest niepokalane pocz\u0119cie Maryi, kt\u00f3re dzi\u015b \u015bwi\u0119tujemy? Co ono oznacza? Oznacza, \u017ce Maryja wolna by\u0142a od grzechu pierworodnego, kt\u00f3remu podlega ka\u017cdy cz\u0142owiek. Maryja trwa\u0142a w szczeg\u00f3lnym stanie \u015bwi\u0119to\u015bci, by\u0142a \u201epe\u0142na \u0142aski\u201d, jak powiedzia\u0142 archanio\u0142 Gabriel podczas zwiastowania.<\/p>\n<p class=\"western\">Ju\u017c w IV wieku \u015bw. Augustyn z Hippony uznawa\u0142, \u017ce Matka Chrystusa by\u0142a wy\u0142\u0105czona spod wp\u0142ywu jakiegokolwiek grzechu. Dowodzi\u0142, \u017ce cho\u0107 wszyscy ludzie poddani s\u0105 grzechowi pierworodnemu, Maryja jest oczywistym wyj\u0105tkiem. Pewnie ka\u017cdy z nas \u2013 nawet je\u015bli nie zna na pami\u0119\u0107 albo sam nie \u015bpiewa\u0142 \u2013 przynajmniej s\u0142ysza\u0142\u00a0Godzinki o niepokalanym pocz\u0119ciu Naj\u015bwi\u0119tszej Maryi Panny. Ich s\u0142owa pochodz\u0105 ze \u015bredniowiecza. Zosta\u0142y zatwierdzone przez papie\u017ca Sykstusa IV w XV wieku. Cho\u0107 w\u015br\u00f3d pobo\u017cnego ludu wiara w niepokalane pocz\u0119cie by\u0142a \u017cywa, to teologowie ostro si\u0119 o to spierali. Dyskusje by\u0142y gor\u0105ce do tego stopnia, \u017ce wspomniany ju\u017c papie\u017c Sykstus IV zakaza\u0142 zwolennikom i przeciwnikom doktryny nazywa\u0107 si\u0119 wzajemnie heretykami. Ko\u015bci\u00f3\u0142 dojrzewa\u0142 powoli do prawdy o niepokalanym pocz\u0119ciu Maryi.<\/p>\n<p class=\"western\">W 1830 roku m\u0142oda francuska zakonnica Katarzyna Labour\u00e9 otrzyma\u0142a polecenie szerzenia kultu niepokalanego pocz\u0119cia Maryi w objawieniu Cudownego Medalika. Na medaliku wida\u0107 posta\u0107 Matki Bo\u017cej i napis: \u201eO Maryjo bez grzechu pocz\u0119ta, m\u00f3dl si\u0119 za nami, kt\u00f3rzy si\u0119 do Ciebie uciekamy\u201d. Matka Bo\u017ca m\u00f3wi\u0142a do siostry Katarzyny: \u201eWybijcie medal na wz\u00f3r obrazu, kt\u00f3ry ci przedstawi\u0142am. Wszyscy, kt\u00f3rzy go b\u0119d\u0105 nosi\u0107 po\u015bwi\u0119cony, otrzymaj\u0105 wiele \u0142ask, zw\u0142aszcza je\u015bli go nosi\u0107 b\u0119d\u0105 zawieszony na szyi z wiar\u0105\u201d.<\/p>\n<p class=\"western\">Katarzyna Labour\u00e9 nigdy nie chodzi\u0142a do szko\u0142y. O swoim objawieniu oraz o otrzymanym poleceniu zawiadomi\u0142a spowiednika \u2013 ojca Aladela. Ten nie chcia\u0142 sam decydowa\u0107, ale poradzi\u0142 si\u0119 arcybiskupa Pary\u017ca. Arcybiskup po zbadaniu sprawy stwierdzi\u0142, \u017ce nie widzi w tym nic, co sprzeciwia\u0142oby si\u0119 nauce katolickiej. Wybito wi\u0119c tysi\u0105c pi\u0119\u0107set pierwszych medalik\u00f3w. Ludzie otrzymywali tyle \u0142ask, nosz\u0105c ten medalik, \u017ce zacz\u0119to nazywa\u0107 go \u201eCudownym Medalikiem\u201d. W ci\u0105gu dziesi\u0119ciu lat w samym tylko Pary\u017cu wybito w r\u00f3\u017cnych wielko\u015bciach ponad sze\u015b\u0107dziesi\u0105t milion\u00f3w egzemplarzy.<\/p>\n<p class=\"western\">To objawienie mia\u0142o miejsce dwadzie\u015bcia cztery lata przed og\u0142oszeniem 8 grudnia 1854 roku przez papie\u017ca Piusa IX dogmatu o niepokalanym pocz\u0119ciu Maryi. Najpierw papie\u017c rozes\u0142a\u0142 do wszystkich biskup\u00f3w ankiet\u0119 z zapytaniem o ich opinie na temat og\u0142oszenia dogmatu o niepokalanym pocz\u0119ciu Maryi. Zdecydowana wi\u0119kszo\u015b\u0107 odpowiedzia\u0142a pozytywnie.<\/p>\n<p class=\"western\">Cztery lata p\u00f3\u017aniej Matka Bo\u017ca objawi\u0142a si\u0119 czternastoletniej Bernadetcie Soubirous [Subiru] w Lourdes. Wtedy okre\u015blenie \u201eNiepokalanie Pocz\u0119ta\u201d zosta\u0142o potwierdzone przez sam\u0105 Matk\u0119 Bo\u017c\u0105. Pi\u0119kna Pani, bo tak j\u0105 nazywa\u0142a ta biedna dziewczynka, ukaza\u0142a si\u0119 a\u017c osiemna\u015bcie razy. W szesnastym objawieniu Matka Bo\u017ca na pytanie Bernadetty, jak ma na imi\u0119, odpowiedzia\u0142a: \u201eJa jestem Niepokalane Pocz\u0119cie\u201d. Bernadetta Soubirous nie umia\u0142a czyta\u0107 ani pisa\u0107 i zupe\u0142nie nie rozumia\u0142a tych s\u0142\u00f3w. Miejscowy proboszcz by\u0142 w szoku, bo zdawa\u0142 sobie spraw\u0119, \u017ce ta prosta dziewczyna nie mog\u0142a sobie tego wymy\u015bli\u0107. Przecie\u017c nic nie wiedzia\u0142a o dogmacie og\u0142oszonym cztery lata wcze\u015bniej przez papie\u017ca.<\/p>\n<p class=\"western\">W Polsce do rozkwitu nabo\u017ce\u0144stwa do Niepokalanej przyczyni\u0142 si\u0119 ojciec Maksymilian Maria Kolbe. W\u015br\u00f3d pozosta\u0142ych po \u015bw. Maksymilianie pami\u0105tek jest te\u017c Cudowny Medalik, kt\u00f3ry nosi\u0142 przez ca\u0142e \u017cycie. Hitlerowcy zerwali mu go na Pawiaku, a potem wraz z innymi jego rzeczami odes\u0142ali do Niepokalanowa.<\/p>\n<p class=\"western\">I na koniec ciekawostka. Dzisiaj w r\u00f3\u017cnych krajach, takich jak Austria, Hiszpania, Portugalia, W\u0142ochy, \u015bwi\u0119to Niepokalanego Pocz\u0119cia Naj\u015bwi\u0119tszej Maryi Panny jest dniem wolnym od pracy. Na placu Hiszpa\u0144skim w Rzymie papie\u017c modli si\u0119 tego dnia pod pomnikiem Maryi Niepokalanie Pocz\u0119tej. Zgodnie z tradycj\u0105 figur\u0119 Maryi kwiatami dekoruje ambasada Hiszpanii.<\/p>\n<p class=\"western\">\nM\u00f3dlmy si\u0119 do Niepokalanej nie tylko dzisiaj, ale i ka\u017cdego dnia:<\/p>\n<p class=\"western\">O Maryjo bez grzechu pocz\u0119ta, m\u00f3dl si\u0119 za nami, kt\u00f3rzy si\u0119 do<br \/>\nCiebie uciekamy, i za wszystkimi, kt\u00f3rzy si\u0119 do Ciebie nie uciekaj\u0105,<br \/>\na zw\u0142aszcza za nieprzyjaci\u00f3\u0142mi Ko\u015bcio\u0142a \u015bwi\u0119tego i poleconymi Tobie.<\/p>\n<p class=\"western\">ks. Pogodny<\/p>\n","protected":false},"excerpt":{"rendered":"<p>Czym jest niepokalane pocz\u0119cie Maryi, kt\u00f3re dzi\u015b \u015bwi\u0119tujemy? Co ono oznacza? Oznacza, \u017ce Maryja wolna by\u0142a od grzechu pierworodnego, kt\u00f3remu podlega ka\u017cdy cz\u0142owiek. Maryja trwa\u0142a w szczeg\u00f3lnym stanie \u015bwi\u0119to\u015bci, by\u0142a \u201epe\u0142na \u0142aski\u201d, jak powiedzia\u0142 archanio\u0142 Gabriel podczas zwiastowania. Ju\u017c w IV wieku \u015bw. Augustyn z Hippony uznawa\u0142, \u017ce Matka Chrystusa by\u0142a wy\u0142\u0105czona spod wp\u0142ywu jakiegokolwiek grzechu. Dowodzi\u0142, \u017ce cho\u0107 wszyscy ludzie poddani s\u0105 grzechowi pierworodnemu, Maryja jest oczywistym wyj\u0105tkiem. Pewnie ka\u017cdy z nas \u2013 nawet je\u015bli nie zna na pami\u0119\u0107 albo sam nie \u015bpiewa\u0142 \u2013 przynajmniej s\u0142ysza\u0142\u00a0Godzinki o niepokalanym pocz\u0119ciu Naj\u015bwi\u0119tszej Maryi Panny. Ich s\u0142owa pochodz\u0105 ze \u015bredniowiecza. Zosta\u0142y zatwierdzone przez papie\u017ca Sykstusa IV w XV wieku. Cho\u0107 w\u015br\u00f3d pobo\u017cnego ludu wiara w niepokalane pocz\u0119cie by\u0142a \u017cywa, to teologowie ostro si\u0119 o to spierali. Dyskusje by\u0142y gor\u0105ce do tego stopnia, \u017ce wspomniany ju\u017c papie\u017c Sykstus IV zakaza\u0142 zwolennikom i przeciwnikom doktryny nazywa\u0107 si\u0119 wzajemnie heretykami. Ko\u015bci\u00f3\u0142 dojrzewa\u0142 powoli do prawdy&hellip;<\/p>\n<p> <a class=\"more-link\" href=\"http:\/\/www.franciszek-walcz.pl\/?p=28062\">Czytaj dalej<\/a><\/p>\n","protected":false},"author":1,"featured_media":0,"comment_status":"closed","ping_status":"closed","sticky":false,"template":"","format":"standard","meta":{"footnotes":""},"categories":[1],"tags":[],"class_list":{"0":"post-28062","1":"post","2":"type-post","3":"status-publish","4":"format-standard","6":"category-uncategorized"},"brizy_media":[],"_links":{"self":[{"href":"http:\/\/www.franciszek-walcz.pl\/index.php?rest_route=\/wp\/v2\/posts\/28062","targetHints":{"allow":["GET"]}}],"collection":[{"href":"http:\/\/www.franciszek-walcz.pl\/index.php?rest_route=\/wp\/v2\/posts"}],"about":[{"href":"http:\/\/www.franciszek-walcz.pl\/index.php?rest_route=\/wp\/v2\/types\/post"}],"author":[{"embeddable":true,"href":"http:\/\/www.franciszek-walcz.pl\/index.php?rest_route=\/wp\/v2\/users\/1"}],"replies":[{"embeddable":true,"href":"http:\/\/www.franciszek-walcz.pl\/index.php?rest_route=%2Fwp%2Fv2%2Fcomments&post=28062"}],"version-history":[{"count":2,"href":"http:\/\/www.franciszek-walcz.pl\/index.php?rest_route=\/wp\/v2\/posts\/28062\/revisions"}],"predecessor-version":[{"id":28064,"href":"http:\/\/www.franciszek-walcz.pl\/index.php?rest_route=\/wp\/v2\/posts\/28062\/revisions\/28064"}],"wp:attachment":[{"href":"http:\/\/www.franciszek-walcz.pl\/index.php?rest_route=%2Fwp%2Fv2%2Fmedia&parent=28062"}],"wp:term":[{"taxonomy":"category","embeddable":true,"href":"http:\/\/www.franciszek-walcz.pl\/index.php?rest_route=%2Fwp%2Fv2%2Fcategories&post=28062"},{"taxonomy":"post_tag","embeddable":true,"href":"http:\/\/www.franciszek-walcz.pl\/index.php?rest_route=%2Fwp%2Fv2%2Ftags&post=28062"}],"curies":[{"name":"wp","href":"https:\/\/api.w.org\/{rel}","templated":true}]}}