{"id":28108,"date":"2024-12-21T13:13:03","date_gmt":"2024-12-21T12:13:03","guid":{"rendered":"http:\/\/www.franciszek-walcz.pl\/?p=28108"},"modified":"2024-12-21T13:16:06","modified_gmt":"2024-12-21T12:16:06","slug":"plan-na-swieta","status":"publish","type":"post","link":"http:\/\/www.franciszek-walcz.pl\/?p=28108","title":{"rendered":"PLAN NA \u015aWI\u0118TA"},"content":{"rendered":"<p class=\"western\">MSZE \u015aW. W OKRESIE \u015aWI\u0104TECZNYM<\/p>\n<table width=\"529\" cellspacing=\"0\" cellpadding=\"7\">\n<tbody>\n<tr valign=\"top\">\n<td width=\"115\">\n<p class=\"western\">DATA<\/p>\n<\/td>\n<td width=\"219\">\n<p class=\"western\">GODZINY MSZY \u015aW.<\/p>\n<\/td>\n<td width=\"151\">\n<p class=\"western\">UWAGI<\/p>\n<\/td>\n<\/tr>\n<tr valign=\"top\">\n<td width=\"115\" height=\"28\">\n<p class=\"western\">24 XII WT.<\/p>\n<\/td>\n<td width=\"219\">\n<p class=\"western\">22.00<\/p>\n<\/td>\n<td width=\"151\">\n<p class=\"western\">PASTERKA<\/p>\n<\/td>\n<\/tr>\n<tr valign=\"top\">\n<td width=\"115\" height=\"33\">\n<p class=\"western\">25 XII SR.<\/p>\n<\/td>\n<td width=\"219\">\n<p class=\"western\">9,00 i 10,30<\/p>\n<\/td>\n<td width=\"151\">\n<p class=\"western\">Porz\u0105dek niedzielny<\/p>\n<\/td>\n<\/tr>\n<tr valign=\"top\">\n<td width=\"115\" height=\"33\">\n<p class=\"western\">26 XII Czw.<\/p>\n<\/td>\n<td width=\"219\">\n<p class=\"western\">9,00 , 10,30<\/p>\n<\/td>\n<td width=\"151\">\n<p class=\"western\">Porz\u0105dek niedzielny<\/p>\n<\/td>\n<\/tr>\n<tr valign=\"top\">\n<td width=\"115\" height=\"33\">\n<p class=\"western\">27 XII Pt<\/p>\n<\/td>\n<td width=\"219\">\n<p class=\"western\">Nie ma Mszy \u015bw.<\/p>\n<\/td>\n<td width=\"151\"><\/td>\n<\/tr>\n<tr valign=\"top\">\n<td width=\"115\" height=\"33\">\n<p class=\"western\">28 XII Sb<\/p>\n<\/td>\n<td width=\"219\">\n<p class=\"western\">17,00<\/p>\n<\/td>\n<td width=\"151\"><\/td>\n<\/tr>\n<tr valign=\"top\">\n<td width=\"115\" height=\"33\">\n<p class=\"western\">29 XII Ndz.<\/p>\n<\/td>\n<td width=\"219\">\n<p class=\"western\">9,00 , 10,30<\/p>\n<\/td>\n<td width=\"151\">\n<p class=\"western\">Porz\u0105dek niedzielny<\/p>\n<\/td>\n<\/tr>\n<tr valign=\"top\">\n<td width=\"115\" height=\"33\">\n<p class=\"western\">30 XII Pn<\/p>\n<\/td>\n<td width=\"219\">\n<p class=\"western\">Nie ma Mszy \u015bw.<\/p>\n<\/td>\n<td width=\"151\"><\/td>\n<\/tr>\n<tr valign=\"top\">\n<td width=\"115\" height=\"33\">\n<p class=\"western\">31 XII Wt.<\/p>\n<\/td>\n<td width=\"219\">\n<p class=\"western\">17,00<\/p>\n<\/td>\n<td width=\"151\">\n<p class=\"western\">Zako\u0144czenie starego roku<\/p>\n<\/td>\n<\/tr>\n<tr valign=\"top\">\n<td width=\"115\" height=\"32\">\n<p class=\"western\">01.I.2025<\/p>\n<p class=\"western\">Sr.<\/p>\n<\/td>\n<td width=\"219\">\n<p class=\"western\">10,30<\/p>\n<\/td>\n<td width=\"151\">\n<p class=\"western\">Nowy rok<\/p>\n<\/td>\n<\/tr>\n<\/tbody>\n<\/table>\n<p class=\"western\">Od 2 stycznia rozpocznie si\u0119 wizyta duszpasterska zwana KOL\u0118D\u0104. Kol\u0119da na zaproszenia<\/p>\n<p class=\"western\">Od 2 stycznia do17 stycznia Msze \u015bw. od wtorku do pi\u0105tku w\u0142\u0105cznie o godz. 9,00 .<\/p>\n<p class=\"western\">W soboty Msza \u015bw. o godz. 17,00<\/p>\n","protected":false},"excerpt":{"rendered":"<p>MSZE \u015aW. W OKRESIE \u015aWI\u0104TECZNYM DATA GODZINY MSZY \u015aW. UWAGI 24 XII WT. 22.00 PASTERKA 25 XII SR. 9,00 i 10,30 Porz\u0105dek niedzielny 26 XII Czw. 9,00 , 10,30 Porz\u0105dek niedzielny 27 XII Pt Nie ma Mszy \u015bw. 28 XII Sb 17,00 29 XII Ndz. 9,00 , 10,30 Porz\u0105dek niedzielny 30 XII Pn Nie ma Mszy \u015bw. 31 XII Wt. 17,00 Zako\u0144czenie starego roku 01.I.2025 Sr. 10,30 Nowy rok Od 2 stycznia rozpocznie si\u0119 wizyta duszpasterska zwana KOL\u0118D\u0104. Kol\u0119da na zaproszenia Od 2 stycznia do17 stycznia Msze \u015bw. od wtorku do pi\u0105tku w\u0142\u0105cznie o godz. 9,00 . W soboty Msza \u015bw. o godz. 17,00<\/p>\n","protected":false},"author":1,"featured_media":0,"comment_status":"closed","ping_status":"closed","sticky":false,"template":"","format":"standard","meta":{"footnotes":""},"categories":[1],"tags":[],"class_list":{"0":"post-28108","1":"post","2":"type-post","3":"status-publish","4":"format-standard","6":"category-uncategorized"},"brizy_media":[],"_links":{"self":[{"href":"http:\/\/www.franciszek-walcz.pl\/index.php?rest_route=\/wp\/v2\/posts\/28108","targetHints":{"allow":["GET"]}}],"collection":[{"href":"http:\/\/www.franciszek-walcz.pl\/index.php?rest_route=\/wp\/v2\/posts"}],"about":[{"href":"http:\/\/www.franciszek-walcz.pl\/index.php?rest_route=\/wp\/v2\/types\/post"}],"author":[{"embeddable":true,"href":"http:\/\/www.franciszek-walcz.pl\/index.php?rest_route=\/wp\/v2\/users\/1"}],"replies":[{"embeddable":true,"href":"http:\/\/www.franciszek-walcz.pl\/index.php?rest_route=%2Fwp%2Fv2%2Fcomments&post=28108"}],"version-history":[{"count":3,"href":"http:\/\/www.franciszek-walcz.pl\/index.php?rest_route=\/wp\/v2\/posts\/28108\/revisions"}],"predecessor-version":[{"id":28111,"href":"http:\/\/www.franciszek-walcz.pl\/index.php?rest_route=\/wp\/v2\/posts\/28108\/revisions\/28111"}],"wp:attachment":[{"href":"http:\/\/www.franciszek-walcz.pl\/index.php?rest_route=%2Fwp%2Fv2%2Fmedia&parent=28108"}],"wp:term":[{"taxonomy":"category","embeddable":true,"href":"http:\/\/www.franciszek-walcz.pl\/index.php?rest_route=%2Fwp%2Fv2%2Fcategories&post=28108"},{"taxonomy":"post_tag","embeddable":true,"href":"http:\/\/www.franciszek-walcz.pl\/index.php?rest_route=%2Fwp%2Fv2%2Ftags&post=28108"}],"curies":[{"name":"wp","href":"https:\/\/api.w.org\/{rel}","templated":true}]}}