{"id":28192,"date":"2024-12-31T11:18:26","date_gmt":"2024-12-31T10:18:26","guid":{"rendered":"http:\/\/www.franciszek-walcz.pl\/?p=28192"},"modified":"2024-12-31T11:21:13","modified_gmt":"2024-12-31T10:21:13","slug":"1-stycznia-najswietszej-maryi-panny-matki-jezusa","status":"publish","type":"post","link":"http:\/\/www.franciszek-walcz.pl\/?p=28192","title":{"rendered":"1 stycznia: Naj\u015bwi\u0119tszej Maryi Panny Matki Jezusa"},"content":{"rendered":"<p class=\"western\">Tekst Ewangelii (\u0141k\u00a02,16-21):\u00a0Udali si\u0119 te\u017c z po\u015bpiechem i znale\u017ali Maryj\u0119, J\u00f3zefa i Niemowl\u0119, le\u017c\u0105ce w \u017c\u0142obie. Gdy Je ujrzeli, opowiedzieli o tym, co im zosta\u0142o objawione o tym Dzieci\u0119ciu. A wszyscy, kt\u00f3rzy to s\u0142yszeli, dziwili si\u0119 temu, co im pasterze opowiadali. Lecz Maryja zachowywa\u0142a wszystkie te sprawy i rozwa\u017ca\u0142a je w swoim sercu. A pasterze wr\u00f3cili, wielbi\u0105c i wys\u0142awiaj\u0105c Boga za wszystko, co s\u0142yszeli i widzieli, jak im to by\u0142o powiedziane. Gdy nadszed\u0142 dzie\u0144 \u00f3smy i nale\u017ca\u0142o obrzeza\u0107 Dzieci\u0119, nadano Mu imi\u0119 Jezus, kt\u00f3rym Je nazwa\u0142 anio\u0142, zanim si\u0119 pocz\u0119\u0142o w \u0142onie [Matki].<\/p>\n<p class=\"western\"><strong>Nowy Rok<\/strong><\/p>\n<p class=\"western\">W pierwszy dzie\u0144 Nowego Roku Ko\u015bci\u00f3\u0142 przynosi nam w liturgii obraz z Betlejem. Widzimy Maryj\u0119, J\u00f3zefa, Dziecko i pasterzy. Uderza w tej scenie wielki kontrast mi\u0119dzy misterium, tajemnic\u0105 a zwyczajno\u015bci\u0105, pokor\u0105 i ub\u00f3stwem, w jakim B\u00f3g przychodzi na \u015bwiat.\u00a0Uderza te\u017c kontrast w sposobie adoracji Jezusa. Pasterze raduj\u0105 si\u0119, wielbi\u0105 Boga, dziel\u0105 si\u0119 z innymi radosn\u0105 nowin\u0105. Inaczej adoruje Maryja. W Maryi jest niezwyk\u0142y spok\u00f3j i cisza. Maryja w milczeniu rozwa\u017ca wielkie dzie\u0142a Bo\u017ce. \u015aw. \u0141ukasz pisze:\u00a0Maryja zachowywa\u0142a wszystkie te sprawy i rozwa\u017ca\u0142a je w swoim sercu.\u00a0Dos\u0142ownie mamy powiedziane (w j\u0119zyku greckim): Maryja wrzuca\u0142a wszystkie fakty, wydarzenia do swego serca.<\/p>\n<p class=\"western\">Pierwszy dzie\u0144 Nowego Roku sk\u0142ania do przyj\u0119cia tych dwu postaw. Postawy pasterzy \u2013 rado\u015bci i wdzi\u0119czno\u015bci Bogu za miniony rok, i postawy Maryi \u2013 zajrzenia w g\u0142\u0105b serca, zobaczenia, jakie fakty wydarzenia wrzucili\u015bmy do swego serca w minionym roku.<\/p>\n<p class=\"western\">W \u017cyciu wewn\u0119trznym, duchowym rz\u0105dz\u0105 inne prawa ni\u017c w \u017cyciu biologicznym. W \u017cyciu biologicznym z ka\u017cdym rokiem starzejemy si\u0119. Z ka\u017cdym rokiem zbli\u017camy si\u0119 do kresu naszego \u017cycia. Wraz z wiekiem organizm wyniszcza si\u0119, obumiera i zmierza ku \u015bmierci.<\/p>\n<p class=\"western\">W \u017cyciu duchowym jest inaczej. W \u017cyciu wewn\u0119trznym wraz z wiekiem m\u0142odniejemy, dojrzewamy do\u00a0dzieci\u0119ctwa Bo\u017cego,\u00a0stajemy si\u0119 bardziej \u015bwiadomi wielu spraw, wiele rzeczy lepiej rozumiemy, na wiele z nich inaczej patrzymy. Bardziej rozumiemy siebie i innych ludzi. Jest w nas wi\u0119cej wolno\u015bci, tolerancji wobec innych. Jeste\u015bmy bli\u017cej Boga. I mo\u017ce racj\u0119 maj\u0105 niekt\u00f3rzy mistrzowie duchowi, kt\u00f3rzy m\u00f3wi\u0105, \u017ce \u017cycie duchowe zaczyna si\u0119 dopiero po pi\u0119\u0107dziesi\u0105tce.<\/p>\n<p class=\"western\">Jaki by\u0142 miniony rok dla rozwoju naszego ducha? Niew\u0105tpliwie by\u0142o wiele dobra i mi\u0142o\u015bci, za kt\u00f3r\u0105 dzi\u0119kujemy Bogu. Ale czy stali\u015bmy si\u0119 dojrzalsi duchowo, bardziej \u015bwi\u0119ci?<\/p>\n<p class=\"western\">\u015aw. Augustyn napisa\u0142, \u017ce serce cz\u0142owieka jest niespokojne, dop\u00f3ki nie spocznie w Bogu. Gdzie by\u0142o, gdzie jest nasze serce? Czy spoczywa w Bogu? A mo\u017ce jest wewn\u0119trznie rozszczepione, podzielone mi\u0119dzy Boga i bo\u017cki? A mo\u017ce tak dog\u0142\u0119bnie nie odnalaz\u0142o jeszcze Boga?<\/p>\n<p class=\"western\"><strong>Min\u0105\u0142 rok. Czy wykorzystali\u015bmy kolejn\u0105 szans\u0119 i \u0142ask\u0119 Boga?<\/strong><\/p>\n<p class=\"western\">By\u0107 mo\u017ce stwierdzimy uczciwie, \u017ce miniony rok nie by\u0142 dla nas zbyt owocny. Mo\u017ce zawiedli\u015bmy Boga, siebie, bliskich. Mo\u017ce stracili\u015bmy kolejn\u0105 szans\u0119.<\/p>\n<p class=\"western\">Pierwszy dzie\u0144 Nowego Roku wnosi jednak now\u0105 nadziej\u0119. Wprawdzie nie jeste\u015bmy w stanie zapomnie\u0107 czy zag\u0142uszy\u0107 cierpienia, pustki czy z\u0142a, kt\u00f3re prze\u017cyli\u015bmy, ale mo\u017cemy w tym odkry\u0107 sens i warto\u015b\u0107. W \u017cyciu duchowym nie ma miejsca dla rezygnacji. Dla cz\u0142owieka, kt\u00f3ry zmierza do Boga \u017caden czas nie jest stracony. Nawet czas, po ludzku, najbardziej bezsensowny mo\u017ce by\u0107 najdojrzalszy i prowadzi\u0107 do g\u0142\u0119bokiej przemiany.<\/p>\n<p class=\"western\">Na pocz\u0105tku roku wielu z nas zadaje sobie r\u00f3wnie\u017c pytanie: jaki b\u0119dzie Nowy Rok? Co wydarzy si\u0119 w naszym \u017cyciu, w \u015bwiecie?<\/p>\n<p class=\"western\">Na to pytanie trudno do ko\u0144ca odpowiedzie\u0107. B\u0119dzie wiele wydarze\u0144, kt\u00f3re nie zale\u017c\u0105 od nas, na kt\u00f3re nie mamy wp\u0142ywu, kt\u00f3rych nie mo\u017cemy zaplanowa\u0107. Ale b\u0119d\u0105 te\u017c wydarzenia, kt\u00f3re zale\u017c\u0105 od nas, od naszej uczciwo\u015bci, szczero\u015bci, wierno\u015bci czy ofiarno\u015bci.<\/p>\n<p class=\"western\">Nowy Rok mo\u017ce by\u0107\u00a0wyblak\u0142\u0105 kopi\u0105\u00a0poprzedniego roku. Mo\u017ce jednak by\u0107 rzeczywi\u015bcie\u00a0nowy.\u00a0To znaczy wype\u0142niony nasz\u0105 odpowiedzialno\u015bci\u0105 i czynn\u0105 obecno\u015bci\u0105. Rok, kt\u00f3ry zostawi \u015blad \u2013 nasz \u015blad.<\/p>\n<p class=\"western\">W ten Nowy Rok we\u017amy w nasze r\u0119ce kalendarz. Dotknijmy r\u0119k\u0105 poszczeg\u00f3lnych kartek z uczuciem czci. I u\u015bwiadommy sobie, \u017ce z ka\u017cd\u0105 z tych kartek zwi\u0105zane s\u0105 r\u00f3\u017cne nadzieje. Przede wszystkim Pana Boga. Ka\u017cdy dzie\u0144 jest wyrazem nadziei, kt\u00f3r\u0105 B\u00f3g pok\u0142ada w nas. Ale tak\u017ce nadzieje innych wobec nas. Inni oczekuj\u0105 od nas dobra, serca. I wreszcie nadzieje nasze, osobiste.<\/p>\n<p class=\"western\">Dzi\u015b, w pierwszy dzie\u0144 roku oddajemy cze\u015b\u0107 Maryi, Bo\u017cej Rodzicielce. Maryja chce nam towarzyszy\u0107 na \u015bcie\u017ckach nowego roku. Idzie z nami, albo mo\u017ce poprzedza nas w naszej w\u0119dr\u00f3wce.<\/p>\n<p class=\"western\">Wchodz\u0105c w Nowy Rok zabierzmy z sob\u0105 ten obraz Bo\u017cej Rodzicielki Maryi pochylonej nad Dzieckiem, kontempluj\u0105cej i rozwa\u017caj\u0105cej tajemnic\u0119 S\u0142owa \u2013 tajemnic\u0119 Boga. Niech ten obraz towarzyszy naszemu \u017cyciu, niech wnosi w nasze \u017cycie pok\u00f3j i nadziej\u0119.<\/p>\n","protected":false},"excerpt":{"rendered":"<p>Tekst Ewangelii (\u0141k\u00a02,16-21):\u00a0Udali si\u0119 te\u017c z po\u015bpiechem i znale\u017ali Maryj\u0119, J\u00f3zefa i Niemowl\u0119, le\u017c\u0105ce w \u017c\u0142obie. Gdy Je ujrzeli, opowiedzieli o tym, co im zosta\u0142o objawione o tym Dzieci\u0119ciu. A wszyscy, kt\u00f3rzy to s\u0142yszeli, dziwili si\u0119 temu, co im pasterze opowiadali. Lecz Maryja zachowywa\u0142a wszystkie te sprawy i rozwa\u017ca\u0142a je w swoim sercu. A pasterze wr\u00f3cili, wielbi\u0105c i wys\u0142awiaj\u0105c Boga za wszystko, co s\u0142yszeli i widzieli, jak im to by\u0142o powiedziane. Gdy nadszed\u0142 dzie\u0144 \u00f3smy i nale\u017ca\u0142o obrzeza\u0107 Dzieci\u0119, nadano Mu imi\u0119 Jezus, kt\u00f3rym Je nazwa\u0142 anio\u0142, zanim si\u0119 pocz\u0119\u0142o w \u0142onie [Matki]. Nowy Rok W pierwszy dzie\u0144 Nowego Roku Ko\u015bci\u00f3\u0142 przynosi nam w liturgii obraz z Betlejem. Widzimy Maryj\u0119, J\u00f3zefa, Dziecko i pasterzy. Uderza w tej scenie wielki kontrast mi\u0119dzy misterium, tajemnic\u0105 a zwyczajno\u015bci\u0105, pokor\u0105 i ub\u00f3stwem, w jakim B\u00f3g przychodzi na \u015bwiat.\u00a0Uderza te\u017c kontrast w sposobie adoracji Jezusa. Pasterze raduj\u0105 si\u0119, wielbi\u0105 Boga, dziel\u0105 si\u0119 z innymi radosn\u0105&hellip;<\/p>\n<p> <a class=\"more-link\" href=\"http:\/\/www.franciszek-walcz.pl\/?p=28192\">Czytaj dalej<\/a><\/p>\n","protected":false},"author":1,"featured_media":0,"comment_status":"closed","ping_status":"closed","sticky":false,"template":"","format":"standard","meta":{"footnotes":""},"categories":[5],"tags":[],"class_list":{"0":"post-28192","1":"post","2":"type-post","3":"status-publish","4":"format-standard","6":"category-artykuly"},"brizy_media":[],"_links":{"self":[{"href":"http:\/\/www.franciszek-walcz.pl\/index.php?rest_route=\/wp\/v2\/posts\/28192","targetHints":{"allow":["GET"]}}],"collection":[{"href":"http:\/\/www.franciszek-walcz.pl\/index.php?rest_route=\/wp\/v2\/posts"}],"about":[{"href":"http:\/\/www.franciszek-walcz.pl\/index.php?rest_route=\/wp\/v2\/types\/post"}],"author":[{"embeddable":true,"href":"http:\/\/www.franciszek-walcz.pl\/index.php?rest_route=\/wp\/v2\/users\/1"}],"replies":[{"embeddable":true,"href":"http:\/\/www.franciszek-walcz.pl\/index.php?rest_route=%2Fwp%2Fv2%2Fcomments&post=28192"}],"version-history":[{"count":1,"href":"http:\/\/www.franciszek-walcz.pl\/index.php?rest_route=\/wp\/v2\/posts\/28192\/revisions"}],"predecessor-version":[{"id":28193,"href":"http:\/\/www.franciszek-walcz.pl\/index.php?rest_route=\/wp\/v2\/posts\/28192\/revisions\/28193"}],"wp:attachment":[{"href":"http:\/\/www.franciszek-walcz.pl\/index.php?rest_route=%2Fwp%2Fv2%2Fmedia&parent=28192"}],"wp:term":[{"taxonomy":"category","embeddable":true,"href":"http:\/\/www.franciszek-walcz.pl\/index.php?rest_route=%2Fwp%2Fv2%2Fcategories&post=28192"},{"taxonomy":"post_tag","embeddable":true,"href":"http:\/\/www.franciszek-walcz.pl\/index.php?rest_route=%2Fwp%2Fv2%2Ftags&post=28192"}],"curies":[{"name":"wp","href":"https:\/\/api.w.org\/{rel}","templated":true}]}}