{"id":28217,"date":"2025-01-11T11:44:37","date_gmt":"2025-01-11T10:44:37","guid":{"rendered":"http:\/\/www.franciszek-walcz.pl\/?p=28217"},"modified":"2025-01-11T11:44:37","modified_gmt":"2025-01-11T10:44:37","slug":"chrzest-pana-jezusa","status":"publish","type":"post","link":"http:\/\/www.franciszek-walcz.pl\/?p=28217","title":{"rendered":"Chrzest Pana Jezusa"},"content":{"rendered":"<p class=\"western\">Tekst Ewangelii (\u0141k\u00a03,15-16.21-22):\u00a0Gdy wi\u0119c lud oczekiwa\u0142 z napi\u0119ciem i wszyscy snuli domys\u0142y w sercach co do Jana, czy nie jest Mesjaszem, on tak przem\u00f3wi\u0142 do wszystkich: \u00abJa was chrzcz\u0119 wod\u0105; lecz idzie mocniejszy ode mnie, kt\u00f3remu nie jestem godzien rozwi\u0105za\u0107 rzemyka u sanda\u0142\u00f3w. On chrzci\u0107 was b\u0119dzie Duchem \u015awi\u0119tym i ogniem\u00bb.<\/p>\n<p>Kiedy ca\u0142y lud przyst\u0119powa\u0142 do chrztu, Jezus tak\u017ce przyj\u0105\u0142 chrzest. A gdy si\u0119 modli\u0142, otworzy\u0142o si\u0119 niebo i Duch \u015awi\u0119ty zst\u0105pi\u0142 na Niego, w postaci cielesnej niby go\u0142\u0119bica, a z nieba odezwa\u0142 si\u0119 g\u0142os: \u00abTy\u015b jest m\u00f3j Syn umi\u0142owany, w Tobie mam upodobanie\u00bb.<\/p>\n<p class=\"western\"><strong>Skromno\u015b\u0107 i wielko\u015b\u0107 chrztu<\/strong><\/p>\n<p class=\"western\">Po niedawno prze\u017cywanej przez nas uroczysto\u015bci Trzech Kr\u00f3li, mamy dzisiaj kolejne Objawienie Pa\u0144skie, kt\u00f3re rozgrywa si\u0119 nad Jordanem podczas chrztu Jezusa.<\/p>\n<p class=\"western\">Scena chrztu z dzisiejszej Ewangelii podkre\u015bla mocno fakt, \u017ce Jezus w pos\u0142ug\u0119 swojej znacz\u0105cej misji, wchodzi w spos\u00f3b skromny, nieznany, anonimowy.<br \/>\n\u015aw. \u0141ukasz ju\u017c na pocz\u0105tku ewangelicznego opisu zauwa\u017ca, \u017ce t\u0142um oczekiwa\u0142 z napi\u0119ciem. Kogo i czego oczekiwa\u0142? Odpowied\u017a pada w tym samym zdaniu. Wiemy, \u017ce Mesjasza. Czyli lud oczekiwa\u0142 Tego, kt\u00f3ry zgodnie z \u017cydowsk\u0105 tradycj\u0105 mia\u0142 przyj\u015b\u0107 w chwale, aby zapocz\u0105tkowa\u0107 kr\u00f3lestwo Bo\u017ce na ziemi. Ka\u017cdy Izraelita w tym czasie \u017cy\u0142 oczekiwaniem na Mesjasza.<\/p>\n<p class=\"western\">Postawa oczekiwania na Mesjasza jest i dla nas szczeg\u00f3lnie potrzebna, zw\u0142aszcza w ko\u0144cz\u0105cym si\u0119 okresie Bo\u017cego Narodzenia w Ko\u015bciele.<\/p>\n<p class=\"western\">Przyj\u0119cie postawy cz\u0142owieka oczekuj\u0105cego nie zaw\u0119\u017ca si\u0119 do paru dni, czy tygodni w roku. Jest \u015bci\u015ble Ewangeliczne. Uczy nas nieustannego porz\u0105dkowania naszego \u017cycia, by umie\u0107 dostrzec to, co jest najwa\u017cniejsze i odrzuci\u0107 to, co jest ma\u0142ostkowe. Trzeba zauwa\u017cy\u0107, \u017ce my bardziej oczekujemy na spe\u0142nienie obietnic politycznych, na przeceny produkt\u00f3w w sklepach, a tak znikomo wi\u0105\u017cemy nasze \u017cycie z dzia\u0142aniem Jezusa w Ko\u015bciele oraz w naszym osobistym \u017cyciu.<\/p>\n<p class=\"western\">Jak poucza nas dzisiejsza Ewangelia, nasze oczekiwania mo\u017cemy wi\u0105za\u0107 nie z Tym, kt\u00f3rego wypatrujemy. W \u015bwiecie pe\u0142nym chaosu bardzo \u0142atwo pob\u0142\u0105dzi\u0107 w tym oczekiwaniu na Najwa\u017cniejszego. \u015aw. Jan uczy nas stawa\u0107 w ca\u0142kowitej prawdzie. On sam prostuje my\u015bli i oczekiwania co do Jego osoby, zebranym nad Jordanem Izraelitom. My natomiast powinni\u015bmy szczerze prostowa\u0107 oczekiwania co do naszych os\u00f3b lub b\u0142\u0119dnych dr\u00f3g wybieranych przez tych, kt\u00f3rzy \u017cyj\u0105 obok nas w wielkim w tym wzgl\u0119dzie zamieszaniu. Nie powinni\u015bmy korzysta\u0107 z fa\u0142szywego rozeznania innych, kt\u00f3rzy czasami b\u0142\u0119dnie oceniaj\u0105 nasze mo\u017cliwo\u015bci, a my b\u0142\u0119dnie chcemy ten stan rzeczy utrzyma\u0107, wykorzysta\u0107 do w\u0142asnych potrzeb. Nie powinni\u015bmy we w\u0142asnych oczach, jak r\u00f3wnie\u017c innych os\u00f3b stawa\u0107 si\u0119 kim\u015b innym, ni\u017c rzeczywi\u015bcie jeste\u015bmy.<\/p>\n<p class=\"western\">Tak wiele, w tym wzgl\u0119dzie, mo\u017cemy uczy\u0107 si\u0119 od samego Jezusa. On wchodzi w zwyk\u0142e ludzi \u00f3wczesnych \u017cycie, staje po\u015br\u00f3d nich nie narzucaj\u0105c si\u0119 niczym, niemal potajemnie. Jest po\u015br\u00f3d s\u0142abych, grzesznych, tych, kt\u00f3rzy w tej spo\u0142eczno\u015bci ma\u0142o albo w og\u00f3le si\u0119 nie licz\u0105. Boga nie nale\u017cy si\u0119 l\u0119ka\u0107. On pragnie blisko\u015bci z ka\u017cdym, nawet pogubionym, a to jest nies\u0142ychan\u0105 prawd\u0105. Jezus zabiega, by Jego objawienie zosta\u0142o przyj\u0119te z wiar\u0105 i uwielbieniem, a do tego potrzeba spojrzenia g\u0142\u0119bszego, kt\u00f3re cz\u0119sto widzi ponad to, co jest zewn\u0119trzne. Czy my w swoim \u017cyciu wobec innych takimi jeste\u015bmy i czy tak w swojej codzienno\u015bci odkrywamy objawiaj\u0105cego si\u0119 Jezusa? Uzna\u0107, \u017ce Chrystus &#8211; w ukryciu codziennego \u017cycia, w zwyk\u0142ych codziennych szatach, w nie narzucaj\u0105cej si\u0119 postaci &#8211; jest jedynym i oczekiwanym Mesjaszem, to wielkie wyzwanie wiary.<\/p>\n<p class=\"western\">Warto zwr\u00f3ci\u0107 uwag\u0119 na symbole, jakie uwydatni\u0142 w tej scenie chrztu \u015bw. \u0141ukasz.<\/p>\n<p class=\"western\">Pierwszy znak, to \u201erozdarte&#8221; niebo. Niebo, po grzechu pierworodnym, zosta\u0142o jakby zamkni\u0119te i teraz przychodzi moment, gdy wraz z chrztem Jezusa ono na nowo si\u0119 otwiera. Jednym s\u0142owem sko\u0144czy\u0142 si\u0119 czas nieprzyja\u017ani, mur zbudowany przez ludzki grzech pomi\u0119dzy niebem i ziemi\u0105 zosta\u0142 skutecznie usuni\u0119ty.<\/p>\n<p class=\"western\">Drugi znak, to g\u0142os. Nie tylko znikn\u0105\u0142 mur oddzielaj\u0105cy niebo z ziemi\u0105, ale nast\u0105pi\u0142 nowy dialog Boga z cz\u0142owiekiem. Mo\u017cemy na w\u0142asne uszy us\u0142ysze\u0107 to, co B\u00f3g kieruje w swoim przes\u0142aniu do ka\u017cdego z nas. B\u00f3g przerywa milczenie, wi\u0119c nie mo\u017cemy si\u0119 t\u0142umaczy\u0107, \u017ce czego\u015b nie s\u0142ysza\u0142em(\u0142am).<br \/>\nTrzeci znak, to zes\u0142anie Ducha. Powraca Duch, kt\u00f3ry na pocz\u0105tku stworzenia unosi\u0142 si\u0119 nad wodami. To ten Duch wyprowadza\u0142 wszystko i porz\u0105dkowa\u0142 z chaosu. Moment chrztu Jezusa, to ponowne potwierdzenie, \u017ce nast\u0119puje Bo\u017ce porz\u0105dkowanie i ju\u017c nie b\u0119dzie chaosu.<\/p>\n<p class=\"western\">\u015awi\u0119to chrztu Jezusa daje ka\u017cdemu z nas sposobno\u015b\u0107, by wr\u00f3ci\u0107, ju\u017c \u015bwiadomie, do wydarzenia w\u0142asnego chrztu. To my powinni\u015bmy swoim \u017cyciem umie\u0107 za\u015bwiadcza\u0107, \u017ce niebo otworzy\u0142o si\u0119 nad nami, \u017ce g\u0142os Boga nieustannie brzmi w naszych uszach, a dzi\u0119ki Duchowi porz\u0105dkujemy to, co z\u0142y pr\u00f3buje w nas przemyci\u0107 jako nieporz\u0105dek.<\/p>\n<p class=\"western\">\u00a0ks. Leszek Skali\u0144ski SDS<\/p>\n","protected":false},"excerpt":{"rendered":"<p>Tekst Ewangelii (\u0141k\u00a03,15-16.21-22):\u00a0Gdy wi\u0119c lud oczekiwa\u0142 z napi\u0119ciem i wszyscy snuli domys\u0142y w sercach co do Jana, czy nie jest Mesjaszem, on tak przem\u00f3wi\u0142 do wszystkich: \u00abJa was chrzcz\u0119 wod\u0105; lecz idzie mocniejszy ode mnie, kt\u00f3remu nie jestem godzien rozwi\u0105za\u0107 rzemyka u sanda\u0142\u00f3w. On chrzci\u0107 was b\u0119dzie Duchem \u015awi\u0119tym i ogniem\u00bb. Kiedy ca\u0142y lud przyst\u0119powa\u0142 do chrztu, Jezus tak\u017ce przyj\u0105\u0142 chrzest. A gdy si\u0119 modli\u0142, otworzy\u0142o si\u0119 niebo i Duch \u015awi\u0119ty zst\u0105pi\u0142 na Niego, w postaci cielesnej niby go\u0142\u0119bica, a z nieba odezwa\u0142 si\u0119 g\u0142os: \u00abTy\u015b jest m\u00f3j Syn umi\u0142owany, w Tobie mam upodobanie\u00bb. Skromno\u015b\u0107 i wielko\u015b\u0107 chrztu Po niedawno prze\u017cywanej przez nas uroczysto\u015bci Trzech Kr\u00f3li, mamy dzisiaj kolejne Objawienie Pa\u0144skie, kt\u00f3re rozgrywa si\u0119 nad Jordanem podczas chrztu Jezusa. Scena chrztu z dzisiejszej Ewangelii podkre\u015bla mocno fakt, \u017ce Jezus w pos\u0142ug\u0119 swojej znacz\u0105cej misji, wchodzi w spos\u00f3b skromny, nieznany, anonimowy. \u015aw. \u0141ukasz ju\u017c na pocz\u0105tku ewangelicznego opisu zauwa\u017ca, \u017ce t\u0142um&hellip;<\/p>\n<p> <a class=\"more-link\" href=\"http:\/\/www.franciszek-walcz.pl\/?p=28217\">Czytaj dalej<\/a><\/p>\n","protected":false},"author":1,"featured_media":0,"comment_status":"closed","ping_status":"closed","sticky":false,"template":"","format":"standard","meta":{"footnotes":""},"categories":[5],"tags":[],"class_list":{"0":"post-28217","1":"post","2":"type-post","3":"status-publish","4":"format-standard","6":"category-artykuly"},"brizy_media":[],"_links":{"self":[{"href":"http:\/\/www.franciszek-walcz.pl\/index.php?rest_route=\/wp\/v2\/posts\/28217","targetHints":{"allow":["GET"]}}],"collection":[{"href":"http:\/\/www.franciszek-walcz.pl\/index.php?rest_route=\/wp\/v2\/posts"}],"about":[{"href":"http:\/\/www.franciszek-walcz.pl\/index.php?rest_route=\/wp\/v2\/types\/post"}],"author":[{"embeddable":true,"href":"http:\/\/www.franciszek-walcz.pl\/index.php?rest_route=\/wp\/v2\/users\/1"}],"replies":[{"embeddable":true,"href":"http:\/\/www.franciszek-walcz.pl\/index.php?rest_route=%2Fwp%2Fv2%2Fcomments&post=28217"}],"version-history":[{"count":1,"href":"http:\/\/www.franciszek-walcz.pl\/index.php?rest_route=\/wp\/v2\/posts\/28217\/revisions"}],"predecessor-version":[{"id":28218,"href":"http:\/\/www.franciszek-walcz.pl\/index.php?rest_route=\/wp\/v2\/posts\/28217\/revisions\/28218"}],"wp:attachment":[{"href":"http:\/\/www.franciszek-walcz.pl\/index.php?rest_route=%2Fwp%2Fv2%2Fmedia&parent=28217"}],"wp:term":[{"taxonomy":"category","embeddable":true,"href":"http:\/\/www.franciszek-walcz.pl\/index.php?rest_route=%2Fwp%2Fv2%2Fcategories&post=28217"},{"taxonomy":"post_tag","embeddable":true,"href":"http:\/\/www.franciszek-walcz.pl\/index.php?rest_route=%2Fwp%2Fv2%2Ftags&post=28217"}],"curies":[{"name":"wp","href":"https:\/\/api.w.org\/{rel}","templated":true}]}}